{"id":28462,"date":"2023-03-08T14:48:28","date_gmt":"2023-03-08T12:48:28","guid":{"rendered":"https:\/\/turysta2.pttk.pl\/?p=28462"},"modified":"2023-03-08T14:51:45","modified_gmt":"2023-03-08T12:51:45","slug":"spacer-wokol-celbowa","status":"publish","type":"post","link":"https:\/\/turysta2.pttk.pl\/?p=28462","title":{"rendered":"Spacer wok\u00f3\u0142 Celbowa"},"content":{"rendered":"<p><strong>Id\u0105c czarnym szlakiem Grot Mechowskich od strony Pucka, dotar\u0142em do miejscowo\u015bci Celbowo. Jest to ma\u0142a osada kaszubska, po\u0142o\u017cona w wojew\u00f3dztwie pomorskim, na K\u0119pie Puckiej. Le\u017cy przy drodze wojew\u00f3dzkiej 216 z Redy do Pucka<\/strong>.<\/p>\n<p>Historia Celbowa zwi\u0105zana jest z rozwojem pa\u0144stwa krzy\u017cackiego na tych terenach. Pierwsza pisemna wzmianka pochodzi z 1298 roku. Nazwa pochodzi od imion s\u0142owia\u0144skich: \u017beli i Bor (co oznacza\u0142o \u201epragn\u0105\u0107\u201d i \u201ewalczy\u0107\u201d). Ju\u017c w 1394 roku komtur gda\u0144ski, Jan Rumpenheim, nada\u0142 wsi prawa che\u0142mi\u0144skie. Miejscowo\u015b\u0107 zosta\u0142a wpisana do rejestru d\u00f3br zakonu i figurowa\u0142a tam do 1454 roku. W\u00f3wczas zosta\u0142a wsi\u0105 kr\u00f3lewsk\u0105.<\/p>\n<p>W czasach przedpruskich Celbowo wchodzi\u0142o w sk\u0142ad kompleksu d\u00f3br rzucewsko-wejherowskich. Wioska i dobra ziemskie zmienia\u0142y dzier\u017cawc\u00f3w i w\u0142a\u015bcicieli (nale\u017ca\u0142y do rodziny Wejher\u00f3w, Sobieskich, Przebendowskich). W 1823 roku przesz\u0142y w r\u0119ce rodu von Rodenacker\u00f3w. W\u0142a\u015bciciele ci prowadzili znany browar Alte Danziger Brauerei w Gda\u0144sku, znany z tzw. piwa jopejskiego. W czasie silnej germanizacji tych ziem miejscowo\u015b\u0107 nosi\u0142a nazw\u0119 Celbau.<\/p>\n<p>W Celbowie znajduje si\u0119 pa\u0142acyk wraz z budynkami folwarcznymi zbudowanymi w stylu neogotyckim przez Heinricha Alexandra Rodenackera (1835\u20131882). Pa\u0142ac na parterze mia\u0142 cztery pokoje i \u015bwietlic\u0119. Na pi\u0119trze wydzielono pokoje go\u015bcinne, natomiast s\u0142u\u017cba spa\u0142a w okresie przedwojennym w piwnicy. W II po\u0142owie XIX wieku i na pocz\u0105tku XX wieku przy pa\u0142acu powsta\u0142 nowoczesny folwark, w kt\u00f3rego sk\u0142ad wchodzi\u0142y budynki gospodarcze, dom rz\u0105dcy i czworaki dla pracownik\u00f3w oraz ku\u017ania i wie\u017ca ci\u015bnie\u0144. Wi\u0119kszo\u015b\u0107 zabudowa\u0144 przetrwa\u0142a do dzi\u015b. Obiekty te zachowa\u0142y si\u0119 wraz z charakterystycznymi wie\u017cami, w tym zegarow\u0105. Na budynkach folwarku pozostawiono widoczne ceramiczne medaliony z wizualizacj\u0105 rolnictwa, p\u0142od\u00f3w rolnych czy my\u015blistwa. W\u0142a\u015bciciel m\u00f3g\u0142 obserwowa\u0107 z okien budynk\u00f3w gospodarczych prac\u0119 robotnik\u00f3w. W szczytowym okresie 14 fornali mia\u0142o pod opiek\u0105 60 koni. Magazyn zosta\u0142 wybudowany w roku 1894 na \u015brodku podw\u00f3rza, co zapewnia\u0142o swobodny dost\u0119p do niego ze wszystkich stron. Dalej, wzd\u0142u\u017c drogi do Celb\u00f3wka i Pucka, ulokowano budynek chlewni i owczarni. Rodenackerowie mieli oko\u0142o 800 owiec i 60 \u015bwi\u0144. Za stodo\u0142\u0105 znajdowa\u0142a si\u0119 obora, kt\u00f3ra mog\u0142a pomie\u015bci\u0107 nawet 100 kr\u00f3w, a za ni\u0105 mie\u015bci\u0142 si\u0119 widoczny z daleka budynek wie\u017cy ci\u015bnie\u0144 z 1912 roku, z g\u00f3ruj\u0105cym nad okolic\u0105 wiatrakiem. Wie\u017ca s\u0142u\u017cy\u0142a do gromadzenia i rozprowadzania wody, a obracaj\u0105ce si\u0119 skrzyd\u0142a wiatraka uruchamia\u0142y znajduj\u0105c\u0105 si\u0119 wewn\u0105trz pomp\u0119.<\/p>\n<p>Ostatnim prywatnym w\u0142a\u015bcicielem Celbowa by\u0142 Fritz Alexander Rodenacker (1872\u20131945). Od 1919 roku Puck i Celbowo znalaz\u0142y si\u0119 w granicach polskich.<\/p>\n<p>Id\u0119 dalej\u2026<\/p>\n<p>Kieruj\u0105c si\u0119 drog\u0105 za pa\u0142acem, maszeruj\u0119 alej\u0105 w\u015br\u00f3d drzew, gdzie dostrzegam m.in. kasztan jadalny. To rzadki gatunek w naszych warunkach klimatycznych. Okaza\u0142e drzewo, o obwodzie 6 metr\u00f3w i wysoko\u015bci oko\u0142o 28 metr\u00f3w, ma pono\u0107 ponad 220 lat.<\/p>\n<p>W zaro\u015blach dostrzegam groby. Jest to miejsce spoczynku trzech cz\u0142onk\u00f3w rodziny Rodenacker\u00f3w, m.in. obelisk Ericha Rodenackera, kt\u00f3ry zgin\u0105\u0142 podczas I wojny \u015bwiatowej w 1914 roku. W pobli\u017cu widz\u0119 blat kamiennego sto\u0142u pochodz\u0105cy z okresu wczesnego osadnictwa Celbowa.<\/p>\n<p>Po II wojnie \u015bwiatowej w pa\u0142acyku w Celbowie znajdowa\u0142 si\u0119 PGR, Stacja Hodowli Ro\u015blin, a obecnie mie\u015bci si\u0119 Pomorsko-Mazurska Hodowla Ziemniaka (obiekt nie jest udost\u0119pniony do zwiedzania).<\/p>\n<p>Id\u0119 dalej<\/p>\n<p><strong>Zbigniew Sutkowski<\/strong><\/p>\n<p>Instruktor krajoznawstwa regionu, cz\u0142onek klubu turystyki pieszej \u2013 Oddzia\u0142 PTTK Marynarki Wojennej w Gdyni.<\/p>\n<p><strong>Podpisy pod zdj\u0119cia<\/strong><\/p>\n<ol>\n<li>Pa\u0142acyk w Celbowie<\/li>\n<li>Tablica z opisem historii pa\u0142acu, jej mieszka\u0144c\u00f3w i okolic<\/li>\n<li>Blat kamienny sto\u0142u pochodz\u0105cy z okresu wczesnego osadnictwa<\/li>\n<li>Celbowo znajduje si\u0119 w okolicy Puszczy Dar\u017clubskiej, kompleksu le\u015bnego o powierzchni ponad 15 tys. ha<\/li>\n<li>Miejsce, gdzie zosta\u0142 pochowany w 1914 roku Erich Rodenacker<\/li>\n<\/ol>\n<p>&nbsp;<\/p>\n<p><strong><a href=\"https:\/\/turysta2.pttk.pl\/wp-content\/uploads\/2023\/03\/1.-Palacyk-w-Celbowie-fot.-Zbigniew-Sutkowski-AJ.jpg\"><img loading=\"lazy\" decoding=\"async\" class=\"alignnone size-medium wp-image-28466\" src=\"https:\/\/turysta2.pttk.pl\/wp-content\/uploads\/2023\/03\/1.-Palacyk-w-Celbowie-fot.-Zbigniew-Sutkowski-AJ-300x211.jpg\" alt=\"\" width=\"300\" height=\"211\" srcset=\"https:\/\/turysta2.pttk.pl\/wp-content\/uploads\/2023\/03\/1.-Palacyk-w-Celbowie-fot.-Zbigniew-Sutkowski-AJ-300x211.jpg 300w, https:\/\/turysta2.pttk.pl\/wp-content\/uploads\/2023\/03\/1.-Palacyk-w-Celbowie-fot.-Zbigniew-Sutkowski-AJ-1024x721.jpg 1024w, https:\/\/turysta2.pttk.pl\/wp-content\/uploads\/2023\/03\/1.-Palacyk-w-Celbowie-fot.-Zbigniew-Sutkowski-AJ-768x540.jpg 768w, https:\/\/turysta2.pttk.pl\/wp-content\/uploads\/2023\/03\/1.-Palacyk-w-Celbowie-fot.-Zbigniew-Sutkowski-AJ-1536x1081.jpg 1536w, https:\/\/turysta2.pttk.pl\/wp-content\/uploads\/2023\/03\/1.-Palacyk-w-Celbowie-fot.-Zbigniew-Sutkowski-AJ-2048x1441.jpg 2048w\" sizes=\"auto, (max-width: 300px) 100vw, 300px\" \/><\/a> <a href=\"https:\/\/turysta2.pttk.pl\/wp-content\/uploads\/2023\/03\/3.-Blat-kamienny-stolu-pochodzacy-z-okresu-wczesnego-osadnictwa-fot.-Zbigniew-Sutkowski-AJ.jpg\"><img loading=\"lazy\" decoding=\"async\" class=\"alignnone size-medium wp-image-28467\" src=\"https:\/\/turysta2.pttk.pl\/wp-content\/uploads\/2023\/03\/3.-Blat-kamienny-stolu-pochodzacy-z-okresu-wczesnego-osadnictwa-fot.-Zbigniew-Sutkowski-AJ-241x300.jpg\" alt=\"\" width=\"241\" height=\"300\" srcset=\"https:\/\/turysta2.pttk.pl\/wp-content\/uploads\/2023\/03\/3.-Blat-kamienny-stolu-pochodzacy-z-okresu-wczesnego-osadnictwa-fot.-Zbigniew-Sutkowski-AJ-241x300.jpg 241w, https:\/\/turysta2.pttk.pl\/wp-content\/uploads\/2023\/03\/3.-Blat-kamienny-stolu-pochodzacy-z-okresu-wczesnego-osadnictwa-fot.-Zbigniew-Sutkowski-AJ-823x1024.jpg 823w, https:\/\/turysta2.pttk.pl\/wp-content\/uploads\/2023\/03\/3.-Blat-kamienny-stolu-pochodzacy-z-okresu-wczesnego-osadnictwa-fot.-Zbigniew-Sutkowski-AJ-768x956.jpg 768w, https:\/\/turysta2.pttk.pl\/wp-content\/uploads\/2023\/03\/3.-Blat-kamienny-stolu-pochodzacy-z-okresu-wczesnego-osadnictwa-fot.-Zbigniew-Sutkowski-AJ-1234x1536.jpg 1234w, https:\/\/turysta2.pttk.pl\/wp-content\/uploads\/2023\/03\/3.-Blat-kamienny-stolu-pochodzacy-z-okresu-wczesnego-osadnictwa-fot.-Zbigniew-Sutkowski-AJ-1646x2048.jpg 1646w, https:\/\/turysta2.pttk.pl\/wp-content\/uploads\/2023\/03\/3.-Blat-kamienny-stolu-pochodzacy-z-okresu-wczesnego-osadnictwa-fot.-Zbigniew-Sutkowski-AJ.jpg 1736w\" sizes=\"auto, (max-width: 241px) 100vw, 241px\" \/><\/a> <a href=\"https:\/\/turysta2.pttk.pl\/wp-content\/uploads\/2023\/03\/4.-Celbowo-znajduje-sie-w-okolicy-puszczy-Darzlubskiej-kompleksu-lesnego-o-powierzchni-ponad-15-tys.-ha-fot.-Zbigniew-Sutkowski-AJ.jpg\"><img loading=\"lazy\" decoding=\"async\" class=\"alignnone size-medium wp-image-28468\" src=\"https:\/\/turysta2.pttk.pl\/wp-content\/uploads\/2023\/03\/4.-Celbowo-znajduje-sie-w-okolicy-puszczy-Darzlubskiej-kompleksu-lesnego-o-powierzchni-ponad-15-tys.-ha-fot.-Zbigniew-Sutkowski-AJ-300x200.jpg\" alt=\"\" width=\"300\" height=\"200\" srcset=\"https:\/\/turysta2.pttk.pl\/wp-content\/uploads\/2023\/03\/4.-Celbowo-znajduje-sie-w-okolicy-puszczy-Darzlubskiej-kompleksu-lesnego-o-powierzchni-ponad-15-tys.-ha-fot.-Zbigniew-Sutkowski-AJ-300x200.jpg 300w, https:\/\/turysta2.pttk.pl\/wp-content\/uploads\/2023\/03\/4.-Celbowo-znajduje-sie-w-okolicy-puszczy-Darzlubskiej-kompleksu-lesnego-o-powierzchni-ponad-15-tys.-ha-fot.-Zbigniew-Sutkowski-AJ-1024x683.jpg 1024w, https:\/\/turysta2.pttk.pl\/wp-content\/uploads\/2023\/03\/4.-Celbowo-znajduje-sie-w-okolicy-puszczy-Darzlubskiej-kompleksu-lesnego-o-powierzchni-ponad-15-tys.-ha-fot.-Zbigniew-Sutkowski-AJ-768x512.jpg 768w, https:\/\/turysta2.pttk.pl\/wp-content\/uploads\/2023\/03\/4.-Celbowo-znajduje-sie-w-okolicy-puszczy-Darzlubskiej-kompleksu-lesnego-o-powierzchni-ponad-15-tys.-ha-fot.-Zbigniew-Sutkowski-AJ-1536x1024.jpg 1536w, https:\/\/turysta2.pttk.pl\/wp-content\/uploads\/2023\/03\/4.-Celbowo-znajduje-sie-w-okolicy-puszczy-Darzlubskiej-kompleksu-lesnego-o-powierzchni-ponad-15-tys.-ha-fot.-Zbigniew-Sutkowski-AJ-2048x1365.jpg 2048w\" sizes=\"auto, (max-width: 300px) 100vw, 300px\" \/><\/a> <a href=\"https:\/\/turysta2.pttk.pl\/wp-content\/uploads\/2023\/03\/5.-Miejsce-gdzie-zostal-pochowany-w-1914-roku-Erich-Rodenacker-fot.-Zbigniew-Sutkowski-AJ.jpg\"><img loading=\"lazy\" decoding=\"async\" class=\"alignnone size-medium wp-image-28469\" src=\"https:\/\/turysta2.pttk.pl\/wp-content\/uploads\/2023\/03\/5.-Miejsce-gdzie-zostal-pochowany-w-1914-roku-Erich-Rodenacker-fot.-Zbigniew-Sutkowski-AJ-225x300.jpg\" alt=\"\" width=\"225\" height=\"300\" srcset=\"https:\/\/turysta2.pttk.pl\/wp-content\/uploads\/2023\/03\/5.-Miejsce-gdzie-zostal-pochowany-w-1914-roku-Erich-Rodenacker-fot.-Zbigniew-Sutkowski-AJ-225x300.jpg 225w, https:\/\/turysta2.pttk.pl\/wp-content\/uploads\/2023\/03\/5.-Miejsce-gdzie-zostal-pochowany-w-1914-roku-Erich-Rodenacker-fot.-Zbigniew-Sutkowski-AJ-769x1024.jpg 769w, https:\/\/turysta2.pttk.pl\/wp-content\/uploads\/2023\/03\/5.-Miejsce-gdzie-zostal-pochowany-w-1914-roku-Erich-Rodenacker-fot.-Zbigniew-Sutkowski-AJ-768x1023.jpg 768w, https:\/\/turysta2.pttk.pl\/wp-content\/uploads\/2023\/03\/5.-Miejsce-gdzie-zostal-pochowany-w-1914-roku-Erich-Rodenacker-fot.-Zbigniew-Sutkowski-AJ-1153x1536.jpg 1153w, https:\/\/turysta2.pttk.pl\/wp-content\/uploads\/2023\/03\/5.-Miejsce-gdzie-zostal-pochowany-w-1914-roku-Erich-Rodenacker-fot.-Zbigniew-Sutkowski-AJ-1538x2048.jpg 1538w, https:\/\/turysta2.pttk.pl\/wp-content\/uploads\/2023\/03\/5.-Miejsce-gdzie-zostal-pochowany-w-1914-roku-Erich-Rodenacker-fot.-Zbigniew-Sutkowski-AJ.jpg 1890w\" sizes=\"auto, (max-width: 225px) 100vw, 225px\" \/><\/a><\/strong><\/p>\n<p>&nbsp;<\/p>\n<ol>\n<li><\/li>\n<\/ol>\n","protected":false},"excerpt":{"rendered":"Id\u0105c czarnym szlakiem Grot Mechowskich od strony Pucka, dotar\u0142em do miejscowo\u015bci Celbowo. Jest to ma\u0142a osada kaszubska, po\u0142o\u017cona w wojew\u00f3dztwie pomorskim, na K\u0119pie Puckiej. Le\u017cy przy drodze wojew\u00f3dzkiej 216 z Redy do Pucka. Historia Celbowa zwi\u0105zana jest z rozwojem pa\u0144stwa krzy\u017cackiego na tych terenach. Pierwsza pisemna wzmianka pochodzi z 1298 roku. Nazwa pochodzi od imion s\u0142owia\u0144skich: \u017beli i Bor (co&nbsp;<a href=\"https:\/\/turysta2.pttk.pl\/?p=28462\" class=\"read-more\">Continue Reading<\/a>","protected":false},"author":4,"featured_media":28463,"comment_status":"closed","ping_status":"closed","sticky":false,"template":"","format":"standard","meta":{"footnotes":""},"categories":[84],"tags":[],"class_list":["post-28462","post","type-post","status-publish","format-standard","has-post-thumbnail","hentry","category-poznajemy-szlaki","cat-84-id"],"aioseo_notices":[],"_links":{"self":[{"href":"https:\/\/turysta2.pttk.pl\/index.php?rest_route=\/wp\/v2\/posts\/28462","targetHints":{"allow":["GET"]}}],"collection":[{"href":"https:\/\/turysta2.pttk.pl\/index.php?rest_route=\/wp\/v2\/posts"}],"about":[{"href":"https:\/\/turysta2.pttk.pl\/index.php?rest_route=\/wp\/v2\/types\/post"}],"author":[{"embeddable":true,"href":"https:\/\/turysta2.pttk.pl\/index.php?rest_route=\/wp\/v2\/users\/4"}],"replies":[{"embeddable":true,"href":"https:\/\/turysta2.pttk.pl\/index.php?rest_route=%2Fwp%2Fv2%2Fcomments&post=28462"}],"version-history":[{"count":5,"href":"https:\/\/turysta2.pttk.pl\/index.php?rest_route=\/wp\/v2\/posts\/28462\/revisions"}],"predecessor-version":[{"id":28465,"href":"https:\/\/turysta2.pttk.pl\/index.php?rest_route=\/wp\/v2\/posts\/28462\/revisions\/28465"}],"wp:featuredmedia":[{"embeddable":true,"href":"https:\/\/turysta2.pttk.pl\/index.php?rest_route=\/wp\/v2\/media\/28463"}],"wp:attachment":[{"href":"https:\/\/turysta2.pttk.pl\/index.php?rest_route=%2Fwp%2Fv2%2Fmedia&parent=28462"}],"wp:term":[{"taxonomy":"category","embeddable":true,"href":"https:\/\/turysta2.pttk.pl\/index.php?rest_route=%2Fwp%2Fv2%2Fcategories&post=28462"},{"taxonomy":"post_tag","embeddable":true,"href":"https:\/\/turysta2.pttk.pl\/index.php?rest_route=%2Fwp%2Fv2%2Ftags&post=28462"}],"curies":[{"name":"wp","href":"https:\/\/api.w.org\/{rel}","templated":true}]}}