{"id":28457,"date":"2023-03-08T14:37:52","date_gmt":"2023-03-08T12:37:52","guid":{"rendered":"https:\/\/turysta2.pttk.pl\/?p=28457"},"modified":"2023-03-08T14:38:23","modified_gmt":"2023-03-08T12:38:23","slug":"mickiewiczowskie-pamiatki-w-smielowie","status":"publish","type":"post","link":"https:\/\/turysta2.pttk.pl\/?p=28457","title":{"rendered":"Mickiewiczowskie pami\u0105tki w \u015amie\u0142owie"},"content":{"rendered":"<p>Wielkopolska jest jedynym regionem wsp\u00f3\u0142czesnej Polski, kt\u00f3ry go\u015bci\u0142 Adama Mickiewicza. Po wybuchu powstania listopadowego w 1830 roku wieszcz postanowi\u0142 wzi\u0105\u0107 w nim udzia\u0142. W tym celu przyby\u0142 w po\u0142owie sierpnia 1831 roku z W\u0142och do Poznania, aby w kolejnym etapie przekroczy\u0107 granic\u0119 zabor\u00f3w i do\u0142\u0105czy\u0107 do oddzia\u0142\u00f3w powsta\u0144czych. Nie uda\u0142o mu si\u0119 zrealizowa\u0107 tego zamierzenia i przez kolejne prawie siedem miesi\u0119cy przebywa\u0142 w Wielkopolsce, goszcz\u0105c w licznych dworach, bior\u0105c udzia\u0142 w spotkaniach towarzyskich, literackich i patriotycznych. By\u0142 ju\u017c znanym poet\u0105, entuzjastycznie witanym przez Wielkopolan. Dla zmylenia w\u0142adz pruskich przebywa\u0142 pod przybranym nazwiskiem.<\/p>\n<p>Najd\u0142u\u017cej, oko\u0142o trzech tygodni, Mickiewicz przebywa\u0142 w \u015amie\u0142owie, goszczony przez Gorze\u0144skich w tamtejszym pa\u0142acu. \u015amie\u0142\u00f3w po\u0142o\u017cony jest nieopodal miasta \u017berk\u00f3w w powiecie jaroci\u0144skim na po\u0142udnie od Poznania. Na pocz\u0105tku marca 1832 roku opu\u015bci\u0142 Wielkie Ksi\u0119stwo Pozna\u0144skie, udaj\u0105c si\u0119 do Drezna.<\/p>\n<p>Obecnie w pa\u0142acu w \u015amie\u0142owie, zbudowanym w ko\u0144cu XVIII wieku wed\u0142ug projektu warszawskiego architekta Stanis\u0142awa Zawadzkiego, mie\u015bci si\u0119 Muzeum im. Adama Mickiewicza, oddzia\u0142 pozna\u0144skiego Muzeum Narodowego, prezentuj\u0105ce pami\u0105tki po poecie oraz dzie\u0142a sztuki z okresu romantyzmu. Wok\u00f3\u0142 pa\u0142acu rozci\u0105ga si\u0119 park krajobrazowy si\u0119gaj\u0105cy p\u0142yn\u0105cej nieopodal rzeki Lutyni. Ro\u015bnie w nim m.in. d\u0105b Mickiewicza, stoi pomnik poety, na skraju po\u0142o\u017cony jest \u201eogr\u00f3d Zosi\u201d z ro\u015blinami opisanymi w <em>Panu Tadeuszu<\/em>. Nieopodal \u015amie\u0142owa po\u0142o\u017cone s\u0105 pi\u0119kne Lasy Czeszewskie, odwiedzane przez poet\u0119.<\/p>\n<p><strong>W\u0142odzimierz \u0141\u0119cki<\/strong><\/p>\n<p><strong><em>Zdj\u0119cie<\/em><\/strong><strong> Zbigniew Szmidt<\/strong><\/p>\n<p><strong>Podpis<\/strong><\/p>\n<p>Pa\u0142ac w \u015amie\u0142owie w 1970 roku przej\u0119\u0142o Muzeum Narodowe w Poznaniu<\/p>\n","protected":false},"excerpt":{"rendered":"Wielkopolska jest jedynym regionem wsp\u00f3\u0142czesnej Polski, kt\u00f3ry go\u015bci\u0142 Adama Mickiewicza. Po wybuchu powstania listopadowego w 1830 roku wieszcz postanowi\u0142 wzi\u0105\u0107 w nim udzia\u0142. W tym celu przyby\u0142 w po\u0142owie sierpnia 1831 roku z W\u0142och do Poznania, aby w kolejnym etapie przekroczy\u0107 granic\u0119 zabor\u00f3w i do\u0142\u0105czy\u0107 do oddzia\u0142\u00f3w powsta\u0144czych. Nie uda\u0142o mu si\u0119 zrealizowa\u0107 tego zamierzenia i przez kolejne prawie siedem&nbsp;<a href=\"https:\/\/turysta2.pttk.pl\/?p=28457\" class=\"read-more\">Continue Reading<\/a>","protected":false},"author":4,"featured_media":28458,"comment_status":"closed","ping_status":"closed","sticky":false,"template":"","format":"standard","meta":{"footnotes":""},"categories":[5],"tags":[],"class_list":["post-28457","post","type-post","status-publish","format-standard","has-post-thumbnail","hentry","category-a-to-polska-wlasnie","cat-5-id"],"aioseo_notices":[],"_links":{"self":[{"href":"https:\/\/turysta2.pttk.pl\/index.php?rest_route=\/wp\/v2\/posts\/28457","targetHints":{"allow":["GET"]}}],"collection":[{"href":"https:\/\/turysta2.pttk.pl\/index.php?rest_route=\/wp\/v2\/posts"}],"about":[{"href":"https:\/\/turysta2.pttk.pl\/index.php?rest_route=\/wp\/v2\/types\/post"}],"author":[{"embeddable":true,"href":"https:\/\/turysta2.pttk.pl\/index.php?rest_route=\/wp\/v2\/users\/4"}],"replies":[{"embeddable":true,"href":"https:\/\/turysta2.pttk.pl\/index.php?rest_route=%2Fwp%2Fv2%2Fcomments&post=28457"}],"version-history":[{"count":3,"href":"https:\/\/turysta2.pttk.pl\/index.php?rest_route=\/wp\/v2\/posts\/28457\/revisions"}],"predecessor-version":[{"id":28461,"href":"https:\/\/turysta2.pttk.pl\/index.php?rest_route=\/wp\/v2\/posts\/28457\/revisions\/28461"}],"wp:featuredmedia":[{"embeddable":true,"href":"https:\/\/turysta2.pttk.pl\/index.php?rest_route=\/wp\/v2\/media\/28458"}],"wp:attachment":[{"href":"https:\/\/turysta2.pttk.pl\/index.php?rest_route=%2Fwp%2Fv2%2Fmedia&parent=28457"}],"wp:term":[{"taxonomy":"category","embeddable":true,"href":"https:\/\/turysta2.pttk.pl\/index.php?rest_route=%2Fwp%2Fv2%2Fcategories&post=28457"},{"taxonomy":"post_tag","embeddable":true,"href":"https:\/\/turysta2.pttk.pl\/index.php?rest_route=%2Fwp%2Fv2%2Ftags&post=28457"}],"curies":[{"name":"wp","href":"https:\/\/api.w.org\/{rel}","templated":true}]}}