{"id":28398,"date":"2023-03-02T15:14:07","date_gmt":"2023-03-02T13:14:07","guid":{"rendered":"https:\/\/turysta2.pttk.pl\/?p=28398"},"modified":"2023-03-07T13:09:19","modified_gmt":"2023-03-07T11:09:19","slug":"dobra-2023-w-160-rocznice-powstania-styczniowego","status":"publish","type":"post","link":"https:\/\/turysta2.pttk.pl\/?p=28398","title":{"rendered":"\u201eDobra 2023\u201d w 160. rocznic\u0119 powstania styczniowego"},"content":{"rendered":"<p><a href=\"https:\/\/turysta2.pttk.pl\/wp-content\/uploads\/2023\/03\/2023.jpg\"><img loading=\"lazy\" decoding=\"async\" class=\"alignnone wp-image-28408\" src=\"https:\/\/turysta2.pttk.pl\/wp-content\/uploads\/2023\/03\/2023-300x296.jpg\" alt=\"\" width=\"383\" height=\"378\" srcset=\"https:\/\/turysta2.pttk.pl\/wp-content\/uploads\/2023\/03\/2023-300x296.jpg 300w, https:\/\/turysta2.pttk.pl\/wp-content\/uploads\/2023\/03\/2023-1024x1012.jpg 1024w, https:\/\/turysta2.pttk.pl\/wp-content\/uploads\/2023\/03\/2023-768x759.jpg 768w, https:\/\/turysta2.pttk.pl\/wp-content\/uploads\/2023\/03\/2023-1536x1518.jpg 1536w, https:\/\/turysta2.pttk.pl\/wp-content\/uploads\/2023\/03\/2023.jpg 1866w\" sizes=\"auto, (max-width: 383px) 100vw, 383px\" \/><\/a><a href=\"https:\/\/turysta2.pttk.pl\/wp-content\/uploads\/2023\/03\/4.-Fot.-Adam-Biczysko.jpg\"><img loading=\"lazy\" decoding=\"async\" class=\"alignnone wp-image-28402\" src=\"https:\/\/turysta2.pttk.pl\/wp-content\/uploads\/2023\/03\/4.-Fot.-Adam-Biczysko-300x200.jpg\" alt=\"\" width=\"548\" height=\"365\" srcset=\"https:\/\/turysta2.pttk.pl\/wp-content\/uploads\/2023\/03\/4.-Fot.-Adam-Biczysko-300x200.jpg 300w, https:\/\/turysta2.pttk.pl\/wp-content\/uploads\/2023\/03\/4.-Fot.-Adam-Biczysko-1024x683.jpg 1024w, https:\/\/turysta2.pttk.pl\/wp-content\/uploads\/2023\/03\/4.-Fot.-Adam-Biczysko-768x512.jpg 768w, https:\/\/turysta2.pttk.pl\/wp-content\/uploads\/2023\/03\/4.-Fot.-Adam-Biczysko-1536x1024.jpg 1536w, https:\/\/turysta2.pttk.pl\/wp-content\/uploads\/2023\/03\/4.-Fot.-Adam-Biczysko-2048x1365.jpg 2048w\" sizes=\"auto, (max-width: 548px) 100vw, 548px\" \/><\/a><a href=\"https:\/\/turysta2.pttk.pl\/wp-content\/uploads\/2023\/03\/6.-Fot.-Adam-Biczysko.jpg\"><img loading=\"lazy\" decoding=\"async\" class=\"alignnone wp-image-28404\" src=\"https:\/\/turysta2.pttk.pl\/wp-content\/uploads\/2023\/03\/6.-Fot.-Adam-Biczysko-300x200.jpg\" alt=\"\" width=\"553\" height=\"369\" srcset=\"https:\/\/turysta2.pttk.pl\/wp-content\/uploads\/2023\/03\/6.-Fot.-Adam-Biczysko-300x200.jpg 300w, https:\/\/turysta2.pttk.pl\/wp-content\/uploads\/2023\/03\/6.-Fot.-Adam-Biczysko-1024x683.jpg 1024w, https:\/\/turysta2.pttk.pl\/wp-content\/uploads\/2023\/03\/6.-Fot.-Adam-Biczysko-768x512.jpg 768w, https:\/\/turysta2.pttk.pl\/wp-content\/uploads\/2023\/03\/6.-Fot.-Adam-Biczysko-1536x1024.jpg 1536w, https:\/\/turysta2.pttk.pl\/wp-content\/uploads\/2023\/03\/6.-Fot.-Adam-Biczysko-2048x1365.jpg 2048w\" sizes=\"auto, (max-width: 553px) 100vw, 553px\" \/><\/a><a href=\"https:\/\/turysta2.pttk.pl\/wp-content\/uploads\/2023\/03\/2.-Fot.-Adam-Biczysko.jpg\"><img loading=\"lazy\" decoding=\"async\" class=\"alignnone wp-image-28400\" src=\"https:\/\/turysta2.pttk.pl\/wp-content\/uploads\/2023\/03\/2.-Fot.-Adam-Biczysko-300x199.jpg\" alt=\"\" width=\"556\" height=\"368\" srcset=\"https:\/\/turysta2.pttk.pl\/wp-content\/uploads\/2023\/03\/2.-Fot.-Adam-Biczysko-300x199.jpg 300w, https:\/\/turysta2.pttk.pl\/wp-content\/uploads\/2023\/03\/2.-Fot.-Adam-Biczysko-1024x680.jpg 1024w, https:\/\/turysta2.pttk.pl\/wp-content\/uploads\/2023\/03\/2.-Fot.-Adam-Biczysko-768x510.jpg 768w, https:\/\/turysta2.pttk.pl\/wp-content\/uploads\/2023\/03\/2.-Fot.-Adam-Biczysko-1536x1020.jpg 1536w, https:\/\/turysta2.pttk.pl\/wp-content\/uploads\/2023\/03\/2.-Fot.-Adam-Biczysko-2048x1360.jpg 2048w\" sizes=\"auto, (max-width: 556px) 100vw, 556px\" \/><\/a><a href=\"https:\/\/turysta2.pttk.pl\/wp-content\/uploads\/2023\/03\/3.-Fot.-Adam-Biczysko.jpg\"><img loading=\"lazy\" decoding=\"async\" class=\"alignnone wp-image-28401\" src=\"https:\/\/turysta2.pttk.pl\/wp-content\/uploads\/2023\/03\/3.-Fot.-Adam-Biczysko-300x199.jpg\" alt=\"\" width=\"556\" height=\"369\" srcset=\"https:\/\/turysta2.pttk.pl\/wp-content\/uploads\/2023\/03\/3.-Fot.-Adam-Biczysko-300x199.jpg 300w, https:\/\/turysta2.pttk.pl\/wp-content\/uploads\/2023\/03\/3.-Fot.-Adam-Biczysko-1024x680.jpg 1024w, https:\/\/turysta2.pttk.pl\/wp-content\/uploads\/2023\/03\/3.-Fot.-Adam-Biczysko-768x510.jpg 768w, https:\/\/turysta2.pttk.pl\/wp-content\/uploads\/2023\/03\/3.-Fot.-Adam-Biczysko-1536x1020.jpg 1536w, https:\/\/turysta2.pttk.pl\/wp-content\/uploads\/2023\/03\/3.-Fot.-Adam-Biczysko-2048x1360.jpg 2048w\" sizes=\"auto, (max-width: 556px) 100vw, 556px\" \/><\/a><\/p>\n<p>25 lutego 2023 roku odby\u0142 si\u0119 ju\u017c po raz 61. Rajd Szlakiem Powstania Styczniowego 1863 roku \u201eDobra 2023\u201d. Rajd zorganizowany zosta\u0142 przez Komisj\u0119 Krajoznawcz\u0105 i Ochrony Przyrody PTTK Oddzia\u0142u \u0141\u00f3dzkiego im. J. Czeraszkiewicza we wsp\u00f3\u0142pracy z \u0141\u00f3dzkim Klubem Turyst\u00f3w Kolarzy im. H. Gintera, Parkiem Krajobrazowym Wzniesie\u0144 \u0141\u00f3dzkich oraz Ochotnicz\u0105 Stra\u017c\u0105 Po\u017carn\u0105 w Dobrej. W tym roku do pomocy w organizacji rajdu w\u0142\u0105czy\u0142y si\u0119: Gmina i Miasto Stryk\u00f3w, Oddzia\u0142 Instytutu Pami\u0119ci Narodowej w \u0141odzi, O\u015brodek Szkolenia Zawodowego w Dobieszkowie oraz 25 Brygady Kawalerii Powietrznej, 9 \u0141\u00f3dzka Brygada Obrony Terytorialnej i Wojskowe Centrum Rekrutacji z \u0141odzi. Patronat honorowy nad rajdem obj\u0119\u0142y Muzeum Historii Polski i Muzeum Niepodleg\u0142o\u015bci w Warszawie oraz Muzeum Tradycji Niepodleg\u0142o\u015bciowych w \u0141odzi, a patronat medialny \u2013 portal historyczny dzieje.pl.<\/p>\n<p>Jest to najstarszy rajd historyczny PTTK na ziemi \u0142\u00f3dzkiej i najstarszy o tematyce powstania styczniowego PTTK w Polsce. Nieprzerwanie organizowany jest corocznie od 1963 roku, odbywa\u0142 si\u0119 tak\u017ce w stanie wojennym w latach 80. XX wieku czy wsp\u00f3\u0142cze\u015bnie w czasie epidemii.<\/p>\n<p>Rajd zorganizowany zosta\u0142 na dw\u00f3ch trasach: pieszej, maj\u0105cej dwa warianty, kr\u00f3tsz\u0105 i d\u0142u\u017csz\u0105 oraz rowerowej. Trasa piesza rozpocz\u0119\u0142a si\u0119 w Dobieszkowie przy parku podworskim z XIX wieku, gdzie 25 wrze\u015bnia 1863 roku na grobli rzeki Moszczenica w rejonie m\u0142yna wodnego odby\u0142a si\u0119 potyczka powstania styczniowego oddzia\u0142u kawalerii mjr W\u0142adys\u0142awa Or\u0142owskiego i Micha\u0142a Zieli\u0144skiego z rosyjsk\u0105 piechot\u0105. Nast\u0119pnie uczestnicy rajdu pow\u0119drowali przez rezerwat przyrody \u201eStruga Dobieszkowska\u201d zielonym szlakiem po Parku Krajobrazowym Wzniesie\u0144 \u0141\u00f3dzkich w kierunku miasta Sosnowiec-Pie\u0144ki do pomnika Gloria Victis. Tam uczczona zosta\u0142a pami\u0119\u0107 kosynierki powstania styczniowego Marii Piotrowiczowej, kt\u00f3ra zgin\u0119\u0142a w tym miejscu 24 lutego 1863 roku w trakcie bitwy pod Dobr\u0105. Po zapaleniu \u201e\u015awiat\u0142a Pami\u0119ci\u201d grupa uda\u0142a si\u0119 na cmentarz parafialny \u015bw. Jana Chrzciciela i \u015bw. Doroty w Dobrej. Na kwaterze wojennej powsta\u0144c\u00f3w styczniowych przy asy\u015bcie Sztandaru PTTK Oddzia\u0142u \u0141\u00f3dzkiego im. J. Czeraszkiewicza nast\u0105pi\u0142o uroczyste oddanie ho\u0142du bohaterom powstania i bitwy pod Dobr\u0105 oraz Dobieszkowem, po czym zapalono znicze i z\u0142o\u017cono kwiaty pod ich pomnikiem.<\/p>\n<p>Kolejnym punktem rajdu by\u0142o obejrzenie wystawy plenerowej Archiwum Pa\u0144stwowego w \u0141odzi pt. \u201eGloria Victis, Powstanie Styczniowe na ziemi \u0142\u00f3dzkiej\u201d w Szkole Podstawowej im. 24 lutego 1863 roku.<\/p>\n<p>Uczestnicy rajdu zobaczyli te\u017c prezentacj\u0119 wyposa\u017cenia i uzbrojenia \u017co\u0142nierzy 25 Brygady Kawalerii Powietrznej i 9 \u0141\u00f3dzkiej Brygady Obrony Terytorialnej, a tak\u017ce punkt informacyjno-rekrutacyjny Wojskowego Centrum Rekrutacji z \u0141odzi, po czym nast\u0105pi\u0142o rozwi\u0105zanie konkursu o powstaniu styczniowym zako\u0144czone wr\u0119czeniem nagr\u00f3d.<\/p>\n<p>Nast\u0119pnie trasa piesza rozdzieli\u0142a si\u0119, jedni kr\u00f3tsz\u0105 drog\u0105 poszli w kierunku Imielnika, drudzy \u2013 razem z przewodnikami z Parku Krajobrazowego Wzniesie\u0144 \u0141\u00f3dzkich \u2013 udali si\u0119 w dalsz\u0105 w\u0119dr\u00f3wk\u0119 w stron\u0119 Lasu \u0141agiewnickiego. Najpierw grupa podziwia\u0142a park podworski w Kl\u0119ku, gdzie rosn\u0105 okaza\u0142e pomniki przyrody, po czym uda\u0142a si\u0119 w kierunku Kamiennej G\u00f3ry. Dalej, poprzez Babi\u0105 G\u00f3r\u0119 i Trakt Napoleo\u0144ski, uczestnicy dotarli do kapliczek \u015aw. Rocha i \u015aw. Antoniego, gdzie zako\u0144czono d\u0142u\u017csz\u0105 tras\u0119 piesz\u0105 rajdu.<\/p>\n<p>W tym roku w rajdzie na wszystkich trasach uczestniczy\u0142o ponad 120 os\u00f3b, a dodatkowo w Dobrej wystaw\u0119 o powstaniu styczniowym oraz prezentacj\u0119 statyczn\u0105 \u017co\u0142nierzy obejrza\u0142y dzieci i m\u0142odzie\u017cy ze szk\u00f3\u0142 powiatu zgierskiego.<\/p>\n<p>Zapraszamy wszystkich turyst\u00f3w za rok, na kolejn\u0105 edycj\u0119 rajdu.<\/p>\n<p><strong>Marcin Reczycki<br \/>\n<\/strong><strong><em>Zdj\u0119cia<\/em> Adam Biczysko<\/strong><\/p>\n","protected":false},"excerpt":{"rendered":"25 lutego 2023 roku odby\u0142 si\u0119 ju\u017c po raz 61. Rajd Szlakiem Powstania Styczniowego 1863 roku \u201eDobra 2023\u201d. Rajd zorganizowany zosta\u0142 przez Komisj\u0119 Krajoznawcz\u0105 i Ochrony Przyrody PTTK Oddzia\u0142u \u0141\u00f3dzkiego im. J. Czeraszkiewicza we wsp\u00f3\u0142pracy z \u0141\u00f3dzkim Klubem Turyst\u00f3w Kolarzy im. H. Gintera, Parkiem Krajobrazowym Wzniesie\u0144 \u0141\u00f3dzkich oraz Ochotnicz\u0105 Stra\u017c\u0105 Po\u017carn\u0105 w Dobrej. W tym roku do pomocy w organizacji&nbsp;<a href=\"https:\/\/turysta2.pttk.pl\/?p=28398\" class=\"read-more\">Continue Reading<\/a>","protected":false},"author":4,"featured_media":28399,"comment_status":"closed","ping_status":"closed","sticky":false,"template":"","format":"image","meta":{"footnotes":""},"categories":[92,68],"tags":[],"class_list":["post-28398","post","type-post","status-publish","format-image","has-post-thumbnail","hentry","category-polecamy","category-turystyka-piesza","post_format-post-format-image","cat-92-id","cat-68-id"],"aioseo_notices":[],"_links":{"self":[{"href":"https:\/\/turysta2.pttk.pl\/index.php?rest_route=\/wp\/v2\/posts\/28398","targetHints":{"allow":["GET"]}}],"collection":[{"href":"https:\/\/turysta2.pttk.pl\/index.php?rest_route=\/wp\/v2\/posts"}],"about":[{"href":"https:\/\/turysta2.pttk.pl\/index.php?rest_route=\/wp\/v2\/types\/post"}],"author":[{"embeddable":true,"href":"https:\/\/turysta2.pttk.pl\/index.php?rest_route=\/wp\/v2\/users\/4"}],"replies":[{"embeddable":true,"href":"https:\/\/turysta2.pttk.pl\/index.php?rest_route=%2Fwp%2Fv2%2Fcomments&post=28398"}],"version-history":[{"count":9,"href":"https:\/\/turysta2.pttk.pl\/index.php?rest_route=\/wp\/v2\/posts\/28398\/revisions"}],"predecessor-version":[{"id":28412,"href":"https:\/\/turysta2.pttk.pl\/index.php?rest_route=\/wp\/v2\/posts\/28398\/revisions\/28412"}],"wp:featuredmedia":[{"embeddable":true,"href":"https:\/\/turysta2.pttk.pl\/index.php?rest_route=\/wp\/v2\/media\/28399"}],"wp:attachment":[{"href":"https:\/\/turysta2.pttk.pl\/index.php?rest_route=%2Fwp%2Fv2%2Fmedia&parent=28398"}],"wp:term":[{"taxonomy":"category","embeddable":true,"href":"https:\/\/turysta2.pttk.pl\/index.php?rest_route=%2Fwp%2Fv2%2Fcategories&post=28398"},{"taxonomy":"post_tag","embeddable":true,"href":"https:\/\/turysta2.pttk.pl\/index.php?rest_route=%2Fwp%2Fv2%2Ftags&post=28398"}],"curies":[{"name":"wp","href":"https:\/\/api.w.org\/{rel}","templated":true}]}}