{"id":28392,"date":"2023-02-23T15:17:49","date_gmt":"2023-02-23T13:17:49","guid":{"rendered":"https:\/\/turysta2.pttk.pl\/?p=28392"},"modified":"2023-02-23T15:28:40","modified_gmt":"2023-02-23T13:28:40","slug":"pamiec-o-160-rocznicy-powstania-styczniowego","status":"publish","type":"post","link":"https:\/\/turysta2.pttk.pl\/?p=28392","title":{"rendered":"Pami\u0119\u0107 o 160. rocznicy powstania styczniowego"},"content":{"rendered":"<p><strong>4 lutego 2023 roku Oddzia\u0142 PTTK w \u017barnowie oraz gmina Aleksandr\u00f3w ko\u0142o Opoczna zorganizowali wsp\u00f3lnie kolejny ju\u017c XXVI Rajd Szlakiem Powstania Styczniowego. <\/strong><\/p>\n<p>W imprezie, kt\u00f3rej trasa wiod\u0142a z Klewa przez Brzezie, Wac\u0142aw\u00f3w do Skotnik, wzi\u0119\u0142o udzia\u0142 oko\u0142o 150 os\u00f3b. Na starcie przy szkole podstawowej w Klewie stawi\u0142y si\u0119 dru\u017cyny ze szkolnych k\u00f3\u0142 PTTK w Aleksandrowie, Bia\u0142aczowie, Miedznej Drewnianej, \u017barnowie oraz dru\u017cyny szkolne z D\u0105browy nad Czarn\u0105 i Skotnik. Byli te\u017c tury\u015bci tworz\u0105cy grupy rodzinne i osoby indywidualne z \u017barnowa, Piotrkowa Trybunalskiego, Przysuchy, Moszczenicy, Tomaszowa Mazowieckiego, \u0141odzi, a nawet Koszalina. W rajdzie wzi\u0105\u0142 udzia\u0142 wicemarsza\u0142ek wojew\u00f3dztwa \u0142\u00f3dzkiego, Zbigniew Ziemba, oraz w\u00f3jt gminy Aleksandr\u00f3w, Pawe\u0142 Mamrot, kt\u00f3rzy w\u0119drowali pieszo wraz z innymi turystami tras\u0105 o d\u0142ugo\u015bci 7 km.<\/p>\n<p>W Skotnikach tury\u015bci z\u0142o\u017cyli wi\u0105zank\u0119 kwiat\u00f3w przy krzy\u017cu powsta\u0144czym zlokalizowanym obok zabytkowego pomnika przyrody \u2013 d\u0119bu \u201eMiko\u0142aj\u201d. Nast\u0119pnie zwiedzili ciekawy zabytek architektury sakralnej w Skotnikach \u2013 modrzewiowy ko\u015bci\u00f3\u0142 z 1528 roku kryty gontem, a tak\u017ce drewnian\u0105 dzwonnic\u0119. W miejscowej szkole podstawowej czeka\u0142 na piechur\u00f3w gor\u0105cy \u017curek z kie\u0142bas\u0105, kt\u00f3ry smakowa\u0142 wy\u015bmienicie po spacerze w zimowej aurze. Tegoroczn\u0105 imprez\u0119 zwi\u0105zan\u0105 z powstaniem styczniowym obj\u0105\u0142 patronatem honorowym prof. dr hab. Dariusz Rogut \u2013 dyrektor Oddzia\u0142u Instytutu Pami\u0119ci Narodowej w \u0141odzi. Wszyscy piechurzy otrzymali pami\u0105tkow\u0105 plakietk\u0119, a dru\u017cyny \u2013 dyplomy uczestnictwa.<\/p>\n<p>Drug\u0105 imprez\u0105 zwi\u0105zan\u0105 z rocznicowymi obchodami powstania styczniowego, kt\u00f3ra odby\u0142a si\u0119 po rajdzie pieszym, by\u0142a konferencja popularno-naukowa w \u015bwietlicy wiejskiej w Skotnikach. Organizatorami wydarzenia byli: Urz\u0105d Gminy w Aleksandrowie, Porozumienie Oddzia\u0142\u00f3w PTTK Wojew\u00f3dztwa \u0141\u00f3dzkiego, Oddzia\u0142 PTTK w \u017barnowie i Szko\u0142a Podstawowa w Skotnikach. Konferencji towarzyszy\u0142a prezentacja pami\u0105tek z okresu powstania styczniowego ze zbior\u00f3w prywatnych Przemys\u0142awa Ciszewskiego oraz wystawa pt. \u201eMa\u0142a architektura sakralna Zespo\u0142u Park\u00f3w Krajobrazowych Wojew\u00f3dztwa \u0141\u00f3dzkiego\u201d dr. Piotra Wypycha.\u00a0 Konferencja wysz\u0142a poza granice wojew\u00f3dztwa \u0142\u00f3dzkiego, poniewa\u017c opr\u00f3cz uczestnik\u00f3w z O\/PTTK\u00a0 w Sieradzu, O\/PTTK \u0141\u00f3d\u017a-Polesie im. Jana Dylika, O\/PTTK w \u0141odzi im. J. Czeraszkiewicza, O\/PTTK w Opocznie i O\/PTTK w \u017barnowie udzia\u0142 wzi\u0119li przedstawiciele wojew\u00f3dztwa mazowieckiego, \u015bl\u0105skiego i zachodniopomorskiego oraz mieszka\u0144cy gminy R\u0119czno, Parady\u017c, Aleksandr\u00f3w oraz Piotrkowa Trybunalskiego. W\u0142adze samorz\u0105dowe reprezentowane by\u0142y przez\u00a0 wicemarsza\u0142ka wojew\u00f3dztwa \u0142\u00f3dzkiego, w\u00f3jt\u00f3w gmin Aleksandr\u00f3w i \u017barn\u00f3w.<\/p>\n<p>Uczniowie szko\u0142y podstawowej w Skotnikach zaprezentowali okoliczno\u015bciowy program s\u0142owno-muzyczny. Odczytany zosta\u0142 tekst listu Prezydenta RP zwi\u0105zany ze 160 rocznic\u0105 powstania styczniowego.\u00a0 Barbara Ciszewska przedstawi\u0142a wiersz \u201ePojmanie powsta\u0144ca\u201d, kt\u00f3ry zosta\u0142 napisany przez m\u0119\u017ca, Przemys\u0142awa, a jest opisem wydarzenia z 1863 roku \u2013 pojmania 16-letniego Bronis\u0142awa Rapackiego.<\/p>\n<p>Wicemarsza\u0142ek wojew\u00f3dztwa \u0142\u00f3dzkiego, Zbigniew Ziemba, podkre\u015bli\u0142 wa\u017cn\u0105 rol\u0119 powstania w historii narodu polskiego i d\u0105\u017ceniu do odzyskania niepodleg\u0142o\u015bci w 1918 r. Podzi\u0119kowa\u0142 w\u00f3jtowi gminy Aleksandr\u00f3w i prezesowi Zarz\u0105du Oddzia\u0142u PTTK w \u017barnowie za szereg wsp\u00f3lnych przedsi\u0119wzi\u0119\u0107 o charakterze turystyczno-krajoznawczym i kulturalnych na terenie \u015arodkowego\u00a0\u00a0 Nadpilicza.<\/p>\n<p>W zast\u0119pstwie dr. Piotra Wypycha, zast\u0119pcy dyrektora Zespo\u0142u \u0141\u00f3dzkich Park\u00f3w Krajobrazowych, prezentacj\u0119 pt. \u201eMiejsca pami\u0119ci narodowej zwi\u0105zane z powstaniem styczniowym na terenie Nadpilicznych Park\u00f3w Krajobrazowych\u201d\u00a0 przedstawili Katarzyna Po\u017adziej i Maciej Soba\u0144ski. Nast\u0119pnie W\u0142odzimierz Szafi\u0144ski zreferowa\u0142 temat \u201ePami\u0119\u0107 o powstaniu styczniowym w dzia\u0142aniach O\/PTTK w \u017barnowie\u201d. W\u00f3jt gminy Aleksandr\u00f3w Pawe\u0142 Mamrot m\u00f3wi\u0142 o \u201eDow\u00f3dcach oddzia\u0142\u00f3w powsta\u0144czych w okresie powstania styczniowego\u201d, a\u00a0 Pawe\u0142 Kendra z Muzeum w Piotrkowie Trybunalskim przedstawi\u0142 posta\u0107 Walentego Ko\u0142oczki \u2013 powsta\u0144ca styczniowego, le\u015bnika i spo\u0142ecznika. Ostatnia prezentacja to\u00a0 \u201ePowstanie styczniowe w regionie opoczy\u0144skim\u201d autorstwa Wiktora Pietrzyka z Muzeum Regionalnego w Opocznie.<\/p>\n<p>W trakcie konferencji wr\u0119czona zosta\u0142a z\u0142ota odznaka \u201eZas\u0142u\u017cony w pracy PTTK w\u015br\u00f3d m\u0142odzie\u017cy\u201d przyznana przez ZG PTTK w Warszawie kierowniczce Gminnej Biblioteki Publicznej w \u017barnowie, Ewie Boro\u0144czyk. W\u00f3jt gminy \u017barn\u00f3w dr Krzysztof Nawrocki wspomnia\u0142 o planowanym miejscu pami\u0119ci narodowej zwi\u0105zanym z powstaniem styczniowym w D\u0142u\u017cniewicach (gmina \u017barn\u00f3w). Ma to by\u0107\u00a0 kamie\u0144 z tablic\u0105 pami\u0105tkow\u0105.<\/p>\n<p>W konferencji wzi\u0119\u0142o udzia\u0142 oko\u0142o 80 os\u00f3b. Dla uczestnik\u00f3w przygotowano pami\u0105tkowe metalowe odznaki z wizerunkiem herbu u\u017cywanego w okresie powstania styczniowego, sfinansowane przez Porozumienie Oddzia\u0142\u00f3w PTTK Wojew\u00f3dztwa \u0141\u00f3dzkiego. Zar\u00f3wno rajd, jak i konferencja popularno-naukowa, by\u0142y przedsi\u0119wzi\u0119ciami utrwalaj\u0105cymi w \u015bwiadomo\u015bci m\u0142odego pokolenia i ludzi doros\u0142ych pami\u0119\u0107 o tym najwi\u0119kszym w XIX wieku zrywie patriotycznym w 160. rocznic\u0119 jego wybuchu.<\/p>\n<p><strong>W\u0142odzimierz Szafi\u0144ski, <\/strong>emerytowany nauczyciel, przodownik turystyki pieszej, g\u00f3rskiej i kolarskiej, instruktor krajoznawstwa Polski i instruktor ochrony przyrody.<\/p>\n<p><a href=\"https:\/\/turysta2.pttk.pl\/wp-content\/uploads\/2023\/02\/fot.-ze-zbiorow-Archiwum-PTTK-Zarnow.jpg\"><img loading=\"lazy\" decoding=\"async\" class=\"alignnone size-medium wp-image-28393\" src=\"https:\/\/turysta2.pttk.pl\/wp-content\/uploads\/2023\/02\/fot.-ze-zbiorow-Archiwum-PTTK-Zarnow-300x225.jpg\" alt=\"\" width=\"300\" height=\"225\" srcset=\"https:\/\/turysta2.pttk.pl\/wp-content\/uploads\/2023\/02\/fot.-ze-zbiorow-Archiwum-PTTK-Zarnow-300x225.jpg 300w, https:\/\/turysta2.pttk.pl\/wp-content\/uploads\/2023\/02\/fot.-ze-zbiorow-Archiwum-PTTK-Zarnow-1024x768.jpg 1024w, https:\/\/turysta2.pttk.pl\/wp-content\/uploads\/2023\/02\/fot.-ze-zbiorow-Archiwum-PTTK-Zarnow-768x576.jpg 768w, https:\/\/turysta2.pttk.pl\/wp-content\/uploads\/2023\/02\/fot.-ze-zbiorow-Archiwum-PTTK-Zarnow-1536x1152.jpg 1536w, https:\/\/turysta2.pttk.pl\/wp-content\/uploads\/2023\/02\/fot.-ze-zbiorow-Archiwum-PTTK-Zarnow-200x150.jpg 200w, https:\/\/turysta2.pttk.pl\/wp-content\/uploads\/2023\/02\/fot.-ze-zbiorow-Archiwum-PTTK-Zarnow.jpg 2048w\" sizes=\"auto, (max-width: 300px) 100vw, 300px\" \/><\/a><a href=\"https:\/\/turysta2.pttk.pl\/wp-content\/uploads\/2023\/02\/Fot.-3.-Turysci-w-drodze-Skotnik-fot.-ze-zbiorow-Archiwum-PTTK-Zarnow.jpg\"><img loading=\"lazy\" decoding=\"async\" class=\"alignnone wp-image-28394\" src=\"https:\/\/turysta2.pttk.pl\/wp-content\/uploads\/2023\/02\/Fot.-3.-Turysci-w-drodze-Skotnik-fot.-ze-zbiorow-Archiwum-PTTK-Zarnow-300x135.jpg\" alt=\"\" width=\"376\" height=\"169\" srcset=\"https:\/\/turysta2.pttk.pl\/wp-content\/uploads\/2023\/02\/Fot.-3.-Turysci-w-drodze-Skotnik-fot.-ze-zbiorow-Archiwum-PTTK-Zarnow-300x135.jpg 300w, https:\/\/turysta2.pttk.pl\/wp-content\/uploads\/2023\/02\/Fot.-3.-Turysci-w-drodze-Skotnik-fot.-ze-zbiorow-Archiwum-PTTK-Zarnow-1024x461.jpg 1024w, https:\/\/turysta2.pttk.pl\/wp-content\/uploads\/2023\/02\/Fot.-3.-Turysci-w-drodze-Skotnik-fot.-ze-zbiorow-Archiwum-PTTK-Zarnow-768x346.jpg 768w, https:\/\/turysta2.pttk.pl\/wp-content\/uploads\/2023\/02\/Fot.-3.-Turysci-w-drodze-Skotnik-fot.-ze-zbiorow-Archiwum-PTTK-Zarnow-1536x692.jpg 1536w, https:\/\/turysta2.pttk.pl\/wp-content\/uploads\/2023\/02\/Fot.-3.-Turysci-w-drodze-Skotnik-fot.-ze-zbiorow-Archiwum-PTTK-Zarnow.jpg 2048w\" sizes=\"auto, (max-width: 376px) 100vw, 376px\" \/><\/a><\/p>\n<p><strong><em>Zdj\u0119cia<\/em><\/strong><strong> Archiwum PTTK \u017barn\u00f3w<\/strong><\/p>\n<ol>\n<li>Konferencja popularno-naukowa w \u015bwietlicy wiejskiej w Skotnikach<\/li>\n<li>Tury\u015bci w drodze Skotnik<\/li>\n<\/ol>\n","protected":false},"excerpt":{"rendered":"4 lutego 2023 roku Oddzia\u0142 PTTK w \u017barnowie oraz gmina Aleksandr\u00f3w ko\u0142o Opoczna zorganizowali wsp\u00f3lnie kolejny ju\u017c XXVI Rajd Szlakiem Powstania Styczniowego. W imprezie, kt\u00f3rej trasa wiod\u0142a z Klewa przez Brzezie, Wac\u0142aw\u00f3w do Skotnik, wzi\u0119\u0142o udzia\u0142 oko\u0142o 150 os\u00f3b. Na starcie przy szkole podstawowej w Klewie stawi\u0142y si\u0119 dru\u017cyny ze szkolnych k\u00f3\u0142 PTTK w Aleksandrowie, Bia\u0142aczowie, Miedznej Drewnianej, \u017barnowie oraz&nbsp;<a href=\"https:\/\/turysta2.pttk.pl\/?p=28392\" class=\"read-more\">Continue Reading<\/a>","protected":false},"author":4,"featured_media":28394,"comment_status":"closed","ping_status":"closed","sticky":false,"template":"","format":"standard","meta":{"footnotes":""},"categories":[1,68,41],"tags":[],"class_list":["post-28392","post","type-post","status-publish","format-standard","has-post-thumbnail","hentry","category-bez-kategorii","category-turystyka-piesza","category-turystyka-pttk","cat-1-id","cat-68-id","cat-41-id"],"aioseo_notices":[],"_links":{"self":[{"href":"https:\/\/turysta2.pttk.pl\/index.php?rest_route=\/wp\/v2\/posts\/28392","targetHints":{"allow":["GET"]}}],"collection":[{"href":"https:\/\/turysta2.pttk.pl\/index.php?rest_route=\/wp\/v2\/posts"}],"about":[{"href":"https:\/\/turysta2.pttk.pl\/index.php?rest_route=\/wp\/v2\/types\/post"}],"author":[{"embeddable":true,"href":"https:\/\/turysta2.pttk.pl\/index.php?rest_route=\/wp\/v2\/users\/4"}],"replies":[{"embeddable":true,"href":"https:\/\/turysta2.pttk.pl\/index.php?rest_route=%2Fwp%2Fv2%2Fcomments&post=28392"}],"version-history":[{"count":3,"href":"https:\/\/turysta2.pttk.pl\/index.php?rest_route=\/wp\/v2\/posts\/28392\/revisions"}],"predecessor-version":[{"id":28397,"href":"https:\/\/turysta2.pttk.pl\/index.php?rest_route=\/wp\/v2\/posts\/28392\/revisions\/28397"}],"wp:featuredmedia":[{"embeddable":true,"href":"https:\/\/turysta2.pttk.pl\/index.php?rest_route=\/wp\/v2\/media\/28394"}],"wp:attachment":[{"href":"https:\/\/turysta2.pttk.pl\/index.php?rest_route=%2Fwp%2Fv2%2Fmedia&parent=28392"}],"wp:term":[{"taxonomy":"category","embeddable":true,"href":"https:\/\/turysta2.pttk.pl\/index.php?rest_route=%2Fwp%2Fv2%2Fcategories&post=28392"},{"taxonomy":"post_tag","embeddable":true,"href":"https:\/\/turysta2.pttk.pl\/index.php?rest_route=%2Fwp%2Fv2%2Ftags&post=28392"}],"curies":[{"name":"wp","href":"https:\/\/api.w.org\/{rel}","templated":true}]}}