{"id":28386,"date":"2023-02-23T15:11:03","date_gmt":"2023-02-23T13:11:03","guid":{"rendered":"https:\/\/turysta2.pttk.pl\/?p=28386"},"modified":"2023-03-09T13:11:40","modified_gmt":"2023-03-09T11:11:40","slug":"podroz-po-ziemi-paluckiej","status":"publish","type":"post","link":"https:\/\/turysta2.pttk.pl\/?p=28386","title":{"rendered":"Podr\u00f3\u017c po ziemi pa\u0142uckiej"},"content":{"rendered":"<p><strong>Wielkopolskie Kolegium Instruktor\u00f3w Krajoznawstwa przy wsp\u00f3\u0142pracy z Oddzia\u0142em PTTK w W\u0105growcu zorganizowa\u0142o w dniach 5\u20136 listopada 2022 roku 6. Wielkopolski Zlot Instruktor\u00f3w Krajoznawstwa. Tym razem instruktor\u00f3w go\u015bci\u0142y ma\u0142o znane, a niezwykle interesuj\u0105ce Pa\u0142uki \u2013 niewielka kraina znajduj\u0105ca si\u0119 na pograniczu Wielkopolski, Krajny i Kujaw. <\/strong><\/p>\n<p>Spotkali\u015bmy si\u0119 w sobot\u0119 na dworcu kolejowym w W\u0105growcu, sk\u0105d ruszyli\u015bmy na spacer po tym pocysterskim mie\u015bcie. Przewodnikiem by\u0142 w\u0105growiecki historyk z Muzeum Regionalnego, Marcin Moeglich. Pokaza\u0142 nam cenne wn\u0119trza ko\u015bcio\u0142a farnego pw. \u015bw. Jakuba, pomnik najs\u0142ynniejszego w\u0105growiczanina, ks. Jakuba Wujka, niezwyk\u0142\u0105 piramid\u0119 rotmistrza Armii Ksi\u0119stwa Warszawskiego, Franciszka \u0141aki\u0144skiego. Nast\u0119pnie autobusem pojechali\u015bmy do \u201eklasztorka\u201d nad Jeziorem \u0141ekne\u0144skim. Obecnie to trawiasta \u0142\u0105ka, gdzie znajduje si\u0119 rezerwat archeologiczny, kt\u00f3ry upami\u0119tnia miejsce najstarszego klasztoru cysterskiego ufundowanego przez Zbyluta Pa\u0142uk\u0119 w 1153 roku. Cysters\u00f3w miano sprowadzi\u0107 z podkolo\u0144skiego Altenbergu. Miejsce to upami\u0119tnia instalacja \u201eOkno z soli\u201d niemieckiej artystki Renate Georgii, pochodz\u0105cej z pod\u017cni\u0144skich Podobowic.<\/p>\n<p>Kolejnym punktem wycieczki by\u0142 s\u0142ynny XIV-wieczny drewniany ko\u015bci\u00f3\u0142 pw. \u015bw. Miko\u0142aja w Tarnowie Pa\u0142uckim, kt\u00f3ry szczyci si\u0119 pi\u0119kn\u0105 polichromi\u0105 prezentuj\u0105c\u0105 bogaty program teologiczny oraz \u015bwi\u0119tych i cysters\u00f3w. Z Tarnowa ruszyli\u015bmy w stron\u0119 Sielca. Po drodze czeka\u0142 nas jeszcze jeden przystanek \u2013 w Juncewie, gdzie na miejscowym cmentarzu pochowani s\u0105 ks. Jan Delert (1817\u20131894), budowniczy juncewskiego ko\u015bcio\u0142a oraz cz\u0142onek Pozna\u0144skiego Towarzystwa Przyjaci\u00f3\u0142 Nauk i Towarzystwa Tatrza\u0144skiego, a tak\u017ce Aleksander Guttry (1813\u20131891), uczestnik powsta\u0144: listopadowego, wielkopolskiego w 1848 roku i styczniowego.<\/p>\n<p>W Sielcu, w \u201eDworze Marze\u0144\u201d, przyj\u0119\u0142a nas w\u0142a\u015bcicielka obiektu, Katarzyna Rodziewicz. Jej gaw\u0119da wprowadzi\u0142a nas w \u015bwiat przedwojennego Sielca, kiedy to w\u0142a\u015bcicielem d\u00f3br sieleckich by\u0142 J\u00f3zef Unrug (1884\u20131973) \u2013 s\u0142ynny kontradmira\u0142, budowniczy Polskiej Floty. Z w\u0142asnych \u015brodk\u00f3w sfinansowa\u0142 zakup pierwszego polskiego okr\u0119tu wojennego ORP \u201ePomorzanin\u201d, a w czasie II wojny \u015bwiatowej ws\u0142awi\u0142 si\u0119 obron\u0105 Helu. Skapitulowa\u0142 dopiero 1 pa\u017adziernika 1939 roku, reszt\u0119 wojny sp\u0119dzi\u0142 w oflagach niemieckich. Zmar\u0142 na emigracji we Francji. Po wys\u0142uchaniu gaw\u0119dy i oprowadzeniu po Izbie Admiralskiej pani Rodziewicz zaprosi\u0142a nas na kaw\u0119 i ciasto. Pawe\u0142 Anders i Jerzy Szoci\u0144ski wr\u0119czyli w\u0142a\u015bcicielce dworu Z\u0142ot\u0105 Honorow\u0105 Pa\u0142uck\u0105 Odznak\u0119 Krajoznawcz\u0105 za zas\u0142ugi w kultywowaniu pami\u0119ci o admirale Unrugu.<\/p>\n<p>W \u017bninie, kolejnej zwiedzanej miejscowo\u015bci, byli\u015bmy w Muzeum Ziemi \u017bni\u0144skiej znajduj\u0105cym si\u0119 w \u201ebaszcie\u201d, czyli w wie\u017cy zachowanej z nieistniej\u0105cego obecnie ratusza, oraz w \u201emagistracie\u201d, gdzie znajduj\u0105 si\u0119 wystawy dotycz\u0105ce historii drukarstwa \u017cni\u0144skiego (s\u0142ynna gazeta \u201eMoja Przyjaci\u00f3\u0142ka\u201d wychodzi\u0142a w tym niewielkim mie\u015bcie w latach 1934\u20131939, konkuruj\u0105c nawet z \u201eIlustrowanym Kurierem Codziennym\u201d) i intarsji Edmunda Kap\u0142o\u0144skiego. Du\u017ce zainteresowanie krajoznawc\u00f3w wzbudzi\u0142a Cukrownia \u017bnin \u2013 przyk\u0142ad udanej rewitalizacji dawnego kompleksu przemys\u0142owego, kt\u00f3ry sta\u0142 si\u0119 obecnie centrum hotelarsko-gastronomicznym. Po obiekcie oprowadzi\u0142 nas by\u0142y pracownik Cukrowni, Andrzej Wojciechowski. Po zwiedzeniu tego kompleksu pojechali\u015bmy do Januszkowa, gdzie w blasku latarek obejrzeli\u015bmy pomnik Klemensa Janickiego (Janiciusa, \u017cyj\u0105cego w latach 1516\u20131543) pochodz\u0105cego z miejscowej ch\u0142opskiej rodziny, poety pisz\u0105cego w j\u0119zyku \u0142aci\u0144skim. Za swe utwory poetyckie otrzyma\u0142 od papie\u017ca Paw\u0142a III tytu\u0142 \u201epoety laureata\u201d.<\/p>\n<p>Kolejnym etapem naszej wyprawy by\u0142 Lubostro\u0144. Przewodnik pa\u0142acowy, Maciej Bana\u015b, oprowadzi\u0142 nas po przepi\u0119knym obiekcie i jego podziemiach, a wieczorem odby\u0142o si\u0119 spotkanie krajoznawcze. Izabela Nowak z Oddzia\u0142u PTTK w \u017bninie przygotowa\u0142a interesuj\u0105cy wyk\u0142ad o eratykach na Pa\u0142ukach, czyli kamieniach, kt\u00f3re przyby\u0142y ze Skandynawii w trakcie zlodowace\u0144. Po prelekcji Iwona Balcerowicz \u2013 sekretarz, Anna Matlach \u2013 skarbnik Zarz\u0105du Oddzia\u0142u PTTK w W\u0105growcu, uroczy\u015bcie wr\u0119czy\u0142y Paw\u0142owi Andersowi Z\u0142ot\u0105 Honorow\u0105 Pa\u0142uck\u0105 Odznak\u0119 Krajoznawcz\u0105 za wybitne zas\u0142ugi w propagowaniu Pa\u0142uk poprzez liczne publikacje krajoznawcze.<\/p>\n<p>Wczesnym niedzielnym porankiem w kaplicy pa\u0142acowej ks. \u0141ukasz Staniszewski odprawi\u0142 msz\u0119 w intencji instruktor\u00f3w krajoznawstwa i cz\u0142onk\u00f3w PTTK. Po \u015bniadaniu podziwiali\u015bmy widok sk\u0105panego w ch\u0142odnym, listopadowym s\u0142o\u0144cu pa\u0142acu Sk\u00f3rzewskich. I ruszyli\u015bmy w dalsz\u0105 cz\u0119\u015b\u0107 podr\u00f3\u017cy po Pa\u0142ukach.<\/p>\n<p>Pierwszym przystankiem by\u0142 \u0141abiszyn \u2013 przy ko\u015bciele \u015bw. Miko\u0142aja pochylili\u015bmy si\u0119 nad grobami: pu\u0142kownika Kazimierza Miel\u0119ckiego (1837\u20131863), kt\u00f3ry zmar\u0142 wskutek ran\u00a0\u00a0 odniesionych w powstaniu styczniowym, oraz dr. Juliana Gerpe (1816\u20131876), zas\u0142u\u017conego miejscowego lekarza. Przy cmentarzu znajduje si\u0119 imponuj\u0105cy \u201eD\u0105b Jagie\u0142\u0142y\u201d maj\u0105cy ponad 800 cm obwodu, kt\u00f3rego wed\u0142ug legendy posadzi\u0142 kr\u00f3l W\u0142adys\u0142aw Jagie\u0142\u0142o po zwyci\u0119skiej bitwie pod Koronowem w 1410 roku.<\/p>\n<p>Z \u0141abiszyna ruszyli\u015bmy do Szubina, gdzie w Muzeum Ziemi Szubi\u0144skiej im. Zenona Erdmanna ugo\u015bci\u0142a dr Kamila Czechowska, kt\u00f3ra ze swad\u0105 opowiedzia\u0142a o dziejach miejscowo\u015bci i oprowadzi\u0142a nas po ruinach zamku S\u0119dziwoja, kt\u00f3re niedawno zosta\u0142y zrewitalizowane.<\/p>\n<p>Z Szubina trafili\u015bmy do Kcyni, gdzie przy Szkole Podstawowej nr 2 czeka\u0142 na nas Zbigniew Prusak, kt\u00f3ry oprowadzi\u0142 po Izbie Pami\u0119ci po\u015bwi\u0119conej najs\u0142ynniejszemu kcynianinowi \u2013 Janowi Czochralskiemu, profesorowi i tw\u00f3rcy metody odkrywania monokryszta\u0142\u00f3w, dzi\u0119ki czemu mo\u017cliwa sta\u0142a si\u0119 rewolucja elektroniczna. Ponadto zwiedzili\u015bmy miasteczko, a na dawnym dworcu PKP czeka\u0142a niespodzianka \u2013 spotkali\u015bmy si\u0119 z cz\u0142onkami Kcy\u0144skiego Towarzystwa Historycznego i jego prezesem Piotrem D\u0105browskim, kt\u00f3rzy w strojach powsta\u0144c\u00f3w wielkopolskich pokazali nam Izb\u0119 Pami\u0119ci Powstania Wielkopolskiego. Poza pami\u0105tkow\u0105 fotografi\u0105 by\u0142a r\u00f3wnie\u017c salwa honorowa.<\/p>\n<p>W drodze powrotnej do W\u0105growca zatrzymali\u015bmy si\u0119 w Grocholinie, gdzie dzi\u0119ki uprzejmo\u015bci so\u0142tysa mogli\u015bmy obejrze\u0107 pi\u0119kny renesansowy dw\u00f3r (potocznie zwany zameczkiem) oraz pomnikowe drzewa znajduj\u0105ce si\u0119 w parku dworskim.<\/p>\n<p>W W\u0105growcu, na dworcu kolejowym, zako\u0144czy\u0142 si\u0119 nasz bardzo udany zlot. Za jego przygotowanie szczeg\u00f3lne s\u0142owa podzi\u0119kowania nale\u017c\u0105 si\u0119 przewodnicz\u0105cemu Wielkopolskiego Kolegium Instruktor\u00f3w Krajoznawstwa, Jerzemu Szoci\u0144skiemu, i jego \u017conie, Barbarze Skarbi\u0144skiej-Szoci\u0144skiej. Mieli\u015bmy okazj\u0119 pozna\u0107 przepi\u0119kne zak\u0105tki ma\u0142o znanych Pa\u0142uk. Nasze apetyty krajoznawcze zaspokojone.<\/p>\n<p><strong>Marcin A. Klemenski<\/strong>, Sekretarz Rady Programowej\u00a0 ds. M\u0142odzie\u017cy Szkolnej ZG PTTK<\/p>\n<p><strong><em> <a href=\"https:\/\/turysta2.pttk.pl\/wp-content\/uploads\/2023\/02\/1.-Uczestnicy-zlotu-na-dworcu-w-Wagrowcu-fot.-Skarbinska-Szocinska.jpg\"><img loading=\"lazy\" decoding=\"async\" class=\"alignnone wp-image-28387\" src=\"https:\/\/turysta2.pttk.pl\/wp-content\/uploads\/2023\/02\/1.-Uczestnicy-zlotu-na-dworcu-w-Wagrowcu-fot.-Skarbinska-Szocinska-300x221.jpg\" alt=\"\" width=\"427\" height=\"314\" srcset=\"https:\/\/turysta2.pttk.pl\/wp-content\/uploads\/2023\/02\/1.-Uczestnicy-zlotu-na-dworcu-w-Wagrowcu-fot.-Skarbinska-Szocinska-300x221.jpg 300w, https:\/\/turysta2.pttk.pl\/wp-content\/uploads\/2023\/02\/1.-Uczestnicy-zlotu-na-dworcu-w-Wagrowcu-fot.-Skarbinska-Szocinska-1024x754.jpg 1024w, https:\/\/turysta2.pttk.pl\/wp-content\/uploads\/2023\/02\/1.-Uczestnicy-zlotu-na-dworcu-w-Wagrowcu-fot.-Skarbinska-Szocinska-768x565.jpg 768w, https:\/\/turysta2.pttk.pl\/wp-content\/uploads\/2023\/02\/1.-Uczestnicy-zlotu-na-dworcu-w-Wagrowcu-fot.-Skarbinska-Szocinska.jpg 1417w\" sizes=\"auto, (max-width: 427px) 100vw, 427px\" \/><\/a> <a href=\"https:\/\/turysta2.pttk.pl\/wp-content\/uploads\/2023\/02\/2.-Nadanie-Katarzynie-Rodziewicz-Honorowej-Paluckiej-Odznaki-Krajoznawczej-fot.-B.-Skarbinska-Szocinska.jpg\"><img loading=\"lazy\" decoding=\"async\" class=\"alignnone wp-image-28388\" src=\"https:\/\/turysta2.pttk.pl\/wp-content\/uploads\/2023\/02\/2.-Nadanie-Katarzynie-Rodziewicz-Honorowej-Paluckiej-Odznaki-Krajoznawczej-fot.-B.-Skarbinska-Szocinska-300x200.jpg\" alt=\"\" width=\"428\" height=\"285\" srcset=\"https:\/\/turysta2.pttk.pl\/wp-content\/uploads\/2023\/02\/2.-Nadanie-Katarzynie-Rodziewicz-Honorowej-Paluckiej-Odznaki-Krajoznawczej-fot.-B.-Skarbinska-Szocinska-300x200.jpg 300w, https:\/\/turysta2.pttk.pl\/wp-content\/uploads\/2023\/02\/2.-Nadanie-Katarzynie-Rodziewicz-Honorowej-Paluckiej-Odznaki-Krajoznawczej-fot.-B.-Skarbinska-Szocinska-1024x684.jpg 1024w, https:\/\/turysta2.pttk.pl\/wp-content\/uploads\/2023\/02\/2.-Nadanie-Katarzynie-Rodziewicz-Honorowej-Paluckiej-Odznaki-Krajoznawczej-fot.-B.-Skarbinska-Szocinska-768x513.jpg 768w, https:\/\/turysta2.pttk.pl\/wp-content\/uploads\/2023\/02\/2.-Nadanie-Katarzynie-Rodziewicz-Honorowej-Paluckiej-Odznaki-Krajoznawczej-fot.-B.-Skarbinska-Szocinska-1536x1025.jpg 1536w, https:\/\/turysta2.pttk.pl\/wp-content\/uploads\/2023\/02\/2.-Nadanie-Katarzynie-Rodziewicz-Honorowej-Paluckiej-Odznaki-Krajoznawczej-fot.-B.-Skarbinska-Szocinska.jpg 1772w\" sizes=\"auto, (max-width: 428px) 100vw, 428px\" \/><\/a> <a href=\"https:\/\/turysta2.pttk.pl\/wp-content\/uploads\/2023\/02\/3.-W-palacu-w-Lubostroniu-fot.-B.-Skarbinska-Szocinska.-jpg.jpg\"><img loading=\"lazy\" decoding=\"async\" class=\"alignnone wp-image-28389\" src=\"https:\/\/turysta2.pttk.pl\/wp-content\/uploads\/2023\/02\/3.-W-palacu-w-Lubostroniu-fot.-B.-Skarbinska-Szocinska.-jpg-300x181.jpg\" alt=\"\" width=\"428\" height=\"258\" srcset=\"https:\/\/turysta2.pttk.pl\/wp-content\/uploads\/2023\/02\/3.-W-palacu-w-Lubostroniu-fot.-B.-Skarbinska-Szocinska.-jpg-300x181.jpg 300w, https:\/\/turysta2.pttk.pl\/wp-content\/uploads\/2023\/02\/3.-W-palacu-w-Lubostroniu-fot.-B.-Skarbinska-Szocinska.-jpg-1024x617.jpg 1024w, https:\/\/turysta2.pttk.pl\/wp-content\/uploads\/2023\/02\/3.-W-palacu-w-Lubostroniu-fot.-B.-Skarbinska-Szocinska.-jpg-768x463.jpg 768w, https:\/\/turysta2.pttk.pl\/wp-content\/uploads\/2023\/02\/3.-W-palacu-w-Lubostroniu-fot.-B.-Skarbinska-Szocinska.-jpg.jpg 1417w\" sizes=\"auto, (max-width: 428px) 100vw, 428px\" \/><\/a><\/em><\/strong><\/p>\n<p><strong><em>Zdj\u0119cia<\/em><\/strong><strong> Barbara Skarbi\u0144ska-Szoci\u0144ska<\/strong><\/p>\n<p><strong>\u00a0<\/strong><strong>Podpisy pod zdj\u0119cia:<\/strong><\/p>\n<ol>\n<li><strong>Uczestnicy zlotu na dworcu w W\u0105growcu<\/strong><\/li>\n<li><strong>Nadanie Katarzynie Rodziewicz Honorowej Pa\u0142uckiej Odznaki Krajoznawczej (po lewej Pawe\u0142 Anders, po prawej Jerzy Szoci\u0144ski)<\/strong><\/li>\n<li><strong><strong>W pa\u0142acu w Lubostroniu<\/strong><\/strong>&nbsp;<\/li>\n<\/ol>\n<p>&nbsp;<\/p>\n","protected":false},"excerpt":{"rendered":"Wielkopolskie Kolegium Instruktor\u00f3w Krajoznawstwa przy wsp\u00f3\u0142pracy z Oddzia\u0142em PTTK w W\u0105growcu zorganizowa\u0142o w dniach 5\u20136 listopada 2022 roku 6. Wielkopolski Zlot Instruktor\u00f3w Krajoznawstwa. Tym razem instruktor\u00f3w go\u015bci\u0142y ma\u0142o znane, a niezwykle interesuj\u0105ce Pa\u0142uki \u2013 niewielka kraina znajduj\u0105ca si\u0119 na pograniczu Wielkopolski, Krajny i Kujaw. Spotkali\u015bmy si\u0119 w sobot\u0119 na dworcu kolejowym w W\u0105growcu, sk\u0105d ruszyli\u015bmy na spacer po tym pocysterskim&nbsp;<a href=\"https:\/\/turysta2.pttk.pl\/?p=28386\" class=\"read-more\">Continue Reading<\/a>","protected":false},"author":4,"featured_media":28388,"comment_status":"closed","ping_status":"closed","sticky":false,"template":"","format":"standard","meta":{"footnotes":""},"categories":[68,41],"tags":[],"class_list":["post-28386","post","type-post","status-publish","format-standard","has-post-thumbnail","hentry","category-turystyka-piesza","category-turystyka-pttk","cat-68-id","cat-41-id"],"aioseo_notices":[],"_links":{"self":[{"href":"https:\/\/turysta2.pttk.pl\/index.php?rest_route=\/wp\/v2\/posts\/28386","targetHints":{"allow":["GET"]}}],"collection":[{"href":"https:\/\/turysta2.pttk.pl\/index.php?rest_route=\/wp\/v2\/posts"}],"about":[{"href":"https:\/\/turysta2.pttk.pl\/index.php?rest_route=\/wp\/v2\/types\/post"}],"author":[{"embeddable":true,"href":"https:\/\/turysta2.pttk.pl\/index.php?rest_route=\/wp\/v2\/users\/4"}],"replies":[{"embeddable":true,"href":"https:\/\/turysta2.pttk.pl\/index.php?rest_route=%2Fwp%2Fv2%2Fcomments&post=28386"}],"version-history":[{"count":3,"href":"https:\/\/turysta2.pttk.pl\/index.php?rest_route=\/wp\/v2\/posts\/28386\/revisions"}],"predecessor-version":[{"id":28611,"href":"https:\/\/turysta2.pttk.pl\/index.php?rest_route=\/wp\/v2\/posts\/28386\/revisions\/28611"}],"wp:featuredmedia":[{"embeddable":true,"href":"https:\/\/turysta2.pttk.pl\/index.php?rest_route=\/wp\/v2\/media\/28388"}],"wp:attachment":[{"href":"https:\/\/turysta2.pttk.pl\/index.php?rest_route=%2Fwp%2Fv2%2Fmedia&parent=28386"}],"wp:term":[{"taxonomy":"category","embeddable":true,"href":"https:\/\/turysta2.pttk.pl\/index.php?rest_route=%2Fwp%2Fv2%2Fcategories&post=28386"},{"taxonomy":"post_tag","embeddable":true,"href":"https:\/\/turysta2.pttk.pl\/index.php?rest_route=%2Fwp%2Fv2%2Ftags&post=28386"}],"curies":[{"name":"wp","href":"https:\/\/api.w.org\/{rel}","templated":true}]}}