{"id":28370,"date":"2022-11-21T19:15:56","date_gmt":"2022-11-21T17:15:56","guid":{"rendered":"https:\/\/turysta2.pttk.pl\/?p=28370"},"modified":"2023-03-27T10:56:49","modified_gmt":"2023-03-27T08:56:49","slug":"turystyczny-grudziadz","status":"publish","type":"post","link":"https:\/\/turysta2.pttk.pl\/?p=28370","title":{"rendered":"Turystyczny Grudzi\u0105dz"},"content":{"rendered":"<p><strong>Turystyczny Grudzi\u0105dz<\/strong><\/p>\n<p><strong>\u00a0<\/strong><\/p>\n<p><strong>Grudzi\u0105dz to nie tylko pi\u0119kne miasto wojew\u00f3dztwa kujawsko-pomorskiego o bogatej historii, ze wspania\u0142ymi zabytkami i obiektami turystycznymi. To tak\u017ce miasto o ogromnych walorach naturalnych. Jego po\u0142o\u017cenie na prawym brzegu Wis\u0142y, dost\u0119p do czterech jezior i teren\u00f3w le\u015bnych sprawia, \u017ce bardzo popularna jest tu turystyka piesza. <\/strong><\/p>\n<p><strong>\u00a0<\/strong><\/p>\n<p>W Grudzi\u0105dzu aktywnie dzia\u0142a szkolne Ko\u0142o Turystyczno-Krajoznawcze PTTK nr 61 \u201eSznur\u00f3wki\u201d przy Szkole Podstawowej nr 12 im. Syn\u00f3w Pu\u0142ku. Z powodzeniem upowszechnia turystyk\u0119 piesz\u0105 w\u015br\u00f3d dzieci i m\u0142odzie\u017cy szkolnej. 17 wrze\u015bnia 2022 roku odby\u0142a si\u0119 kolejna impreza zorganizowana przez Ko\u0142o \u2013 Radosny rajd pieszy \u201ePowitanie roku szkolnego\u201d. Kierownik trasy, przewodnik turystyki pieszej, Pawe\u0142 Kaca\u0142a, poprowadzi\u0142 blisko trzystu piechur\u00f3w na G\u00f3r\u0119 Zamkow\u0105, sk\u0105d mogli podziwia\u0107 nie tylko wspania\u0142e widoki, jakie zapewnia prawy brzeg Wis\u0142y, ale tak\u017ce jedn\u0105 z wizyt\u00f3wek naszego miasta \u2013 \u015bredniowieczne mury obronne i wbudowan\u0105 we fragment mur\u00f3w miejskich Bram\u0119 Wodn\u0105. Uczestnicy mieli tak\u017ce okazj\u0119 wzi\u0119cia udzia\u0142u w konkursie rekreacyjno-sprawno\u015bciowym oraz zdobycia puchar\u00f3w i dyplom\u00f3w okoliczno\u015bciowych dla swoich szk\u00f3\u0142.<\/p>\n<p>Dwa tygodnie p\u00f3\u017aniej m\u0142odzi tury\u015bci z grudzi\u0105dzkich szk\u00f3\u0142 \u015bwi\u0119towali \u015awiatowy Dzie\u0144 Turystyki. Ko\u0142o \u201eSznur\u00f3wki\u201d wraz z grudzi\u0105dzkim Oddzia\u0142em PTTK im. ks. pp\u0142k. dr. W\u0142adys\u0142awa \u0141\u0119gi oraz Wojskowym Ko\u0142em PTTK nr 62 \u201eOSeSeK\u201d zorganizowa\u0142y rajd pieszy promuj\u0105cy nie tylko walory przyrodnicze Grudzi\u0105dza, ale tak\u017ce wiedz\u0119 na temat turystyki. W s\u0142oneczny, jesienny dzie\u0144 kierownicy trasy, Adam Arentewicz i Jerzy Kondek, poprowadzili piechur\u00f3w tras\u0105 wiod\u0105c\u0105 przez Las Rudnicki i Park Miejski. Uczestnicy rajdu mieli tak\u017ce mo\u017cliwo\u015b\u0107 wykazania si\u0119 wiedz\u0105 na temat turystyki podczas konkursu okoliczno\u015bciowego, kt\u00f3rego rozstrzygni\u0119cie nast\u0105pi\u0142o na mecie.<\/p>\n<p><strong>\u00a0<\/strong><\/p>\n<p><strong>Alicja Kuziemska-Machowska <\/strong><\/p>\n<p><strong>Opiekun SKKT-PTTK nr 61 \u201eSznur\u00f3wki\u201d <\/strong><\/p>\n\n\t\t<style type=\"text\/css\">\n\t\t\t#gallery-1 {\n\t\t\t\tmargin: auto;\n\t\t\t}\n\t\t\t#gallery-1 .gallery-item {\n\t\t\t\tfloat: left;\n\t\t\t\tmargin-top: 10px;\n\t\t\t\ttext-align: center;\n\t\t\t\twidth: 33%;\n\t\t\t}\n\t\t\t#gallery-1 img {\n\t\t\t\tborder: 2px solid #cfcfcf;\n\t\t\t}\n\t\t\t#gallery-1 .gallery-caption {\n\t\t\t\tmargin-left: 0;\n\t\t\t}\n\t\t\t\/* see gallery_shortcode() in wp-includes\/media.php *\/\n\t\t<\/style>\n\t\t<div id='gallery-1' class='gallery galleryid-28370 gallery-columns-3 gallery-size-thumbnail'><dl class='gallery-item'>\n\t\t\t<dt class='gallery-icon landscape'>\n\t\t\t\t<a href='https:\/\/turysta2.pttk.pl\/?attachment_id=28371'><img loading=\"lazy\" decoding=\"async\" width=\"150\" height=\"150\" src=\"https:\/\/turysta2.pttk.pl\/wp-content\/uploads\/2022\/11\/r-1-150x150.jpg\" class=\"attachment-thumbnail size-thumbnail\" alt=\"\" \/><\/a>\n\t\t\t<\/dt><\/dl><dl class='gallery-item'>\n\t\t\t<dt class='gallery-icon landscape'>\n\t\t\t\t<a href='https:\/\/turysta2.pttk.pl\/?attachment_id=28372'><img loading=\"lazy\" decoding=\"async\" width=\"150\" height=\"150\" src=\"https:\/\/turysta2.pttk.pl\/wp-content\/uploads\/2022\/11\/r-2-150x150.jpg\" class=\"attachment-thumbnail size-thumbnail\" alt=\"\" \/><\/a>\n\t\t\t<\/dt><\/dl><dl class='gallery-item'>\n\t\t\t<dt class='gallery-icon landscape'>\n\t\t\t\t<a href='https:\/\/turysta2.pttk.pl\/?attachment_id=28373'><img loading=\"lazy\" decoding=\"async\" width=\"150\" height=\"150\" src=\"https:\/\/turysta2.pttk.pl\/wp-content\/uploads\/2022\/11\/r-4-150x150.jpg\" class=\"attachment-thumbnail size-thumbnail\" alt=\"\" \/><\/a>\n\t\t\t<\/dt><\/dl><br style=\"clear: both\" \/><dl class='gallery-item'>\n\t\t\t<dt class='gallery-icon landscape'>\n\t\t\t\t<a href='https:\/\/turysta2.pttk.pl\/?attachment_id=28374'><img loading=\"lazy\" decoding=\"async\" width=\"150\" height=\"150\" src=\"https:\/\/turysta2.pttk.pl\/wp-content\/uploads\/2022\/11\/r-8-150x150.jpg\" class=\"attachment-thumbnail size-thumbnail\" alt=\"\" \/><\/a>\n\t\t\t<\/dt><\/dl><dl class='gallery-item'>\n\t\t\t<dt class='gallery-icon landscape'>\n\t\t\t\t<a href='https:\/\/turysta2.pttk.pl\/?attachment_id=28375'><img loading=\"lazy\" decoding=\"async\" width=\"150\" height=\"150\" src=\"https:\/\/turysta2.pttk.pl\/wp-content\/uploads\/2022\/11\/r-9-150x150.jpg\" class=\"attachment-thumbnail size-thumbnail\" alt=\"\" \/><\/a>\n\t\t\t<\/dt><\/dl>\n\t\t\t<br style='clear: both' \/>\n\t\t<\/div>\n\n<p><strong><em>Zdj\u0119cia<\/em><\/strong><strong> Agata Saj<\/strong>a<\/p>\n<p>&nbsp;<\/p>\n<p><strong><\/p>\n<p><\/strong><\/p>\n<p>&nbsp;<\/p>\n<p>&nbsp;<\/p>\n","protected":false},"excerpt":{"rendered":"Turystyczny Grudzi\u0105dz \u00a0 Grudzi\u0105dz to nie tylko pi\u0119kne miasto wojew\u00f3dztwa kujawsko-pomorskiego o bogatej historii, ze wspania\u0142ymi zabytkami i obiektami turystycznymi. To tak\u017ce miasto o ogromnych walorach naturalnych. Jego po\u0142o\u017cenie na prawym brzegu Wis\u0142y, dost\u0119p do czterech jezior i teren\u00f3w le\u015bnych sprawia, \u017ce bardzo popularna jest tu turystyka piesza. \u00a0 W Grudzi\u0105dzu aktywnie dzia\u0142a szkolne Ko\u0142o Turystyczno-Krajoznawcze PTTK nr 61 \u201eSznur\u00f3wki\u201d&nbsp;<a href=\"https:\/\/turysta2.pttk.pl\/?p=28370\" class=\"read-more\">Continue Reading<\/a>","protected":false},"author":4,"featured_media":28372,"comment_status":"closed","ping_status":"closed","sticky":false,"template":"","format":"standard","meta":{"footnotes":""},"categories":[73,41],"tags":[],"class_list":["post-28370","post","type-post","status-publish","format-standard","has-post-thumbnail","hentry","category-turystyka-srodowiskowa","category-turystyka-pttk","cat-73-id","cat-41-id"],"aioseo_notices":[],"_links":{"self":[{"href":"https:\/\/turysta2.pttk.pl\/index.php?rest_route=\/wp\/v2\/posts\/28370","targetHints":{"allow":["GET"]}}],"collection":[{"href":"https:\/\/turysta2.pttk.pl\/index.php?rest_route=\/wp\/v2\/posts"}],"about":[{"href":"https:\/\/turysta2.pttk.pl\/index.php?rest_route=\/wp\/v2\/types\/post"}],"author":[{"embeddable":true,"href":"https:\/\/turysta2.pttk.pl\/index.php?rest_route=\/wp\/v2\/users\/4"}],"replies":[{"embeddable":true,"href":"https:\/\/turysta2.pttk.pl\/index.php?rest_route=%2Fwp%2Fv2%2Fcomments&post=28370"}],"version-history":[{"count":1,"href":"https:\/\/turysta2.pttk.pl\/index.php?rest_route=\/wp\/v2\/posts\/28370\/revisions"}],"predecessor-version":[{"id":28376,"href":"https:\/\/turysta2.pttk.pl\/index.php?rest_route=\/wp\/v2\/posts\/28370\/revisions\/28376"}],"wp:featuredmedia":[{"embeddable":true,"href":"https:\/\/turysta2.pttk.pl\/index.php?rest_route=\/wp\/v2\/media\/28372"}],"wp:attachment":[{"href":"https:\/\/turysta2.pttk.pl\/index.php?rest_route=%2Fwp%2Fv2%2Fmedia&parent=28370"}],"wp:term":[{"taxonomy":"category","embeddable":true,"href":"https:\/\/turysta2.pttk.pl\/index.php?rest_route=%2Fwp%2Fv2%2Fcategories&post=28370"},{"taxonomy":"post_tag","embeddable":true,"href":"https:\/\/turysta2.pttk.pl\/index.php?rest_route=%2Fwp%2Fv2%2Ftags&post=28370"}],"curies":[{"name":"wp","href":"https:\/\/api.w.org\/{rel}","templated":true}]}}