{"id":28364,"date":"2022-11-21T19:13:32","date_gmt":"2022-11-21T17:13:32","guid":{"rendered":"https:\/\/turysta2.pttk.pl\/?p=28364"},"modified":"2023-03-27T10:56:50","modified_gmt":"2023-03-27T08:56:50","slug":"rodzinne-wedrowanie","status":"publish","type":"post","link":"https:\/\/turysta2.pttk.pl\/?p=28364","title":{"rendered":"Rodzinne w\u0119drowanie"},"content":{"rendered":"<p><strong>Rodzinne w\u0119drowani<\/strong>e<\/p>\n<p>W sobot\u0119, 24 wrze\u015bnia 2022 roku, bra\u0107 turystyczna obchodzi\u0142a swoje \u015bwi\u0119to \u2013 Mi\u0119dzynarodowy Dzie\u0144 Turystyki. Z tej okazji Zarz\u0105d G\u0142\u00f3wny PTTK og\u0142osi\u0142 kolejn\u0105 ju\u017c akcj\u0119 pod tytu\u0142em \u201eMi\u0119dzypokoleniowa Sztafeta Turystyczna\u201d. Z tej okazji Oddzia\u0142 PTTK w \u017barnowie zorganizowa\u0142 VIII Rodzinny Rajd wok\u00f3\u0142 \u017barnowa, w kt\u00f3rym wzi\u0119\u0142o udzia\u0142 prawie 140 os\u00f3b. Trasa imprezy o d\u0142ugo\u015bci 5 km zosta\u0142a tak dobrana, aby mog\u0142y ni\u0105 przej\u015b\u0107 lub nawet przejecha\u0107 spacerowym w\u00f3zkiem mamy z bardzo ma\u0142ymi dzie\u0107mi. Uda\u0142o si\u0119 zach\u0119ci\u0107 do wsp\u00f3lnego w\u0119drowania 28 matek, 3 ojc\u00f3w, 3 babcie i 2 ciocie maj\u0105ce po opiek\u0105 swoje pociechy. Niewielka liczba doros\u0142ych w\u0119druj\u0105cych bez dzieci r\u00f3wnie\u017c skorzysta\u0142a z tego spaceru.<\/p>\n<p>Miejscem startu by\u0142 parking przy Szkole Podstawowej w \u017barnowie, sk\u0105d tury\u015bci udali si\u0119 w stron\u0119 zabytkowego parku podworskiego w Trojanowicach, w\u0119druj\u0105c nast\u0119pnie przez Topolice do miejsca zako\u0144czenia imprezy\u00a0 w Domu Kultury w \u017barnowie. Id\u0105c przez \u017barn\u00f3w, uczestnicy przechodzili obok kilku atrakcji krajoznawczych: ko\u015bcio\u0142a pod wezwaniem \u015bw. Miko\u0142aja z najstarsz\u0105 cz\u0119\u015bci\u0105 roma\u0144sk\u0105 datowan\u0105 na 1195 rok, dawnego grodziska zwanego Szwedzk\u0105 G\u00f3r\u0105, sk\u0105d kr\u00f3l Jan Kazimierz obserwowa\u0142 przebieg bitwy ze Szwedami w 1655 roku. Na szczycie dawnego grodziska znajduj\u0105 si\u0119 dwa pomniki: Anio\u0142a Pokoju, po\u015bwi\u0119conego czynom niepodleg\u0142o\u015bciowym mieszka\u0144c\u00f3w \u017barnowa, i\u00a0 drugi po\u015bwi\u0119cony partyzantom 25 pp. AK. U podn\u00f3\u017ca widoczny pomnik woja i tablica informacyjna. Rajdowcy przeszli r\u00f3wnie\u017c obok pomnika \u015bw. Jana Nepomucena patrona most\u00f3w, przepraw i opiekuna \u017cycia rodzinnego.<\/p>\n<p>Rajd wok\u00f3\u0142 \u017barnowa odbywa\u0142 si\u0119 pod honorowym patronatem w\u00f3jta gminy \u017barn\u00f3w dr. Krzysztofa Nawrockiego, kt\u00f3ry podczas otwarcia imprezy m\u00f3wi\u0142 m.in. o zdrowotnych aspektach turystyki i krajoznawczym poznawaniu swej najbli\u017cszej \u201ema\u0142ej ojczyzny\u201d.<\/p>\n<p>Zako\u0144czenie rajdu odby\u0142o si\u0119 w Domu Kultury w \u017barnowie, gdzie uczestnicy mogli przy okazji zobaczy\u0107 wystaw\u0119 fotografii zwi\u0105zan\u0105 z 25-leciem miejscowego Oddzia\u0142u PTTK. Wszyscy tury\u015bci otrzymali pami\u0105tkowe certyfikaty potwierdzaj\u0105ce uczestnictwo w IX Mi\u0119dzypokoleniowej Sztafecie Turystycznej, podpisane przez sekretarza generalnego i prezesa ZG PTTK w Warszawie. Organizatorzy zadbali o upominki dla ka\u017cdego uczestnika. Nagroda specjalna ufundowana przez Barbar\u0119 Ciszewsk\u0105 przyznana zosta\u0142a najm\u0142odszemu uczestnikowi rajdu, kt\u00f3rym okaza\u0142 si\u0119 czteromiesi\u0119czny Aleksander Boro\u0144czyk.<\/p>\n<p>Prezes ZO PTTK w \u017barnowie, W\u0142odzimierz Szafi\u0144ski, przypomnia\u0142 o zbli\u017caj\u0105cym si\u0119\u00a0 XXVI Przegl\u0105dzie Poezjii \u201eKrajobrazy Polskie\u201d oraz\u00a0 o wysy\u0142aniu prac na\u00a0 og\u00f3lnopolski konkurs plastyczny \u201eRodzinne w\u0119dr\u00f3wki\u201d organizowanym przez Komisj\u0119 \u015arodowiskow\u0105 ZG w Warszawie. Wr\u0119czy\u0142 tak\u017ce legitymacj\u0119 cz\u0142onkowsk\u0105 PTTK\u00a0 Klaudii Wiktorowicz ze Szko\u0142y Podstawowej w Miedznej Drewnianej oraz dyplomy za udzia\u0142 w rajdzie dru\u017cynom z SKKT \u2013 PTTK przy Szkole Podstawowej w Bia\u0142aczowie, Miedznej Drewnianej i \u017barnowie. Mi\u0142o poinformowa\u0107, i kilkoro dzieci za zgod\u0105 rodzic\u00f3w wyrazi\u0142o ch\u0119\u0107 wst\u0105pienia do \u017carnowskiego O\/PTTK.<\/p>\n<p><strong>W\u0142odzimierz Szafi\u0144ski<\/strong><\/p>\n<p><strong>Autor jest emerytowanym nauczycielem, przodownikiem turystyki pieszej, g\u00f3rskiej i kolarskiej, instruktorem krajoznawstwa Polski, instruktorem ochrony przyrody.<\/strong><\/p>\n<p><strong>Zdj\u0119cia Archiwum PTTK\u00a0 \u017barn\u00f3w<\/strong><\/p>\n\n\t\t<style type=\"text\/css\">\n\t\t\t#gallery-1 {\n\t\t\t\tmargin: auto;\n\t\t\t}\n\t\t\t#gallery-1 .gallery-item {\n\t\t\t\tfloat: left;\n\t\t\t\tmargin-top: 10px;\n\t\t\t\ttext-align: center;\n\t\t\t\twidth: 33%;\n\t\t\t}\n\t\t\t#gallery-1 img {\n\t\t\t\tborder: 2px solid #cfcfcf;\n\t\t\t}\n\t\t\t#gallery-1 .gallery-caption {\n\t\t\t\tmargin-left: 0;\n\t\t\t}\n\t\t\t\/* see gallery_shortcode() in wp-includes\/media.php *\/\n\t\t<\/style>\n\t\t<div id='gallery-1' class='gallery galleryid-28364 gallery-columns-3 gallery-size-thumbnail'><dl class='gallery-item'>\n\t\t\t<dt class='gallery-icon landscape'>\n\t\t\t\t<a href='https:\/\/turysta2.pttk.pl\/?attachment_id=28365'><img loading=\"lazy\" decoding=\"async\" width=\"150\" height=\"150\" src=\"https:\/\/turysta2.pttk.pl\/wp-content\/uploads\/2022\/11\/307727953_557299346195906_4858847551001360091_n-150x150.jpg\" class=\"attachment-thumbnail size-thumbnail\" alt=\"\" \/><\/a>\n\t\t\t<\/dt><\/dl><dl class='gallery-item'>\n\t\t\t<dt class='gallery-icon landscape'>\n\t\t\t\t<a href='https:\/\/turysta2.pttk.pl\/?attachment_id=28366'><img loading=\"lazy\" decoding=\"async\" width=\"150\" height=\"150\" src=\"https:\/\/turysta2.pttk.pl\/wp-content\/uploads\/2022\/11\/308292850_1282864575848384_792830870893085122_n-150x150.jpg\" class=\"attachment-thumbnail size-thumbnail\" alt=\"\" \/><\/a>\n\t\t\t<\/dt><\/dl><dl class='gallery-item'>\n\t\t\t<dt class='gallery-icon landscape'>\n\t\t\t\t<a href='https:\/\/turysta2.pttk.pl\/?attachment_id=28367'><img loading=\"lazy\" decoding=\"async\" width=\"150\" height=\"150\" src=\"https:\/\/turysta2.pttk.pl\/wp-content\/uploads\/2022\/11\/308302619_3324777004473489_508493132972043246_n-150x150.jpg\" class=\"attachment-thumbnail size-thumbnail\" alt=\"\" \/><\/a>\n\t\t\t<\/dt><\/dl><br style=\"clear: both\" \/><dl class='gallery-item'>\n\t\t\t<dt class='gallery-icon landscape'>\n\t\t\t\t<a href='https:\/\/turysta2.pttk.pl\/?attachment_id=28368'><img loading=\"lazy\" decoding=\"async\" width=\"150\" height=\"150\" src=\"https:\/\/turysta2.pttk.pl\/wp-content\/uploads\/2022\/11\/309211249_5357498094306052_2355266878335309884_n-150x150.jpg\" class=\"attachment-thumbnail size-thumbnail\" alt=\"\" \/><\/a>\n\t\t\t<\/dt><\/dl>\n\t\t\t<br style='clear: both' \/>\n\t\t<\/div>\n\n","protected":false},"excerpt":{"rendered":"Rodzinne w\u0119drowanie W sobot\u0119, 24 wrze\u015bnia 2022 roku, bra\u0107 turystyczna obchodzi\u0142a swoje \u015bwi\u0119to \u2013 Mi\u0119dzynarodowy Dzie\u0144 Turystyki. Z tej okazji Zarz\u0105d G\u0142\u00f3wny PTTK og\u0142osi\u0142 kolejn\u0105 ju\u017c akcj\u0119 pod tytu\u0142em \u201eMi\u0119dzypokoleniowa Sztafeta Turystyczna\u201d. Z tej okazji Oddzia\u0142 PTTK w \u017barnowie zorganizowa\u0142 VIII Rodzinny Rajd wok\u00f3\u0142 \u017barnowa, w kt\u00f3rym wzi\u0119\u0142o udzia\u0142 prawie 140 os\u00f3b. Trasa imprezy o d\u0142ugo\u015bci 5 km zosta\u0142a tak&nbsp;<a href=\"https:\/\/turysta2.pttk.pl\/?p=28364\" class=\"read-more\">Continue Reading<\/a>","protected":false},"author":4,"featured_media":28366,"comment_status":"closed","ping_status":"closed","sticky":false,"template":"","format":"standard","meta":{"footnotes":""},"categories":[73,41],"tags":[],"class_list":["post-28364","post","type-post","status-publish","format-standard","has-post-thumbnail","hentry","category-turystyka-srodowiskowa","category-turystyka-pttk","cat-73-id","cat-41-id"],"aioseo_notices":[],"_links":{"self":[{"href":"https:\/\/turysta2.pttk.pl\/index.php?rest_route=\/wp\/v2\/posts\/28364","targetHints":{"allow":["GET"]}}],"collection":[{"href":"https:\/\/turysta2.pttk.pl\/index.php?rest_route=\/wp\/v2\/posts"}],"about":[{"href":"https:\/\/turysta2.pttk.pl\/index.php?rest_route=\/wp\/v2\/types\/post"}],"author":[{"embeddable":true,"href":"https:\/\/turysta2.pttk.pl\/index.php?rest_route=\/wp\/v2\/users\/4"}],"replies":[{"embeddable":true,"href":"https:\/\/turysta2.pttk.pl\/index.php?rest_route=%2Fwp%2Fv2%2Fcomments&post=28364"}],"version-history":[{"count":1,"href":"https:\/\/turysta2.pttk.pl\/index.php?rest_route=\/wp\/v2\/posts\/28364\/revisions"}],"predecessor-version":[{"id":28369,"href":"https:\/\/turysta2.pttk.pl\/index.php?rest_route=\/wp\/v2\/posts\/28364\/revisions\/28369"}],"wp:featuredmedia":[{"embeddable":true,"href":"https:\/\/turysta2.pttk.pl\/index.php?rest_route=\/wp\/v2\/media\/28366"}],"wp:attachment":[{"href":"https:\/\/turysta2.pttk.pl\/index.php?rest_route=%2Fwp%2Fv2%2Fmedia&parent=28364"}],"wp:term":[{"taxonomy":"category","embeddable":true,"href":"https:\/\/turysta2.pttk.pl\/index.php?rest_route=%2Fwp%2Fv2%2Fcategories&post=28364"},{"taxonomy":"post_tag","embeddable":true,"href":"https:\/\/turysta2.pttk.pl\/index.php?rest_route=%2Fwp%2Fv2%2Ftags&post=28364"}],"curies":[{"name":"wp","href":"https:\/\/api.w.org\/{rel}","templated":true}]}}