{"id":28361,"date":"2022-11-21T19:11:51","date_gmt":"2022-11-21T17:11:51","guid":{"rendered":"https:\/\/turysta2.pttk.pl\/?p=28361"},"modified":"2023-03-27T10:56:50","modified_gmt":"2023-03-27T08:56:50","slug":"o-fotografii-w-malborku","status":"publish","type":"post","link":"https:\/\/turysta2.pttk.pl\/?p=28361","title":{"rendered":"O fotografii w Malborku"},"content":{"rendered":"<p><strong>O fotografii w Malborku<\/strong><\/p>\n<p><strong>\u00a0<\/strong><\/p>\n<p>Komisja Fotografii Krajoznawczej Zarz\u0105du G\u0142\u00f3wnego PTTK postanowi\u0142a zorganizowa\u0107 kolejny Og\u00f3lnopolski Zjazd Klub\u00f3w i Komisji Fotografii Krajoznawczej oraz Terenowy Referat Weryfikacyjny PTTK tym razem w Malborku. Ca\u0142o\u015bci podj\u0105\u0142 si\u0119 Oddzia\u0142 Przewodnicki PTTK w Malborku reprezentowany przez prezesa tego Oddzia\u0142u, Bogdana M\u0105dera.<\/p>\n<p>G\u0142\u00f3wnym punktem zjazdu by\u0142 wyk\u0142ad o Fryderyku Kremserze wyg\u0142oszony przez jego syna Waldemara. 14\u201316 pa\u017adziernika odbywa\u0142y si\u0119 plenery dzienne i nocne, zwiedzanie zamku, \u017bu\u0142aw Malborskich, cmentarzy. W zje\u017adzie bra\u0142o udzia\u0142 40 os\u00f3b z r\u00f3\u017cnych rejon\u00f3w kraju, co jest du\u017cym osi\u0105gni\u0119ciem jak na niedawno powsta\u0142\u0105 imprez\u0119 fotograficzn\u0105. Rozmawiano r\u00f3wnie\u017c o tworzeniu nowych klub\u00f3w, o regulaminach oraz og\u00f3lnie o dzia\u0142alno\u015bci PTTK.<\/p>\n<p>Wiceprzewodnicz\u0105cy KFK ZG PTTK Andrzej Kowol og\u0142osi\u0142 kolejne imprezy fotograficzne o zasi\u0119gu og\u00f3lnopolskim \u2013 XXXIII Og\u00f3lnopolskie Forum Fotografii Krajoznawczej Sarbinowo 2023<\/p>\n<p>(odpowiedzialny kol. Marcin Kruszczy\u0144ski), III Og\u00f3lnopolski Zjazd Klub\u00f3w i Komisji Fotografii Krajoznawczej oraz TRW PTTK Poraj 2023 (odpowiedzialny kol. Micha\u0142 Ca\u0142ka).<\/p>\n<p>Podzi\u0119kowania dla organizator\u00f3w oraz dla uczestnik\u00f3w sk\u0142ada KFK ZG PTTK. Gdyby nie by\u0142o tylu ch\u0119tnych, to nie by\u0142oby tak udanej imprezy.<\/p>\n<p>&nbsp;<\/p>\n<p><strong>Andrzej Kowol<\/strong><\/p>\n<p><strong>\u00a0<\/strong><\/p>\n<p><a href=\"https:\/\/turysta2.pttk.pl\/wp-content\/uploads\/2022\/11\/Uczestnicy-zjazdu-w-Malborku-fot.-Kajetan-Mader.jpg\"><img loading=\"lazy\" decoding=\"async\" class=\"alignnone size-medium wp-image-28362\" src=\"https:\/\/turysta2.pttk.pl\/wp-content\/uploads\/2022\/11\/Uczestnicy-zjazdu-w-Malborku-fot.-Kajetan-Mader-300x214.jpg\" alt=\"\" width=\"300\" height=\"214\" srcset=\"https:\/\/turysta2.pttk.pl\/wp-content\/uploads\/2022\/11\/Uczestnicy-zjazdu-w-Malborku-fot.-Kajetan-Mader-300x214.jpg 300w, https:\/\/turysta2.pttk.pl\/wp-content\/uploads\/2022\/11\/Uczestnicy-zjazdu-w-Malborku-fot.-Kajetan-Mader-1024x730.jpg 1024w, https:\/\/turysta2.pttk.pl\/wp-content\/uploads\/2022\/11\/Uczestnicy-zjazdu-w-Malborku-fot.-Kajetan-Mader-768x548.jpg 768w, https:\/\/turysta2.pttk.pl\/wp-content\/uploads\/2022\/11\/Uczestnicy-zjazdu-w-Malborku-fot.-Kajetan-Mader-1536x1095.jpg 1536w, https:\/\/turysta2.pttk.pl\/wp-content\/uploads\/2022\/11\/Uczestnicy-zjazdu-w-Malborku-fot.-Kajetan-Mader-2048x1460.jpg 2048w\" sizes=\"auto, (max-width: 300px) 100vw, 300px\" \/><\/a><\/p>\n<p>Uczestnicy zjazdu w Malborku (<em>fot. <\/em>Kajetan M\u0105der)<\/p>\n","protected":false},"excerpt":{"rendered":"O fotografii w Malborku \u00a0 Komisja Fotografii Krajoznawczej Zarz\u0105du G\u0142\u00f3wnego PTTK postanowi\u0142a zorganizowa\u0107 kolejny Og\u00f3lnopolski Zjazd Klub\u00f3w i Komisji Fotografii Krajoznawczej oraz Terenowy Referat Weryfikacyjny PTTK tym razem w Malborku. Ca\u0142o\u015bci podj\u0105\u0142 si\u0119 Oddzia\u0142 Przewodnicki PTTK w Malborku reprezentowany przez prezesa tego Oddzia\u0142u, Bogdana M\u0105dera. G\u0142\u00f3wnym punktem zjazdu by\u0142 wyk\u0142ad o Fryderyku Kremserze wyg\u0142oszony przez jego syna Waldemara. 14\u201316 pa\u017adziernika&nbsp;<a href=\"https:\/\/turysta2.pttk.pl\/?p=28361\" class=\"read-more\">Continue Reading<\/a>","protected":false},"author":4,"featured_media":28362,"comment_status":"closed","ping_status":"closed","sticky":false,"template":"","format":"standard","meta":{"footnotes":""},"categories":[73,41],"tags":[],"class_list":["post-28361","post","type-post","status-publish","format-standard","has-post-thumbnail","hentry","category-turystyka-srodowiskowa","category-turystyka-pttk","cat-73-id","cat-41-id"],"aioseo_notices":[],"_links":{"self":[{"href":"https:\/\/turysta2.pttk.pl\/index.php?rest_route=\/wp\/v2\/posts\/28361","targetHints":{"allow":["GET"]}}],"collection":[{"href":"https:\/\/turysta2.pttk.pl\/index.php?rest_route=\/wp\/v2\/posts"}],"about":[{"href":"https:\/\/turysta2.pttk.pl\/index.php?rest_route=\/wp\/v2\/types\/post"}],"author":[{"embeddable":true,"href":"https:\/\/turysta2.pttk.pl\/index.php?rest_route=\/wp\/v2\/users\/4"}],"replies":[{"embeddable":true,"href":"https:\/\/turysta2.pttk.pl\/index.php?rest_route=%2Fwp%2Fv2%2Fcomments&post=28361"}],"version-history":[{"count":1,"href":"https:\/\/turysta2.pttk.pl\/index.php?rest_route=\/wp\/v2\/posts\/28361\/revisions"}],"predecessor-version":[{"id":28363,"href":"https:\/\/turysta2.pttk.pl\/index.php?rest_route=\/wp\/v2\/posts\/28361\/revisions\/28363"}],"wp:featuredmedia":[{"embeddable":true,"href":"https:\/\/turysta2.pttk.pl\/index.php?rest_route=\/wp\/v2\/media\/28362"}],"wp:attachment":[{"href":"https:\/\/turysta2.pttk.pl\/index.php?rest_route=%2Fwp%2Fv2%2Fmedia&parent=28361"}],"wp:term":[{"taxonomy":"category","embeddable":true,"href":"https:\/\/turysta2.pttk.pl\/index.php?rest_route=%2Fwp%2Fv2%2Fcategories&post=28361"},{"taxonomy":"post_tag","embeddable":true,"href":"https:\/\/turysta2.pttk.pl\/index.php?rest_route=%2Fwp%2Fv2%2Ftags&post=28361"}],"curies":[{"name":"wp","href":"https:\/\/api.w.org\/{rel}","templated":true}]}}