{"id":28354,"date":"2022-11-21T19:09:10","date_gmt":"2022-11-21T17:09:10","guid":{"rendered":"https:\/\/turysta2.pttk.pl\/?p=28354"},"modified":"2023-03-27T10:56:50","modified_gmt":"2023-03-27T08:56:50","slug":"a-w-nagrode-podroz-do-szczecina","status":"publish","type":"post","link":"https:\/\/turysta2.pttk.pl\/?p=28354","title":{"rendered":"A w nagrod\u0119 \u2013 podr\u00f3\u017c do Szczecina"},"content":{"rendered":"<p><strong>A w nagrod\u0119 \u2013 podr\u00f3\u017c do Szczecina <\/strong><\/p>\n<p><strong><\/p>\n<p><\/strong><\/p>\n<p><strong>Pomys\u0142 podr\u00f3\u017cy <\/strong><strong>Zachodniopomorskim<\/strong><strong> Szlakiem Gryfit\u00f3w zrodzi\u0142 si\u0119 w sierpniu podczas przygotowa\u0144 do organizacji \u015awiatowego Dnia Turystyki i podsumowania projektu turystycznego \u201eSzczecinecki Wagabunda\u201d. Istotny wp\u0142yw mia\u0142a te\u017c informacja naszego prezesa Bogdana Bereszy\u0144skiego o akcji: IX Mi\u0119dzypokoleniowa Sztafeta Turystyczna \u201eKolej na PTTK\u201d. <\/strong><\/p>\n<p><strong>\u00a0<\/strong><\/p>\n<p>Pomy\u015bla\u0142em, \u017ce dobrze by by\u0142o te dwa przedsi\u0119wzi\u0119cia po\u0142\u0105czy\u0107, a do udzia\u0142u w wyje\u017adzie zaprosi\u0107 m\u0142odzie\u017c \u2013 laureat\u00f3w wspomnianego \u201eSzczecineckiego Wagabundy\u201d, zarz\u0105d i aktyw Wojskowego Ko\u0142a PTTK \u201eWiarusy\u201d, kt\u00f3re rozpocz\u0119\u0142o ju\u017c 53. rok dzia\u0142alno\u015bci. Podr\u00f3\u017c mia\u0142aby by\u0107 form\u0105 nagrody dla m\u0142odzie\u017cy i podzi\u0119kowania za spo\u0142eczne dzia\u0142ania dla najbardziej zaanga\u017cowanych cz\u0142onk\u00f3w PTTK. Jak pomy\u015bla\u0142em, tak zrobi\u0142em.<\/p>\n<p>Po uzyskaniu zgody w\u0142adz miasta na ufundowanie nagrody w postaci wycieczki i wyasygnowaniu stosownej kwoty przez burmistrza Szczecinka, pana Daniela Raka, rozpocz\u0105\u0142em intensywne przygotowania do wyjazdu. Pomocn\u0105 d\u0142o\u0144 poda\u0142 Wydzia\u0142 Wsp\u00f3\u0142pracy Terytorialnej i Turystyki Urz\u0119du Marsza\u0142kowskiego w Szczecinie oraz pani Anna Ba\u0144kowska \u2013 cz\u0142onek Zarz\u0105du Wojew\u00f3dztwa Zachodniopomorskiego, kt\u00f3ra obj\u0119\u0142a honorowy patronat nad podr\u00f3\u017c\u0105.<\/p>\n<p>I tak po zaakceptowaniu programu przez dyrektor\u00f3w szk\u00f3\u0142 i po dograniu wszystkich szczeg\u00f3\u0142\u00f3w z pani\u0105 Bo\u017cen\u0105 Wo\u0142owczyk ze wspieraj\u0105cego Wydzia\u0142u Urz\u0119du Marsza\u0142kowskiego 29 wrze\u015bnia 2022 roku w godzinach wczesnorannych 37 uczestnik\u00f3w podj\u0119\u0142o wyzwanie i ruszy\u0142o w drog\u0119. A znalaz\u0142o si\u0119 w\u015br\u00f3d nich: 22 uczni\u00f3w z 4 nauczycielami oraz 11 os\u00f3b z PTTK (zarz\u0105d i aktyw). Podr\u00f3\u017c stanowi\u0142a wyzwanie, ca\u0142o\u015b\u0107 trasy do przejechania wynosi\u0142a prawie 500 kilometr\u00f3w, a program by\u0142 bardzo bogaty. Zosta\u0142 on podzielony na dwie cz\u0119\u015bci. Pierwsza \u2013 turystyczna \u2013 by\u0142a realizowana w drodze do Szczecina, podczas kt\u00f3rej prezentowano miasta i gminy b\u0119d\u0105ce na trasie przejazdu ze Szczecinka do Szczecina (Borne Sulinowo, Czaplinek, Z\u0142ocieniec, Drawsko Pomorskie, W\u0119gorzyno i Chociwel). W\u0142adze tych miast przekaza\u0142y uczestnikom wycieczki materia\u0142y promocyjne, informatory i mapy, za co jako pomys\u0142odawca i organizator pragn\u0119 serdecznie podzi\u0119kowa\u0107.<\/p>\n<p>Drug\u0105 cz\u0119\u015b\u0107 podr\u00f3\u017cy \u2013 historyczn\u0105 \u2013 stanowi\u0142 pobyt w Szczecinie, Kamieniu Pomorskim i Trzebiatowie, zwiedzanie zabytk\u00f3w w tych miastach oraz udzia\u0142 w grze terenowej \u201eSzlakiem Gryfit\u00f3w w Szczecinie\u201d.<\/p>\n<p>Pobyt na Zamku Ksi\u0105\u017c\u0105t Pomorskich w Szczecinie mia\u0142 te\u017c bardzo mi\u0142y, osobisty akcent \u2013 podczas spotkania z pani\u0105 Ann\u0105 Ba\u0144kowsk\u0105 otrzyma\u0142em Z\u0142ot\u0105 Honorow\u0105 Odznak\u0119 Gryfa Zachodniopomorskiego. To najwy\u017csze wojew\u00f3dzkie wyr\u00f3\u017cnienie by\u0142o podzi\u0119kowaniem za 45 lat mojej dzia\u0142alno\u015bci w PTTK, z czego 36 lat pracy z m\u0142odzie\u017c\u0105.<\/p>\n<p>Przyjechali\u015bmy do Szczecina w dniu, kt\u00f3ry zosta\u0142 ustanowiony Dniem Gryfa na pami\u0105tk\u0119 pierwszego udokumentowanego zaprezentowania herbu na piecz\u0119ci w XIII wieku (29 wrze\u015bnia 1214 roku). Spotkanie, jak i ca\u0142y pobyt, perfekcyjnie przygotowali pracownicy Zamku Ksi\u0105\u017c\u0105t Pomorskich, a nadz\u00f3r sprawowa\u0142a pani Bo\u017cena Wo\u0142owczyk.<\/p>\n<p>W Szczecinie uczestnicy wycieczki zwiedzili katedr\u0119 i Zamek, natomiast w Kamieniu Pomorskim odwiedzili katedr\u0119, w kt\u00f3rej spoczywaj\u0105 ksi\u0105\u017c\u0119ta pomorscy, w tym za\u0142o\u017cyciel naszego miasta, ksi\u0105\u017c\u0119 Warcis\u0142aw IV. W Trzebiatowie za\u015b przeszli Szlakiem S\u0142onia, zapoznali si\u0119 z legend\u0105 o Baszcie Kaszana oraz odwiedzili miejscowy pa\u0142ac.<\/p>\n<p>Program podr\u00f3\u017cy zosta\u0142 zrealizowany w ca\u0142o\u015bci. Z kronikarskiego obowi\u0105zku musz\u0119 te\u017c wspomnie\u0107, \u017ce podczas przejazdu ze Szczecina do Kamienia Pomorskiego cz\u0142onkowie zarz\u0105du Ko\u0142a prezentowali kr\u00f3tkie wyst\u0105pienia \u201eMoja przygoda z turystyk\u0105\u201d.<\/p>\n<p>Uczestnicy otrzymali po\u015bwiadczenie piecz\u0119ci\u0105 w paszportach, \u017ce dany zabytek odwiedzili. Spo\u015br\u00f3d os\u00f3b bior\u0105cych udzia\u0142 w tej przygodzie turystyczno-historycznej 35 uzyska\u0142o odznak\u0119 TRInO.\u00a0W trakcie drogi powrotnej do Szczecinka przeprowadzono konkurs z nagrodami \u201eCo zobaczy\u0142e\u015b i zapami\u0119ta\u0142e\u015b podczas dzisiejszej podr\u00f3\u017cy\u201d, wszyscy uczestnicy otrzymali imienny dyplom od prezesa ZG PTTK potwierdzaj\u0105cy wzi\u0119cie udzia\u0142u w IX Mi\u0119dzypokoleniowej Sztafecie Turystycznej\u00a0pod has\u0142em \u201eKolej na PTTK\u201d.<\/p>\n<p>&nbsp;<\/p>\n<p><strong>Wojciech Jerzy Knapik<\/strong><\/p>\n<p>Dzia\u0142acz PTTK ze Szczecinka.<\/p>\n<p>&nbsp;<\/p>\n<p><strong><em>Zdj\u0119cia<\/em><\/strong><strong> Jerzy Kieruj<\/strong><\/p>\n\n\t\t<style type=\"text\/css\">\n\t\t\t#gallery-1 {\n\t\t\t\tmargin: auto;\n\t\t\t}\n\t\t\t#gallery-1 .gallery-item {\n\t\t\t\tfloat: left;\n\t\t\t\tmargin-top: 10px;\n\t\t\t\ttext-align: center;\n\t\t\t\twidth: 33%;\n\t\t\t}\n\t\t\t#gallery-1 img {\n\t\t\t\tborder: 2px solid #cfcfcf;\n\t\t\t}\n\t\t\t#gallery-1 .gallery-caption {\n\t\t\t\tmargin-left: 0;\n\t\t\t}\n\t\t\t\/* see gallery_shortcode() in wp-includes\/media.php *\/\n\t\t<\/style>\n\t\t<div id='gallery-1' class='gallery galleryid-28354 gallery-columns-3 gallery-size-thumbnail'><dl class='gallery-item'>\n\t\t\t<dt class='gallery-icon landscape'>\n\t\t\t\t<a href='https:\/\/turysta2.pttk.pl\/?attachment_id=28355'><img loading=\"lazy\" decoding=\"async\" width=\"150\" height=\"150\" src=\"https:\/\/turysta2.pttk.pl\/wp-content\/uploads\/2022\/11\/1.-Przed-wejsciem-do-Zamku-Ksiazat-Pomorskich-w-Szczecinie-fot.-R.-Kieruj_aj-150x150.jpg\" class=\"attachment-thumbnail size-thumbnail\" alt=\"\" \/><\/a>\n\t\t\t<\/dt><\/dl><dl class='gallery-item'>\n\t\t\t<dt class='gallery-icon landscape'>\n\t\t\t\t<a href='https:\/\/turysta2.pttk.pl\/?attachment_id=28356'><img loading=\"lazy\" decoding=\"async\" width=\"150\" height=\"150\" src=\"https:\/\/turysta2.pttk.pl\/wp-content\/uploads\/2022\/11\/2.-Zlota-Honorowa-Odznaka-Gryfa-Zachodniopomorskiego-dla-Wojciecha-J.-Knapika-fot.-R.-Kieruj_aj-150x150.jpg\" class=\"attachment-thumbnail size-thumbnail\" alt=\"\" \/><\/a>\n\t\t\t<\/dt><\/dl><dl class='gallery-item'>\n\t\t\t<dt class='gallery-icon landscape'>\n\t\t\t\t<a href='https:\/\/turysta2.pttk.pl\/?attachment_id=28357'><img loading=\"lazy\" decoding=\"async\" width=\"150\" height=\"150\" src=\"https:\/\/turysta2.pttk.pl\/wp-content\/uploads\/2022\/11\/3.-Przewodnik-po-Zamku-Ksiazat-Pomorskich-prezentuje-historie-herbu-ksiazecego-fot.-R.-Kieruj_aj-150x150.jpg\" class=\"attachment-thumbnail size-thumbnail\" alt=\"\" \/><\/a>\n\t\t\t<\/dt><\/dl><br style=\"clear: both\" \/><dl class='gallery-item'>\n\t\t\t<dt class='gallery-icon landscape'>\n\t\t\t\t<a href='https:\/\/turysta2.pttk.pl\/?attachment_id=28358'><img loading=\"lazy\" decoding=\"async\" width=\"150\" height=\"150\" src=\"https:\/\/turysta2.pttk.pl\/wp-content\/uploads\/2022\/11\/4.-Na-schodach-do-Muzeum-Narodowego-w-Szczecinie-fot.-R.-Kieruj_aj-150x150.jpg\" class=\"attachment-thumbnail size-thumbnail\" alt=\"\" \/><\/a>\n\t\t\t<\/dt><\/dl><dl class='gallery-item'>\n\t\t\t<dt class='gallery-icon landscape'>\n\t\t\t\t<a href='https:\/\/turysta2.pttk.pl\/?attachment_id=28359'><img loading=\"lazy\" decoding=\"async\" width=\"150\" height=\"150\" src=\"https:\/\/turysta2.pttk.pl\/wp-content\/uploads\/2022\/11\/5.-Pamiatkowe-zdjecie-na-Zamku-w-Szczecinie_aj-150x150.jpg\" class=\"attachment-thumbnail size-thumbnail\" alt=\"\" \/><\/a>\n\t\t\t<\/dt><\/dl>\n\t\t\t<br style='clear: both' \/>\n\t\t<\/div>\n\n<p>&nbsp;<\/p>\n<ol>\n<li><strong>Przed wej\u015bciem do Zamku Ksi\u0105\u017c\u0105t Pomorskich w <\/strong><strong>Szczecinie<\/strong><\/li>\n<li><strong>Z\u0142ota Honorowa Odznaka Gryfa Zachodniopomorskiego dla Wojciecha J. Knapika<\/strong><\/li>\n<li><strong>Przewodnik po Zamku Ksi\u0105\u017c\u0105t Pomorskich prezentuje histori\u0119 herbu ksi\u0105\u017c\u0119cego<\/strong><\/li>\n<li><strong>Na schodach do Muzeum Narodowego w Szczecinie<\/strong><\/li>\n<li><strong>Pami\u0105tkowe zdj\u0119cie na Zamku <\/strong><strong>w Szczecinie<\/strong><\/li>\n<\/ol>\n<p>&nbsp;<\/p>\n","protected":false},"excerpt":{"rendered":"A w nagrod\u0119 \u2013 podr\u00f3\u017c do Szczecina Pomys\u0142 podr\u00f3\u017cy Zachodniopomorskim Szlakiem Gryfit\u00f3w zrodzi\u0142 si\u0119 w sierpniu podczas przygotowa\u0144 do organizacji \u015awiatowego Dnia Turystyki i podsumowania projektu turystycznego \u201eSzczecinecki Wagabunda\u201d. Istotny wp\u0142yw mia\u0142a te\u017c informacja naszego prezesa Bogdana Bereszy\u0144skiego o akcji: IX Mi\u0119dzypokoleniowa Sztafeta Turystyczna \u201eKolej na PTTK\u201d. \u00a0 Pomy\u015bla\u0142em, \u017ce dobrze by by\u0142o te dwa przedsi\u0119wzi\u0119cia po\u0142\u0105czy\u0107, a do udzia\u0142u&nbsp;<a href=\"https:\/\/turysta2.pttk.pl\/?p=28354\" class=\"read-more\">Continue Reading<\/a>","protected":false},"author":4,"featured_media":28355,"comment_status":"closed","ping_status":"closed","sticky":false,"template":"","format":"standard","meta":{"footnotes":""},"categories":[73,41],"tags":[],"class_list":["post-28354","post","type-post","status-publish","format-standard","has-post-thumbnail","hentry","category-turystyka-srodowiskowa","category-turystyka-pttk","cat-73-id","cat-41-id"],"aioseo_notices":[],"_links":{"self":[{"href":"https:\/\/turysta2.pttk.pl\/index.php?rest_route=\/wp\/v2\/posts\/28354","targetHints":{"allow":["GET"]}}],"collection":[{"href":"https:\/\/turysta2.pttk.pl\/index.php?rest_route=\/wp\/v2\/posts"}],"about":[{"href":"https:\/\/turysta2.pttk.pl\/index.php?rest_route=\/wp\/v2\/types\/post"}],"author":[{"embeddable":true,"href":"https:\/\/turysta2.pttk.pl\/index.php?rest_route=\/wp\/v2\/users\/4"}],"replies":[{"embeddable":true,"href":"https:\/\/turysta2.pttk.pl\/index.php?rest_route=%2Fwp%2Fv2%2Fcomments&post=28354"}],"version-history":[{"count":1,"href":"https:\/\/turysta2.pttk.pl\/index.php?rest_route=\/wp\/v2\/posts\/28354\/revisions"}],"predecessor-version":[{"id":28360,"href":"https:\/\/turysta2.pttk.pl\/index.php?rest_route=\/wp\/v2\/posts\/28354\/revisions\/28360"}],"wp:featuredmedia":[{"embeddable":true,"href":"https:\/\/turysta2.pttk.pl\/index.php?rest_route=\/wp\/v2\/media\/28355"}],"wp:attachment":[{"href":"https:\/\/turysta2.pttk.pl\/index.php?rest_route=%2Fwp%2Fv2%2Fmedia&parent=28354"}],"wp:term":[{"taxonomy":"category","embeddable":true,"href":"https:\/\/turysta2.pttk.pl\/index.php?rest_route=%2Fwp%2Fv2%2Fcategories&post=28354"},{"taxonomy":"post_tag","embeddable":true,"href":"https:\/\/turysta2.pttk.pl\/index.php?rest_route=%2Fwp%2Fv2%2Ftags&post=28354"}],"curies":[{"name":"wp","href":"https:\/\/api.w.org\/{rel}","templated":true}]}}