{"id":28349,"date":"2022-11-21T19:07:11","date_gmt":"2022-11-21T17:07:11","guid":{"rendered":"https:\/\/turysta2.pttk.pl\/?p=28349"},"modified":"2023-03-27T10:56:51","modified_gmt":"2023-03-27T08:56:51","slug":"na-dwoch-kolkach-po-wybrzezu","status":"publish","type":"post","link":"https:\/\/turysta2.pttk.pl\/?p=28349","title":{"rendered":"Na dw\u00f3ch k\u00f3\u0142kach po Wybrze\u017cu"},"content":{"rendered":"<p><strong>Na dw\u00f3ch k\u00f3\u0142kach po Wybrze\u017cu<\/strong><\/p>\n<p>&nbsp;<\/p>\n<p>Odbywaj\u0105ce si\u0119 od 1961 r. og\u00f3lnopolskie zloty szkoleniowe przodownik\u00f3w turystyki kolarskiej s\u0105 chyba jedynymi imprezami w kalendarzu turystycznym, kt\u00f3re nie maj\u0105 \u017cadnych przerw w ci\u0105g\u0142o\u015bci. Zloty odbywaj\u0105 si\u0119 wiosn\u0105, raz jest to po\u0142owa maja, innym razem \u015brodek czerwca. Bywa\u0142o, np. w 1994 r. w Krzecz\u00f3wku, czy w 2008 r. w Wie\u017cycy, \u017ce nocny przymrozek zmusza\u0142 namiotowicz\u00f3w do opuszczania p\u0142\u00f3ciennych domk\u00f3w i szukania schronienia przed przejmuj\u0105cym zimnem pod dachem sto\u0142\u00f3wki b\u0105d\u017a campingowej recepcji, ale nigdy - jak dot\u0105d - imprezy nie odwo\u0142ano. Szcz\u0119\u015bliwie si\u0119 z\u0142o\u017cy\u0142o, \u017ce nawet dokuczaj\u0105ca nam\u00a0 pandemia nie przerwa\u0142a dobrej kolarskiej passy. Dzi\u0119ki okresowo \u0142agodzonym obostrzeniom koronawirusowym m\u00f3g\u0142 si\u0119 odby\u0107 w formule paraindywidualnej 60. zlot w 2020 r. w kaszubskim Chmielnie, 61. w 2021 r. w malowniczym Krasiczynie, no i rekordowy pod wzgl\u0119dem liczby uczestnik\u00f3w 62. zlot w Ko\u0142obrzegu.<\/p>\n<p>W drugiej dekadzie czerwca 2022 r. do Ko\u0142obrzegu zjecha\u0142o 592 rowerzyst\u00f3w, kt\u00f3rzy rozgo\u015bcili si\u0119 w pensjonatach, internatach, kwaterach agroturystycznych i pod w\u0142asnymi namiotami. Amatorzy jedno\u015blad\u00f3w, w\u015br\u00f3d nich cz\u0142onkowie honorowi PTTK Stanis\u0142aw Radomski, Edward Kuty\u0142a i ni\u017cej podpisany, nadto cz\u0142onkini G\u0142\u00f3wnej Komisji Rewizyjnej. PTTK Ma\u0142gorzata Radomska i cz\u0142onek G\u0142\u00f3wnego S\u0105du Kole\u017ce\u0144skiego. Zbigniew Pawlik, je\u017adzili, zwiedzali, ogl\u0105dali i poznawali najciekawsze miejsca nadba\u0142tyckiego powiatu, za\u015b zesp\u00f3\u0142 organizacyjny wywodz\u0105cy si\u0119 z Wojskowego Oddzia\u0142u PTTK przy 8 batalionie remontowym w Ko\u0142obrzegu kierowany przez komandora zlotu Jerzego Przepi\u00f3r\u0119 we wsp\u00f3\u0142pracy z prezesem Jerzym Blachowskim dba\u0142 o to, by ka\u017cdy uczestnik otrzyma\u0142 pakiet powitalny z materia\u0142ami krajoznawczymi i pi\u0119kn\u0105 metalow\u0105 odznak\u0105 zlotow\u0105, by odbywa\u0142y si\u0119 konkursy, prelekcje, pogadanki i szkolenia, a uroczyste otwarcie Zlotu i potem jego zako\u0144czenie mia\u0142y odpowiedni\u0105 opraw\u0119 artystyczn\u0105.<\/p>\n<p>Tury\u015bci, wykorzystuj\u0105c swe jedno\u015blady i sprzyjaj\u0105c\u0105 pogod\u0119, ka\u017cdego dnia odbywali wycieczki rowerowe, poznaj\u0105c atrakcje Wybrze\u017ca i skrz\u0119tnie notuj\u0105c w ksi\u0105\u017ceczkach swe wra\u017cenia oraz zapisuj\u0105c obejrzane obiekty. W kolarskich notesach przybywa\u0142o piecz\u0105tek, co w ko\u0144cowym efekcie prze\u0142o\u017cy\u0142o si\u0119 na zdobywane odznaki. Referaty weryfikacyjne przyzna\u0142y 37 KOT (z tego osiem najwy\u017cszego stopnia, czyli za wytrwa\u0142o\u015b\u0107), 144 odznaki \u201ePrzyjaciel Ko\u0142obrzegu\", 118 \u201eTurysta Ziemi Ko\u0142obrzeskiej\" i 60 \u201eTurysta Ziemi Trzebiatowskiej\" oraz wiele innych.<\/p>\n<p>Na zako\u0144czenie zlotu wicestarosta ko\u0142obrzeski Jacek Ku\u015b i komandor Jerzy Przepi\u00f3ra wraz z przedstawicielami miejscowych instytucji wr\u0119czyli najlepszym i najbardziej zas\u0142u\u017conym dyplomy i puchary. Konkurs ekologiczny \u201eMa\u0142a nakr\u0119tka \u2013 du\u017cy problem\" oraz wsp\u00f3\u0142zawodnictwo w zbieraniu zu\u017cytych baterii wygra\u0142 Klub \u201eSok\u00f3\u0142\" w Radlinie. W konkursie fotograficznym triumfowa\u0142 S\u0142awomir Gac (\u201eSok\u00f3\u0142\" Radlin), wiedz\u0119 ekologiczn\u0105 najlepiej opanowa\u0142 Pawe\u0142 Rozwadowski (\u201eVagabundus\" Warszawa), znajomo\u015bci\u0105 kodeksu drogowego najbardziej si\u0119 wykaza\u0142 Jerzy Sikorski (SKT Przyr\u00f3w). Zmagania krajoznawcze wygra\u0142 Kazimierz Jankowiak (\u201e\u0141aziki\" W\u0142oszakowice), najg\u0142\u0119bsz\u0105 wiedz\u0119 historyczn\u0105 o Ko\u0142obrzegu mia\u0142 Antoni Azgier (\u201ePeleton\" Krotoszyn).<\/p>\n<p>By\u0142a to pi\u0119kna, z rozmachem przygotowana impreza, nagrodzona na zako\u0144czenie przez rowerzyst\u00f3w rz\u0119sistymi oklaskami i podsumowana wyst\u0119pem wokalnym zespo\u0142u \u201eMajol\" pod kierunkiem Jolanty W\u00f3jcik-Oszmaniec.<\/p>\n<p>&nbsp;<\/p>\n<p><strong><em>Tekst i zdj\u0119cia<\/em> Marian Kotarski<\/strong><\/p>\n<p>&nbsp;<\/p>\n\n\t\t<style type=\"text\/css\">\n\t\t\t#gallery-1 {\n\t\t\t\tmargin: auto;\n\t\t\t}\n\t\t\t#gallery-1 .gallery-item {\n\t\t\t\tfloat: left;\n\t\t\t\tmargin-top: 10px;\n\t\t\t\ttext-align: center;\n\t\t\t\twidth: 33%;\n\t\t\t}\n\t\t\t#gallery-1 img {\n\t\t\t\tborder: 2px solid #cfcfcf;\n\t\t\t}\n\t\t\t#gallery-1 .gallery-caption {\n\t\t\t\tmargin-left: 0;\n\t\t\t}\n\t\t\t\/* see gallery_shortcode() in wp-includes\/media.php *\/\n\t\t<\/style>\n\t\t<div id='gallery-1' class='gallery galleryid-28349 gallery-columns-3 gallery-size-thumbnail'><dl class='gallery-item'>\n\t\t\t<dt class='gallery-icon landscape'>\n\t\t\t\t<a href='https:\/\/turysta2.pttk.pl\/?attachment_id=28350'><img loading=\"lazy\" decoding=\"async\" width=\"150\" height=\"150\" src=\"https:\/\/turysta2.pttk.pl\/wp-content\/uploads\/2022\/11\/1.-150x150.jpg\" class=\"attachment-thumbnail size-thumbnail\" alt=\"\" \/><\/a>\n\t\t\t<\/dt><\/dl><dl class='gallery-item'>\n\t\t\t<dt class='gallery-icon landscape'>\n\t\t\t\t<a href='https:\/\/turysta2.pttk.pl\/?attachment_id=28351'><img loading=\"lazy\" decoding=\"async\" width=\"150\" height=\"150\" src=\"https:\/\/turysta2.pttk.pl\/wp-content\/uploads\/2022\/11\/2.-Komandor-61.-zlotu-w-Krasiczynie-przekazuje-kolo-przechodnie-komandorowi-62.-zlotu-w-Kolobrzegu-2-150x150.jpg\" class=\"attachment-thumbnail size-thumbnail\" alt=\"\" \/><\/a>\n\t\t\t<\/dt><\/dl><dl class='gallery-item'>\n\t\t\t<dt class='gallery-icon landscape'>\n\t\t\t\t<a href='https:\/\/turysta2.pttk.pl\/?attachment_id=28352'><img loading=\"lazy\" decoding=\"async\" width=\"150\" height=\"150\" src=\"https:\/\/turysta2.pttk.pl\/wp-content\/uploads\/2022\/11\/3.-Uroczyste-otwarcie-zlotu-150x150.jpg\" class=\"attachment-thumbnail size-thumbnail\" alt=\"\" \/><\/a>\n\t\t\t<\/dt><\/dl><br style=\"clear: both\" \/>\n\t\t<\/div>\n\n<ol>\n<li>Cz\u0142onkowie Honorowi PTTK uczestnicz\u0105cy w 62. og\u00f3lnopolskim zlocie w Ko\u0142obrzegu: Edward Kuty\u0142a, Stanis\u0142aw Radomski i Marian Kotarski<\/li>\n<li>Komandor 61. zlotu w Krasiczynie przekazuje ko\u0142o przechodnie komandorowi 62. zlotu w Ko\u0142obrzegu<\/li>\n<li>Otwarcie zlotu w Ko\u0142obrzegu<\/li>\n<\/ol>\n","protected":false},"excerpt":{"rendered":"Na dw\u00f3ch k\u00f3\u0142kach po Wybrze\u017cu &nbsp; Odbywaj\u0105ce si\u0119 od 1961 r. og\u00f3lnopolskie zloty szkoleniowe przodownik\u00f3w turystyki kolarskiej s\u0105 chyba jedynymi imprezami w kalendarzu turystycznym, kt\u00f3re nie maj\u0105 \u017cadnych przerw w ci\u0105g\u0142o\u015bci. Zloty odbywaj\u0105 si\u0119 wiosn\u0105, raz jest to po\u0142owa maja, innym razem \u015brodek czerwca. Bywa\u0142o, np. w 1994 r. w Krzecz\u00f3wku, czy w 2008 r. w Wie\u017cycy, \u017ce nocny przymrozek&nbsp;<a href=\"https:\/\/turysta2.pttk.pl\/?p=28349\" class=\"read-more\">Continue Reading<\/a>","protected":false},"author":4,"featured_media":28350,"comment_status":"closed","ping_status":"closed","sticky":false,"template":"","format":"standard","meta":{"footnotes":""},"categories":[69,41],"tags":[],"class_list":["post-28349","post","type-post","status-publish","format-standard","has-post-thumbnail","hentry","category-turystyka-rowerowa","category-turystyka-pttk","cat-69-id","cat-41-id"],"aioseo_notices":[],"_links":{"self":[{"href":"https:\/\/turysta2.pttk.pl\/index.php?rest_route=\/wp\/v2\/posts\/28349","targetHints":{"allow":["GET"]}}],"collection":[{"href":"https:\/\/turysta2.pttk.pl\/index.php?rest_route=\/wp\/v2\/posts"}],"about":[{"href":"https:\/\/turysta2.pttk.pl\/index.php?rest_route=\/wp\/v2\/types\/post"}],"author":[{"embeddable":true,"href":"https:\/\/turysta2.pttk.pl\/index.php?rest_route=\/wp\/v2\/users\/4"}],"replies":[{"embeddable":true,"href":"https:\/\/turysta2.pttk.pl\/index.php?rest_route=%2Fwp%2Fv2%2Fcomments&post=28349"}],"version-history":[{"count":1,"href":"https:\/\/turysta2.pttk.pl\/index.php?rest_route=\/wp\/v2\/posts\/28349\/revisions"}],"predecessor-version":[{"id":28353,"href":"https:\/\/turysta2.pttk.pl\/index.php?rest_route=\/wp\/v2\/posts\/28349\/revisions\/28353"}],"wp:featuredmedia":[{"embeddable":true,"href":"https:\/\/turysta2.pttk.pl\/index.php?rest_route=\/wp\/v2\/media\/28350"}],"wp:attachment":[{"href":"https:\/\/turysta2.pttk.pl\/index.php?rest_route=%2Fwp%2Fv2%2Fmedia&parent=28349"}],"wp:term":[{"taxonomy":"category","embeddable":true,"href":"https:\/\/turysta2.pttk.pl\/index.php?rest_route=%2Fwp%2Fv2%2Fcategories&post=28349"},{"taxonomy":"post_tag","embeddable":true,"href":"https:\/\/turysta2.pttk.pl\/index.php?rest_route=%2Fwp%2Fv2%2Ftags&post=28349"}],"curies":[{"name":"wp","href":"https:\/\/api.w.org\/{rel}","templated":true}]}}