{"id":28338,"date":"2022-11-21T15:51:03","date_gmt":"2022-11-21T13:51:03","guid":{"rendered":"https:\/\/turysta2.pttk.pl\/?p=28338"},"modified":"2023-03-27T10:56:51","modified_gmt":"2023-03-27T08:56:51","slug":"zlot-nad-goplem","status":"publish","type":"post","link":"https:\/\/turysta2.pttk.pl\/?p=28338","title":{"rendered":"Zlot nad Gop\u0142em"},"content":{"rendered":"<p><strong>Zlot nad Gop\u0142em<\/strong><\/p>\n<p>&nbsp;<\/p>\n<p>&nbsp;<\/p>\n<p><strong>Wierni obowi\u0105zuj\u0105cej od 2006 roku tradycji kujawsko-pomorscy instruktorzy krajoznawstwa zawsze pod koniec wrze\u015bnia lub na pocz\u0105tku pa\u017adziernika spotykaj\u0105 si\u0119 na Wojew\u00f3dzkim Zlocie Aktywnych Krajoznawc\u00f3w (WZAK). Na tegorocznym, 16. ju\u017c spotkaniu po raz pierwszy w rol\u0119 organizatora i gospodarza wcieli\u0142 si\u0119 Nadgopla\u0144ski Oddzia\u0142 PTTK z Kruszwicy. <\/strong><\/p>\n<p><strong>\u00a0<\/strong><\/p>\n<p>El\u017cbieta Koz\u0142owska, komandor zlotu, oraz Bogdan Lipi\u0144ski, wicekomandor, wraz z zespo\u0142em dzia\u0142aczy zaprosili krajoznawc\u00f3w w malownicze okolice najwi\u0119kszego jeziora w wojew\u00f3dztwie. W sobot\u0119, 8 pa\u017adziernika 2022 roku, stawi\u0142o si\u0119 w kruszwickim zaje\u017adzie \u201eU Piasta Ko\u0142odzieja\u201d ponad 50 krajoznawc\u00f3w z Grudzi\u0105dza, W\u0142oc\u0142awka, Bydgoszczy, Che\u0142mna, Torunia, a tak\u017ce z wojew\u00f3dztw: wielkopolskiego, warmi\u0144sko-mazurskiego i pomorskiego.<\/p>\n<p>Po zakwaterowaniu uczestnicy zlotu ruszyli spod Mysiej Wie\u017cy statkiem \u201eRusa\u0142ka\u201d na wycieczk\u0119 po jeziorze Gop\u0142o. Nast\u0105pi\u0142o oficjalne otwarcie imprezy, powitanie uczestnik\u00f3w, w\u015br\u00f3d nich honorowych cz\u0142onk\u00f3w PTTK: Paw\u0142a Andersa z Poznania, Romana Kowalskiego z Torunia, Bogdana Lipi\u0144skiego z Kruszwicy, J\u00f3zefa Rusieckiego z Torunia oraz Ryszarda Wrzoska z Gdyni. Po dop\u0142yni\u0119ciu do p\u00f3\u0142wyspu Potrzymiech w O\u015brodku Edukacji Ekologicznej Nadgopla\u0144skiego Parku Tysi\u0105clecia \u201eRysi\u00f3wka\u201d dyrektor parku Andrzej Sieradzki przybli\u017cy\u0142 walory przyrodnicze regionu jeziora Gop\u0142o.<\/p>\n<p>Po przybyciu do bazy zlotu odby\u0142y si\u0119 sesja krajoznawcza oraz otwarty Sejmik Krajoznawczy uczestnik\u00f3w i Kujawsko-Pomorskiego Kolegium Instruktor\u00f3w Krajoznawstwa PTTK. Prowadz\u0105cym obrady, jak ka\u017cdego roku, by\u0142 Krzysztof Czerepowicki. Na dw\u00f3ch prezentacjach przedstawiono P\u0119tl\u0119 Toru\u0144sk\u0105 oraz turystyk\u0119 kajakow\u0105 na konkretnych szlakach, a tak\u017ce om\u00f3wiono ide\u0119 WZAK i spos\u00f3b jej realizacji. Prowadz\u0105cy przekaza\u0142 r\u00f3wnie\u017c informacj\u0119 o instruktorach krajoznawstwa w wojew\u00f3dztwie kujawsko-pomorskim. Jest ich na li\u015bcie 110.<\/p>\n<p>Przyby\u0142y na obrady burmistrz Kruszwicy, Dariusz Witczak, wyrazi\u0142 nadziej\u0119, \u017ce krajoznawcy przyczyni\u0105 si\u0119 do promowania miasta. Nast\u0119pnie przekaza\u0142 dla Zarz\u0105du G\u0142\u00f3wnego PTTK \u2013 na r\u0119ce zast\u0119pcy sekretarza generalnego Jacka Treichela \u2013 pami\u0105tkowy medal z okazji jubileuszu 600-lecia Kruszwicy.<\/p>\n<p>W drugim dniu zlotu cz\u0119\u015b\u0107 krajoznawcz\u0105 po\u015bwi\u0119cono g\u0142\u00f3wnie Kruszwicy. W nowoczesnej sali edukacyjnej Nadgopla\u0144skiego Parku Tysi\u0105clecia wys\u0142uchano ciekawej historii Gop\u0142a, informacji o pradziejach miasta, florze i faunie, mo\u017cna by\u0142o obejrze\u0107 eksponaty z wykopalisk. A p\u00f3\u017aniej zwiedzano jeden z najcenniejszych zabytk\u00f3w architektury roma\u0144skiej w Polsce \u2013 kolegiat\u0119 pw. \u015bw. Aposto\u0142\u00f3w Piotra i Paw\u0142a. Nie spos\u00f3b by\u0142o r\u00f3wnie\u017c pomin\u0105\u0107 najbardziej znanego zabytku i symbolu miasta Kruszwicy \u2013 Mysiej Wie\u017cy. Z jej szczytu roztaczaj\u0105 si\u0119 cudowne widoki na malownicze wysepki i zatoczki Gop\u0142a oraz na miasto.<\/p>\n<p>Wsp\u00f3ln\u0105 fotografi\u0105, wr\u0119czeniem 37 osobom Odznaki Krajoznawczej z okazji 600-lecia nadania praw miejskich Kruszwicy, podzi\u0119kowaniem organizatorom za wspania\u0142\u0105 imprez\u0119 zlot si\u0119 zako\u0144czy\u0142. Nast\u0119pny \u2013 w Nieszawie.<\/p>\n<p>&nbsp;<\/p>\n<p>&nbsp;<\/p>\n<p><strong><em>Tekst<\/em><\/strong><strong> Krzysztof Czerepowicki<\/strong><\/p>\n<p><strong>Przewodnicz\u0105cy Kujawsko-Pomorskiego Kolegium Instruktor\u00f3w Krajoznawstwa PTTK.<\/strong><\/p>\n<p><strong>\u00a0<\/strong><\/p>\n<p><strong><em>Zdj\u0119cia<\/em><\/strong><strong> Bogumi\u0142 Korzeniewski<\/strong><\/p>\n<p>&nbsp;<\/p>\n\n\t\t<style type=\"text\/css\">\n\t\t\t#gallery-1 {\n\t\t\t\tmargin: auto;\n\t\t\t}\n\t\t\t#gallery-1 .gallery-item {\n\t\t\t\tfloat: left;\n\t\t\t\tmargin-top: 10px;\n\t\t\t\ttext-align: center;\n\t\t\t\twidth: 33%;\n\t\t\t}\n\t\t\t#gallery-1 img {\n\t\t\t\tborder: 2px solid #cfcfcf;\n\t\t\t}\n\t\t\t#gallery-1 .gallery-caption {\n\t\t\t\tmargin-left: 0;\n\t\t\t}\n\t\t\t\/* see gallery_shortcode() in wp-includes\/media.php *\/\n\t\t<\/style>\n\t\t<div id='gallery-1' class='gallery galleryid-28338 gallery-columns-3 gallery-size-thumbnail'><dl class='gallery-item'>\n\t\t\t<dt class='gallery-icon landscape'>\n\t\t\t\t<a href='https:\/\/turysta2.pttk.pl\/?attachment_id=28339'><img loading=\"lazy\" decoding=\"async\" width=\"150\" height=\"150\" src=\"https:\/\/turysta2.pttk.pl\/wp-content\/uploads\/2022\/11\/1.-Uczestnicy-XVI-WZAK-u-stop-Mysiej-Wiezy-fot.-Bogumil-Korzeniewski.-150x150.jpg\" class=\"attachment-thumbnail size-thumbnail\" alt=\"\" \/><\/a>\n\t\t\t<\/dt><\/dl><dl class='gallery-item'>\n\t\t\t<dt class='gallery-icon landscape'>\n\t\t\t\t<a href='https:\/\/turysta2.pttk.pl\/?attachment_id=28340'><img loading=\"lazy\" decoding=\"async\" width=\"150\" height=\"150\" src=\"https:\/\/turysta2.pttk.pl\/wp-content\/uploads\/2022\/11\/2.-W-\u201eRysiowce-byla-mowa-o-walorach-przyrodniczych-jeziora-Goplo-fot.-Bogumil-Korzeniewski-150x150.jpg\" class=\"attachment-thumbnail size-thumbnail\" alt=\"\" \/><\/a>\n\t\t\t<\/dt><\/dl><dl class='gallery-item'>\n\t\t\t<dt class='gallery-icon landscape'>\n\t\t\t\t<a href='https:\/\/turysta2.pttk.pl\/?attachment_id=28341'><img loading=\"lazy\" decoding=\"async\" width=\"150\" height=\"150\" src=\"https:\/\/turysta2.pttk.pl\/wp-content\/uploads\/2022\/11\/KRUSZWICA-png-1-150x150.png\" class=\"attachment-thumbnail size-thumbnail\" alt=\"\" \/><\/a>\n\t\t\t<\/dt><\/dl><br style=\"clear: both\" \/>\n\t\t<\/div>\n\n<p>&nbsp;<\/p>\n<ol>\n<li><strong>Uczestnicy XVI WZAK u st\u00f3p Mysiej Wie\u017cy<\/strong><\/li>\n<li><strong>W \u201eRysi\u00f3wce\u201d by\u0142a mowa o walorach przyrodniczych jeziora Gop\u0142o<\/strong><\/li>\n<\/ol>\n","protected":false},"excerpt":{"rendered":"Zlot nad Gop\u0142em &nbsp; &nbsp; Wierni obowi\u0105zuj\u0105cej od 2006 roku tradycji kujawsko-pomorscy instruktorzy krajoznawstwa zawsze pod koniec wrze\u015bnia lub na pocz\u0105tku pa\u017adziernika spotykaj\u0105 si\u0119 na Wojew\u00f3dzkim Zlocie Aktywnych Krajoznawc\u00f3w (WZAK). Na tegorocznym, 16. ju\u017c spotkaniu po raz pierwszy w rol\u0119 organizatora i gospodarza wcieli\u0142 si\u0119 Nadgopla\u0144ski Oddzia\u0142 PTTK z Kruszwicy. \u00a0 El\u017cbieta Koz\u0142owska, komandor zlotu, oraz Bogdan Lipi\u0144ski, wicekomandor, wraz&nbsp;<a href=\"https:\/\/turysta2.pttk.pl\/?p=28338\" class=\"read-more\">Continue Reading<\/a>","protected":false},"author":4,"featured_media":28340,"comment_status":"closed","ping_status":"closed","sticky":false,"template":"","format":"standard","meta":{"footnotes":""},"categories":[68,41],"tags":[],"class_list":["post-28338","post","type-post","status-publish","format-standard","has-post-thumbnail","hentry","category-turystyka-piesza","category-turystyka-pttk","cat-68-id","cat-41-id"],"aioseo_notices":[],"_links":{"self":[{"href":"https:\/\/turysta2.pttk.pl\/index.php?rest_route=\/wp\/v2\/posts\/28338","targetHints":{"allow":["GET"]}}],"collection":[{"href":"https:\/\/turysta2.pttk.pl\/index.php?rest_route=\/wp\/v2\/posts"}],"about":[{"href":"https:\/\/turysta2.pttk.pl\/index.php?rest_route=\/wp\/v2\/types\/post"}],"author":[{"embeddable":true,"href":"https:\/\/turysta2.pttk.pl\/index.php?rest_route=\/wp\/v2\/users\/4"}],"replies":[{"embeddable":true,"href":"https:\/\/turysta2.pttk.pl\/index.php?rest_route=%2Fwp%2Fv2%2Fcomments&post=28338"}],"version-history":[{"count":1,"href":"https:\/\/turysta2.pttk.pl\/index.php?rest_route=\/wp\/v2\/posts\/28338\/revisions"}],"predecessor-version":[{"id":28342,"href":"https:\/\/turysta2.pttk.pl\/index.php?rest_route=\/wp\/v2\/posts\/28338\/revisions\/28342"}],"wp:featuredmedia":[{"embeddable":true,"href":"https:\/\/turysta2.pttk.pl\/index.php?rest_route=\/wp\/v2\/media\/28340"}],"wp:attachment":[{"href":"https:\/\/turysta2.pttk.pl\/index.php?rest_route=%2Fwp%2Fv2%2Fmedia&parent=28338"}],"wp:term":[{"taxonomy":"category","embeddable":true,"href":"https:\/\/turysta2.pttk.pl\/index.php?rest_route=%2Fwp%2Fv2%2Fcategories&post=28338"},{"taxonomy":"post_tag","embeddable":true,"href":"https:\/\/turysta2.pttk.pl\/index.php?rest_route=%2Fwp%2Fv2%2Ftags&post=28338"}],"curies":[{"name":"wp","href":"https:\/\/api.w.org\/{rel}","templated":true}]}}