{"id":28324,"date":"2022-11-21T15:46:07","date_gmt":"2022-11-21T13:46:07","guid":{"rendered":"https:\/\/turysta2.pttk.pl\/?p=28324"},"modified":"2023-03-27T10:56:51","modified_gmt":"2023-03-27T08:56:51","slug":"spotkania-na-ziemi-lowickiej","status":"publish","type":"post","link":"https:\/\/turysta2.pttk.pl\/?p=28324","title":{"rendered":"Spotkania na ziemi \u0142owickiej"},"content":{"rendered":"<p><strong>Spotkania na ziemi \u0142owickiej<\/strong><\/p>\n<p><strong>\u00a0<\/strong><\/p>\n<p><strong>XXIV Og\u00f3lnopolski Zlot Nizinny Przewodnik\u00f3w Turystycznych PTTK po\u0142\u0105czony by\u0142 z obchodami jubileuszu 60-lecia Ko\u0142a Przewodnik\u00f3w Terenowych PTTK im. Anieli Chmieli\u0144skiej w \u0141owiczu. Odby\u0142 si\u0119 w dniach 16\u201318 wrze\u015bnia 2022 roku. \u0141owiccy gospodarze przygotowali bogaty program dla grupy 80 przewodnik\u00f3w, kt\u00f3rzy przyjechali z ca\u0142ej Polski, z ponad 30 miast. <\/strong><\/p>\n<p>&nbsp;<\/p>\n<p>Pierwszego dnia go\u015bcie zostali oprowadzeni po najwi\u0119kszych atrakcjach miasta, zobaczyli m.in. katedr\u0119 \u0142owick\u0105, krypty prymasowskie, byli w Muzeum Diecezjalnym i Muzeum Guzik\u00f3w.\u00a0 Zajrzano te\u017c do Ko\u015bcio\u0142a Pijar\u00f3w pw. Matki Bo\u017cej \u0141askawej i \u015bw. Wojciecha, na Stary i Nowy Rynek. Du\u017ce zainteresowanie wzbudzi\u0142y wmurowane w centrum miasta tablice ze szk\u0142a hartowanego z wycinank\u0105 \u0142owick\u0105, czyli \u201eAlejA Gwiozd\u201d. Wieczorem uczestnicy zlotu wyruszyli w podr\u00f3\u017c sentymentaln\u0105 \u2013 zwiedzili Muzeum Motoryzacji \u201eMotonostalgia\u201d.<\/p>\n<p>Kolejnego dnia odby\u0142a si\u0119 sesja krajoznawczo-jubileuszowa, w kt\u00f3rej uczestniczy\u0142o wielu znamienitych go\u015bci: cz\u0142onkowie lokalnego samorz\u0105du ze starost\u0105 \u0142owickim Marcinem Kosiorkiem, burmistrzem \u0141owicza Krzysztofem Janem Kali\u0144skim, w\u00f3jtem Nieborowa Jaros\u0142awem Papug\u0105, przybyli przedstawiciele plac\u00f3wek kulturalnych z \u0141owicza i regionu, m.in. muze\u00f3w, bibliotek, o\u015brodk\u00f3w kultury, przedstawiciele organizacji i stowarzysze\u0144, z kt\u00f3rymi wsp\u00f3\u0142pracuje \u0142owickie Ko\u0142o. Przyjechali tak\u017ce przedstawiciele w\u0142adz Zarz\u0105du G\u0142\u00f3wnego PTTK z G\u0142\u00f3wnej Komisji Rewizyjnej, G\u0142\u00f3wnego S\u0105du Kole\u017ce\u0144skiego oraz Komisji Przewodnickiej.<\/p>\n<p>Prezes Ko\u0142a Zdzis\u0142aw Kry\u015bciak przybli\u017cy\u0142 60-letni\u0105 histori\u0119 Ko\u0142a Przewodnik\u00f3w w \u0141owiczu. Monika Antczak, kurator Muzeum w Nieborowie i Arkadii, om\u00f3wi\u0142a straty wojenne i grabie\u017ce niemieckie w pa\u0142acu nieborowskim w latach okupacji. Trzeci z wyk\u0142ad\u00f3w dotyczy\u0142 prac archeologicznych w ramach bada\u0144 krypt pod \u0142owick\u0105 katedr\u0105, przygotowa\u0142a go Monika Kami\u0144ska, kieruj\u0105ca tym przedsi\u0119wzi\u0119ciem. W przerwie by\u0142 czas na zapoznanie si\u0119 z okoliczno\u015bciow\u0105 wystaw\u0105 powsta\u0142\u0105 w zwi\u0105zku z 60-leciem Ko\u0142a i kronikami dzia\u0142alno\u015bci w ostatnich latach.<\/p>\n<p>Po sesji odby\u0142y si\u0119 wyjazdy krajoznawcze do atrakcji turystycznych w regionie. Odwiedzono m.in. Muzeum Ludowe w Sromowie, Muzeum ZNP w Pilaszkowie, ko\u015bcio\u0142y w Chru\u015blinie, Sobocie, Boczkach Che\u0142mo\u0144skich, Kiernozi, Z\u0142akowie Ko\u015bcielnym i dw\u00f3r Che\u0142mo\u0144skich w Boczkach oraz pa\u0142ac w Kiernozi. A na koniec czeka\u0142a go\u015bci jeszcze jedna atrakcja \u2013 integracyjna kolacja, kt\u00f3rej towarzyszy\u0142 wyst\u0119p zespo\u0142u \u015bpiewaczego \u201eKsinzoki\u201d.<\/p>\n<p>Trzeci dzie\u0144 rozpocz\u0119to od porannej mszy \u015bw. w ko\u015bciele parafialnym w Nieborowie, kt\u00f3r\u0105 odprawi\u0142 ks. bp Wojciech Osial, przyjaciel \u015brodowiska przewodnickiego. Ostatnim punktem programu zlotu by\u0142o zwiedzanie pa\u0142acu i parku w Nieborowie oraz parku angielskiego w Arkadii. Po obiektach oprowadzali Katarzyna Tracz, Katarzyna Skierska-Pi\u0119ta, Wojciech Czapnik i Zdzis\u0142aw Kry\u015bciak. Uczestnicy zlotu zgodnie stwierdzili na koniec, \u017ce s\u0105 pe\u0142ni wra\u017ce\u0144 i zdobytej wiedzy o regionie \u0142owickim i \u017ce \u201ete trzy dni i noce by\u0142y za kr\u00f3tkie\u201d.<\/p>\n<p>&nbsp;<\/p>\n<p><strong><em>Tekst<\/em><\/strong><strong> Zdzis\u0142aw Kry\u015bciak<\/strong><\/p>\n<p>Prezes Ko\u0142a Przewodnik\u00f3w Terenowych PTTK im. Anieli Chmieli\u0144skiej w \u0141owiczu.<\/p>\n<p>&nbsp;<\/p>\n<p><strong><em>Zdj\u0119cia<\/em><\/strong><strong> Kinga Kry\u015bciak<\/strong><\/p>\n<p>&nbsp;<\/p>\n\n\t\t<style type=\"text\/css\">\n\t\t\t#gallery-1 {\n\t\t\t\tmargin: auto;\n\t\t\t}\n\t\t\t#gallery-1 .gallery-item {\n\t\t\t\tfloat: left;\n\t\t\t\tmargin-top: 10px;\n\t\t\t\ttext-align: center;\n\t\t\t\twidth: 33%;\n\t\t\t}\n\t\t\t#gallery-1 img {\n\t\t\t\tborder: 2px solid #cfcfcf;\n\t\t\t}\n\t\t\t#gallery-1 .gallery-caption {\n\t\t\t\tmargin-left: 0;\n\t\t\t}\n\t\t\t\/* see gallery_shortcode() in wp-includes\/media.php *\/\n\t\t<\/style>\n\t\t<div id='gallery-1' class='gallery galleryid-28324 gallery-columns-3 gallery-size-thumbnail'><dl class='gallery-item'>\n\t\t\t<dt class='gallery-icon landscape'>\n\t\t\t\t<a href='https:\/\/turysta2.pttk.pl\/?attachment_id=28325'><img loading=\"lazy\" decoding=\"async\" width=\"150\" height=\"150\" src=\"https:\/\/turysta2.pttk.pl\/wp-content\/uploads\/2022\/11\/1.-Lowiccy-przewodnicy-ze-sztandarem-Kola-Przewodnikow-fot.-Kinga-Krysciak_aj-150x150.jpg\" class=\"attachment-thumbnail size-thumbnail\" alt=\"\" \/><\/a>\n\t\t\t<\/dt><\/dl><dl class='gallery-item'>\n\t\t\t<dt class='gallery-icon landscape'>\n\t\t\t\t<a href='https:\/\/turysta2.pttk.pl\/?attachment_id=28326'><img loading=\"lazy\" decoding=\"async\" width=\"150\" height=\"150\" src=\"https:\/\/turysta2.pttk.pl\/wp-content\/uploads\/2022\/11\/2.-Prezes-lowickiego-Kola-Zdzislaw-Krysciak-oprowadza-grupe-przewodnikow-fot.-Kinga-Krysciak_aj-150x150.jpg\" class=\"attachment-thumbnail size-thumbnail\" alt=\"\" \/><\/a>\n\t\t\t<\/dt><\/dl><dl class='gallery-item'>\n\t\t\t<dt class='gallery-icon landscape'>\n\t\t\t\t<a href='https:\/\/turysta2.pttk.pl\/?attachment_id=28327'><img loading=\"lazy\" decoding=\"async\" width=\"150\" height=\"150\" src=\"https:\/\/turysta2.pttk.pl\/wp-content\/uploads\/2022\/11\/3.-Wyroznieni-brazowymi-Honorowymi-Odznakami-PTTK_aj-150x150.jpg\" class=\"attachment-thumbnail size-thumbnail\" alt=\"\" \/><\/a>\n\t\t\t<\/dt><\/dl><br style=\"clear: both\" \/><dl class='gallery-item'>\n\t\t\t<dt class='gallery-icon portrait'>\n\t\t\t\t<a href='https:\/\/turysta2.pttk.pl\/?attachment_id=28328'><img loading=\"lazy\" decoding=\"async\" width=\"150\" height=\"150\" src=\"https:\/\/turysta2.pttk.pl\/wp-content\/uploads\/2022\/11\/4.-Wyroznienia-podawali-do-wreczenia-mlodzi-czlonkowie-PTTK-w-strojach-lowickich-fot.-Kinga-Krysciak_aj-150x150.jpg\" class=\"attachment-thumbnail size-thumbnail\" alt=\"\" \/><\/a>\n\t\t\t<\/dt><\/dl>\n\t\t\t<br style='clear: both' \/>\n\t\t<\/div>\n\n<ol>\n<li><strong>\u0141owiccy przewodnicy ze sztandarem Ko\u0142a Przewodnik\u00f3w<\/strong><\/li>\n<li><strong>Prezes \u0142owickiego Ko\u0142a Zdzis\u0142aw Kry\u015bciak oprowadza grup\u0119 przewodnik\u00f3w po kryptach katedry \u0142owickiej<\/strong><\/li>\n<li><strong>Wyr\u00f3\u017cnieni br\u0105zowymi Honorowymi Odznakami PTTK. Od lewej: Dariusz Milczarek, Dorota Wi\u015bniewska i Agnieszka Walczak-Caban. Odznaczenia wr\u0119czali Wojciech Napi\u00f3rkowski \u2013 wiceprezes GSK PTTK, i Swiet\u0142ana Koniuszewska \u2013 przewodnicz\u0105ca Komisji Przewodnickiej ZG PTTK<\/strong><\/li>\n<li><strong>Wyr\u00f3\u017cnienia podawali do wr\u0119czenia m\u0142odzi cz\u0142onkowie PTTK w strojach \u0142owickich<\/strong><\/li>\n<\/ol>\n","protected":false},"excerpt":{"rendered":"Spotkania na ziemi \u0142owickiej \u00a0 XXIV Og\u00f3lnopolski Zlot Nizinny Przewodnik\u00f3w Turystycznych PTTK po\u0142\u0105czony by\u0142 z obchodami jubileuszu 60-lecia Ko\u0142a Przewodnik\u00f3w Terenowych PTTK im. Anieli Chmieli\u0144skiej w \u0141owiczu. Odby\u0142 si\u0119 w dniach 16\u201318 wrze\u015bnia 2022 roku. \u0141owiccy gospodarze przygotowali bogaty program dla grupy 80 przewodnik\u00f3w, kt\u00f3rzy przyjechali z ca\u0142ej Polski, z ponad 30 miast. &nbsp; Pierwszego dnia go\u015bcie zostali oprowadzeni po&nbsp;<a href=\"https:\/\/turysta2.pttk.pl\/?p=28324\" class=\"read-more\">Continue Reading<\/a>","protected":false},"author":4,"featured_media":28328,"comment_status":"closed","ping_status":"closed","sticky":false,"template":"","format":"standard","meta":{"footnotes":""},"categories":[68,41],"tags":[],"class_list":["post-28324","post","type-post","status-publish","format-standard","has-post-thumbnail","hentry","category-turystyka-piesza","category-turystyka-pttk","cat-68-id","cat-41-id"],"aioseo_notices":[],"_links":{"self":[{"href":"https:\/\/turysta2.pttk.pl\/index.php?rest_route=\/wp\/v2\/posts\/28324","targetHints":{"allow":["GET"]}}],"collection":[{"href":"https:\/\/turysta2.pttk.pl\/index.php?rest_route=\/wp\/v2\/posts"}],"about":[{"href":"https:\/\/turysta2.pttk.pl\/index.php?rest_route=\/wp\/v2\/types\/post"}],"author":[{"embeddable":true,"href":"https:\/\/turysta2.pttk.pl\/index.php?rest_route=\/wp\/v2\/users\/4"}],"replies":[{"embeddable":true,"href":"https:\/\/turysta2.pttk.pl\/index.php?rest_route=%2Fwp%2Fv2%2Fcomments&post=28324"}],"version-history":[{"count":1,"href":"https:\/\/turysta2.pttk.pl\/index.php?rest_route=\/wp\/v2\/posts\/28324\/revisions"}],"predecessor-version":[{"id":28329,"href":"https:\/\/turysta2.pttk.pl\/index.php?rest_route=\/wp\/v2\/posts\/28324\/revisions\/28329"}],"wp:featuredmedia":[{"embeddable":true,"href":"https:\/\/turysta2.pttk.pl\/index.php?rest_route=\/wp\/v2\/media\/28328"}],"wp:attachment":[{"href":"https:\/\/turysta2.pttk.pl\/index.php?rest_route=%2Fwp%2Fv2%2Fmedia&parent=28324"}],"wp:term":[{"taxonomy":"category","embeddable":true,"href":"https:\/\/turysta2.pttk.pl\/index.php?rest_route=%2Fwp%2Fv2%2Fcategories&post=28324"},{"taxonomy":"post_tag","embeddable":true,"href":"https:\/\/turysta2.pttk.pl\/index.php?rest_route=%2Fwp%2Fv2%2Ftags&post=28324"}],"curies":[{"name":"wp","href":"https:\/\/api.w.org\/{rel}","templated":true}]}}