{"id":28317,"date":"2022-11-21T15:43:47","date_gmt":"2022-11-21T13:43:47","guid":{"rendered":"https:\/\/turysta2.pttk.pl\/?p=28317"},"modified":"2023-03-27T10:56:51","modified_gmt":"2023-03-27T08:56:51","slug":"niespodzianki-na-tomaszowskich-szlakach","status":"publish","type":"post","link":"https:\/\/turysta2.pttk.pl\/?p=28317","title":{"rendered":"Niespodzianki na tomaszowskich szlakach"},"content":{"rendered":"<p><strong>Niespodzianki na tomaszowskich szlakach<\/strong><\/p>\n<p>&nbsp;<\/p>\n<p><strong>To by\u0142 rajd pe\u0142en wra\u017ce\u0144! Zwiedzanie schron\u00f3w, \u015blad\u00f3w po fabryczce trotylu, miejsc, gdzie kiedy\u015b mieszka\u0142 Andrzej Frycz Modrzewski, a nawet\u2026 r\u0119czne wyrabianie mas\u0142a. Wycieczka by\u0142a piesza, ale na jej miejsce uczestnicy dotarli kolej\u0105. <\/strong><\/p>\n<p>&nbsp;<\/p>\n<p>1 pa\u017adziernika cz\u0142onkowie Wojskowego Ko\u0142a PTTK przy Klubie 25 Brygady Kawalerii Powietrznej z Tomaszowa Mazowieckiego zrzeszonego w Oddziale \u0141\u00f3dzkim PTTK im. Jana Czeraszkiewicza oraz sympatycy ze \u015brodowiska wojskowego wyruszyli na VIII Tomaszowski Rajd Pieszy, kt\u00f3rego trasa w tym roku promowa\u0142a has\u0142o programowe PTTK na lata 2021\u20132022, tj. \u201eKolej na PTTK \u2013 PTTK na kolej\u201d.<\/p>\n<p>Rajd rozpocz\u0119to od zwiedzenia stacji PKP Tomasz\u00f3w Mazowiecki, kt\u00f3ra kiedy\u015b by\u0142a stacj\u0105 Kolei Iwangorodzko-D\u0105browskiej. Nast\u0119pnie uczestnicy rajdu poci\u0105giem \u0141\u00f3dzkiej Kolei Aglomeracyjnej udali si\u0119 do miejscowo\u015bci Skrzynki. Tam rozpocz\u0119\u0142a si\u0119 trasa piesza, kt\u00f3ra najpierw poprowadzona zosta\u0142a w kierunku kompleksu czterech schron\u00f3w biernych typu Regelbau 102V. Schrony te w czasie II wojny \u015bwiatowej nale\u017ca\u0142y do kwatery Anlage Mitte i mia\u0142y by\u0107 bunkrami pomocniczymi dla schron\u00f3w kolejowych w Konewce i Jeleniu oraz bunkr\u00f3w linii Pilicy. Po wojnie trzy z nich zosta\u0142y wysadzone w powietrze przez dawn\u0105 fabryk\u0119 materia\u0142\u00f3w wybuchowych z Niewiadowa, kt\u00f3ra tam prowadzi\u0142a testy, a jeden zachowa\u0142 si\u0119 do dzi\u015b nawet w dobrym stanie. Ruiny schron\u00f3w zrobi\u0142y du\u017ce wra\u017cenie na rajdowiczach, zw\u0142aszcza ogrom tych powalonych budowli, kt\u00f3rych \u015bciany maj\u0105 grubo\u015b\u0107 nawet do oko\u0142o 250 cm, a sufity \u2013 180 cm.<\/p>\n<p>Nast\u0119pnie tury\u015bci udali si\u0119 w kierunku Niewiadowa, gdzie zwiedzali pozosta\u0142o\u015bci infrastruktury pierwszego w Polsce zak\u0142adu trotylu. Fabryka Sp\u00f3\u0142ki Akcyjnej Polskie Zak\u0142ady Chemiczne \u201eNitrat\u201d powsta\u0142a w 1923 roku w Niewiadowie ko\u0142o Ujazdu i a\u017c do lat 60. XX wieku produkowa\u0142a materia\u0142y wybuchowe. Do dzi\u015b w lesie mo\u017cna ogl\u0105da\u0107 opuszczone pozosta\u0142o\u015bci zak\u0142adu z pocz\u0105tku XX wieku. Zachowa\u0142a si\u0119 rampa kolejowa, jeden z budynk\u00f3w, zbiornik przeciwpo\u017carowy, kilka magazyn\u00f3w, wartownie oraz pole pr\u00f3b.<\/p>\n<p>Nast\u0119pie uczestnicy pow\u0119drowali przez lasy rezerwatu przyrody \u201eMa\u0142ecz\u201d Traktem Ujezdzkim \u201eNitrat Niewiad\u00f3w\u201d w kierunku Ma\u0142cza. Tam najpierw zwiedzili zesp\u00f3\u0142 dworsko-parkowy z drugiej po\u0142owy XIX wieku. Dw\u00f3r zbudowano w miejscu XVI-wiecznego dworu modrzewiowego, kt\u00f3rego w\u0142a\u015bcicielem w 1572 roku by\u0142 Andrzej Frycz Modrzewski, najwybitniejszy przedstawiciel post\u0119powej my\u015bli spo\u0142eczno-politycznej polskiego renesansu, pisarz polityczny, sekretarz kr\u00f3la Zygmunta Augusta i autor dzie\u0142a \u201eO poprawie Rzeczypospolitej\u201d. Zmar\u0142 w Wolborzu po dw\u00f3ch miesi\u0105cach od nabycia tych d\u00f3br. Najprawdopodobniej zosta\u0142 pochowany w Ma\u0142czu, jednak\u017ce ze wzgl\u0119du na fakt, i\u017c by\u0142 uznawany za heretyka, poch\u00f3wek by\u0142 potajemny i pomimo wielu pr\u00f3b odnalezienia, nieznane jest jego miejsce. Na zako\u0144czenie tej cz\u0119\u015bci rajdu grupa uda\u0142a si\u0119 do Centrum Tradycji Kulinarnych, gdzie najpierw zrobi\u0142a sobie wsp\u00f3lne zdj\u0119cie z siedz\u0105cym na \u0142aweczce Andrzejem Fryczem Modrzewskim, a nast\u0119pnie poznawa\u0142a tajniki powstawania regionalnych potraw, a nawet wyrabia\u0142a r\u0119cznie mas\u0142o. Degustacj\u0119 produkt\u00f3w regionalnych przygotowa\u0142o Stowarzyszenie Rozwoju Ma\u0142cza \u201eR\u00f3\u017canecznik\u201d. Ta cz\u0119\u015b\u0107 rajdu zako\u0144czy\u0142a si\u0119 wr\u0119czeniem nagr\u00f3d za quiz o ziemi tomaszowskiej oraz wsp\u00f3lnym ogniskiem z kie\u0142baskami.<\/p>\n<p>Ostatnim punktem rajdu by\u0142 spacer z powrotem do Skrzynek, sk\u0105d poci\u0105giem \u0141\u00f3dzkiej Kolei Aglomeracyjnej grupa wr\u00f3ci\u0142a do Tomaszowa Mazowieckiego.<\/p>\n<p><strong>\u00a0<\/strong><\/p>\n<p><strong><em>Tekst i zdj\u0119cia<\/em><\/strong><strong> Marcin Reczycki<\/strong><\/p>\n<p><strong>\u00a0<\/strong><\/p>\n\n\t\t<style type=\"text\/css\">\n\t\t\t#gallery-1 {\n\t\t\t\tmargin: auto;\n\t\t\t}\n\t\t\t#gallery-1 .gallery-item {\n\t\t\t\tfloat: left;\n\t\t\t\tmargin-top: 10px;\n\t\t\t\ttext-align: center;\n\t\t\t\twidth: 33%;\n\t\t\t}\n\t\t\t#gallery-1 img {\n\t\t\t\tborder: 2px solid #cfcfcf;\n\t\t\t}\n\t\t\t#gallery-1 .gallery-caption {\n\t\t\t\tmargin-left: 0;\n\t\t\t}\n\t\t\t\/* see gallery_shortcode() in wp-includes\/media.php *\/\n\t\t<\/style>\n\t\t<div id='gallery-1' class='gallery galleryid-28317 gallery-columns-3 gallery-size-thumbnail'><dl class='gallery-item'>\n\t\t\t<dt class='gallery-icon landscape'>\n\t\t\t\t<a href='https:\/\/turysta2.pttk.pl\/?attachment_id=28318'><img loading=\"lazy\" decoding=\"async\" width=\"150\" height=\"150\" src=\"https:\/\/turysta2.pttk.pl\/wp-content\/uploads\/2022\/11\/1.Stacja-PKP-Tomaszow-Mazowiecki-fot.-M.Reczycki_aj-150x150.jpg\" class=\"attachment-thumbnail size-thumbnail\" alt=\"\" \/><\/a>\n\t\t\t<\/dt><\/dl><dl class='gallery-item'>\n\t\t\t<dt class='gallery-icon landscape'>\n\t\t\t\t<a href='https:\/\/turysta2.pttk.pl\/?attachment_id=28319'><img loading=\"lazy\" decoding=\"async\" width=\"150\" height=\"150\" src=\"https:\/\/turysta2.pttk.pl\/wp-content\/uploads\/2022\/11\/2.Bunkry-w-Skrzynkach-fot.-M.-Reczycki_aj-150x150.jpg\" class=\"attachment-thumbnail size-thumbnail\" alt=\"\" \/><\/a>\n\t\t\t<\/dt><\/dl><dl class='gallery-item'>\n\t\t\t<dt class='gallery-icon landscape'>\n\t\t\t\t<a href='https:\/\/turysta2.pttk.pl\/?attachment_id=28320'><img loading=\"lazy\" decoding=\"async\" width=\"150\" height=\"150\" src=\"https:\/\/turysta2.pttk.pl\/wp-content\/uploads\/2022\/11\/3.-Na-trasie-pieszej-fot.-M.-Reczycki_aj-150x150.jpg\" class=\"attachment-thumbnail size-thumbnail\" alt=\"\" \/><\/a>\n\t\t\t<\/dt><\/dl><br style=\"clear: both\" \/><dl class='gallery-item'>\n\t\t\t<dt class='gallery-icon landscape'>\n\t\t\t\t<a href='https:\/\/turysta2.pttk.pl\/?attachment_id=28321'><img loading=\"lazy\" decoding=\"async\" width=\"150\" height=\"150\" src=\"https:\/\/turysta2.pttk.pl\/wp-content\/uploads\/2022\/11\/4.-Zespol-parkowo-dworski-w-Malczu-fot.-M.-Reczyckiaj-150x150.jpg\" class=\"attachment-thumbnail size-thumbnail\" alt=\"\" \/><\/a>\n\t\t\t<\/dt><\/dl><dl class='gallery-item'>\n\t\t\t<dt class='gallery-icon landscape'>\n\t\t\t\t<a href='https:\/\/turysta2.pttk.pl\/?attachment_id=28322'><img loading=\"lazy\" decoding=\"async\" width=\"150\" height=\"150\" src=\"https:\/\/turysta2.pttk.pl\/wp-content\/uploads\/2022\/11\/Rajd_2022-150x150.png\" class=\"attachment-thumbnail size-thumbnail\" alt=\"\" srcset=\"https:\/\/turysta2.pttk.pl\/wp-content\/uploads\/2022\/11\/Rajd_2022-150x150.png 150w, https:\/\/turysta2.pttk.pl\/wp-content\/uploads\/2022\/11\/Rajd_2022-300x300.png 300w, https:\/\/turysta2.pttk.pl\/wp-content\/uploads\/2022\/11\/Rajd_2022-1024x1022.png 1024w, https:\/\/turysta2.pttk.pl\/wp-content\/uploads\/2022\/11\/Rajd_2022-768x767.png 768w, https:\/\/turysta2.pttk.pl\/wp-content\/uploads\/2022\/11\/Rajd_2022-1536x1533.png 1536w, https:\/\/turysta2.pttk.pl\/wp-content\/uploads\/2022\/11\/Rajd_2022-2048x2044.png 2048w\" sizes=\"auto, (max-width: 150px) 100vw, 150px\" \/><\/a>\n\t\t\t<\/dt><\/dl>\n\t\t\t<br style='clear: both' \/>\n\t\t<\/div>\n\n<p>&nbsp;<\/p>\n<p><strong>\u00a0<\/strong><\/p>\n<ol>\n<li>Na stacji w Skrzynkach. Tu rozpocz\u0119\u0142a si\u0119 w\u0119dr\u00f3wka<\/li>\n<li>W Skrzynkach zachowa\u0142 si\u0119 jeden z czterech bunkr\u00f3w<\/li>\n<li>Przez lasy rezerwatu \u201eMa\u0142ecz\u201d<\/li>\n<li>Zesp\u00f3\u0142 parkowo-dworski z drugiej po\u0142owy XIX wieku<\/li>\n<li>Uczestnicy rajdu wok\u00f3\u0142 \u0142aweczki Andrzeja Frycza Modrzewskiego w Ma\u0142czu<\/li>\n<\/ol>\n","protected":false},"excerpt":{"rendered":"Niespodzianki na tomaszowskich szlakach &nbsp; To by\u0142 rajd pe\u0142en wra\u017ce\u0144! Zwiedzanie schron\u00f3w, \u015blad\u00f3w po fabryczce trotylu, miejsc, gdzie kiedy\u015b mieszka\u0142 Andrzej Frycz Modrzewski, a nawet\u2026 r\u0119czne wyrabianie mas\u0142a. Wycieczka by\u0142a piesza, ale na jej miejsce uczestnicy dotarli kolej\u0105. &nbsp; 1 pa\u017adziernika cz\u0142onkowie Wojskowego Ko\u0142a PTTK przy Klubie 25 Brygady Kawalerii Powietrznej z Tomaszowa Mazowieckiego zrzeszonego w Oddziale \u0141\u00f3dzkim PTTK im.&nbsp;<a href=\"https:\/\/turysta2.pttk.pl\/?p=28317\" class=\"read-more\">Continue Reading<\/a>","protected":false},"author":4,"featured_media":28322,"comment_status":"closed","ping_status":"closed","sticky":false,"template":"","format":"standard","meta":{"footnotes":""},"categories":[68,41],"tags":[],"class_list":["post-28317","post","type-post","status-publish","format-standard","has-post-thumbnail","hentry","category-turystyka-piesza","category-turystyka-pttk","cat-68-id","cat-41-id"],"aioseo_notices":[],"_links":{"self":[{"href":"https:\/\/turysta2.pttk.pl\/index.php?rest_route=\/wp\/v2\/posts\/28317","targetHints":{"allow":["GET"]}}],"collection":[{"href":"https:\/\/turysta2.pttk.pl\/index.php?rest_route=\/wp\/v2\/posts"}],"about":[{"href":"https:\/\/turysta2.pttk.pl\/index.php?rest_route=\/wp\/v2\/types\/post"}],"author":[{"embeddable":true,"href":"https:\/\/turysta2.pttk.pl\/index.php?rest_route=\/wp\/v2\/users\/4"}],"replies":[{"embeddable":true,"href":"https:\/\/turysta2.pttk.pl\/index.php?rest_route=%2Fwp%2Fv2%2Fcomments&post=28317"}],"version-history":[{"count":1,"href":"https:\/\/turysta2.pttk.pl\/index.php?rest_route=\/wp\/v2\/posts\/28317\/revisions"}],"predecessor-version":[{"id":28323,"href":"https:\/\/turysta2.pttk.pl\/index.php?rest_route=\/wp\/v2\/posts\/28317\/revisions\/28323"}],"wp:featuredmedia":[{"embeddable":true,"href":"https:\/\/turysta2.pttk.pl\/index.php?rest_route=\/wp\/v2\/media\/28322"}],"wp:attachment":[{"href":"https:\/\/turysta2.pttk.pl\/index.php?rest_route=%2Fwp%2Fv2%2Fmedia&parent=28317"}],"wp:term":[{"taxonomy":"category","embeddable":true,"href":"https:\/\/turysta2.pttk.pl\/index.php?rest_route=%2Fwp%2Fv2%2Fcategories&post=28317"},{"taxonomy":"post_tag","embeddable":true,"href":"https:\/\/turysta2.pttk.pl\/index.php?rest_route=%2Fwp%2Fv2%2Ftags&post=28317"}],"curies":[{"name":"wp","href":"https:\/\/api.w.org\/{rel}","templated":true}]}}