{"id":28306,"date":"2022-11-21T15:37:16","date_gmt":"2022-11-21T13:37:16","guid":{"rendered":"https:\/\/turysta2.pttk.pl\/?p=28306"},"modified":"2023-03-27T10:56:51","modified_gmt":"2023-03-27T08:56:51","slug":"gmina-i-rowerzysci","status":"publish","type":"post","link":"https:\/\/turysta2.pttk.pl\/?p=28306","title":{"rendered":"Gmina i rowerzy\u015bci"},"content":{"rendered":"<p><strong>Gmina i rowerzy\u015bci<\/strong><\/p>\n<p>29 wrze\u015bnia w Biurze ZG PTTK w Warszawie odby\u0142a si\u0119 uroczysto\u015b\u0107 podsumowuj\u0105ca tegoroczn\u0105 XI edycj\u0119 konkursu \u201eGmina przyjazna rowerzystom\u201d w ocenie turyst\u00f3w kolarzy. Patronat nad naszym konkursem obj\u0119\u0142o m.in. Ministerstwo Sportu i Turystyki, kt\u00f3re r\u00f3wnie\u017c ufundowa\u0142o nagrod\u0119 Grand Prix. W tym roku jej laureatem zosta\u0142a Gmina Miasto Nowy Targ. Pozostali patroni konkursu to: Polska Organizacja Turystyczna, Zwi\u0105zek Gmin Wiejskich Rzeczypospolitej Polskiej, Zwi\u0105zek Miast Polskich, Zwi\u0105zek Powiat\u00f3w Polskich.<\/p>\n<p>Na rozstrzygni\u0119cie konkursu przybyli do nas przedstawiciele nagrodzonych gmin, kt\u00f3rymi w swoich kategoriach zwi\u0105zanych z liczb\u0105 mieszka\u0144c\u00f3w zosta\u0142y: Gmina Ochotnica Dolna, Gmina K\u0119pice, Gmina Wi\u0105zowna, Gmina Drawsko Pomorskie, Gmina Micha\u0142owice, Gmina Miasto Czelad\u017a, Gmina Miasto Gorlice, Gmina Trzcianka, Gmina \u017bukowo, Gmina Jastrz\u0119bie-Zdr\u00f3j. Na wydarzenie przyby\u0142o te\u017c kilku przedstawicieli gmin, kt\u00f3re wzi\u0119\u0142y udzia\u0142 w\u00a0konkursie, jednak w tej edycji nie znalaz\u0142y si\u0119 na podium. Warto jednak nie tylko nagrodzonym gminom, ale wszystkim, kt\u00f3re zosta\u0142y zg\u0142oszone przez turyst\u00f3w kolarzy, podzi\u0119kowa\u0107 i doceni\u0107 je za trud, jaki podejmuj\u0105 dla rozwoju i promocji jazdy na rowerze.<\/p>\n<p>Idea konkursu maj\u0105cego na celu docenienie gmin, kt\u00f3re promuj\u0105 aktywny wypoczynek na rowerze, wspieraj\u0105 imprezy rowerowe, a tak\u017ce tworz\u0105, odnawiaj\u0105 infrastruktur\u0119 maj\u0105c\u0105 poprawi\u0107 bezpiecze\u0144stwo i komfort os\u00f3b przemieszczaj\u0105cych si\u0119 na rowerach, zrodzi\u0142a si\u0119 w Komisji Turystyki Kolarskiej ZG PTTK w 2012 roku w ramach obchod\u00f3w Roku Turystyki Rowerowej w PTTK.<\/p>\n<p>Gratulujemy laureatom i ju\u017c dzisiaj zapraszamy wszystkie gminy do wzi\u0119cia udzia\u0142u w kolejnych edycjach konkursu.<\/p>\n<p>&nbsp;<\/p>\n<p><strong>Joanna Ko\u015bnik<\/strong><\/p>\n<p><strong><em>Zdj\u0119cia<\/em><\/strong><strong> Sylweriusz Rudolf<\/p>\n<p><\/strong><\/p>\n<p>&nbsp;<\/p>\n\n\t\t<style type=\"text\/css\">\n\t\t\t#gallery-1 {\n\t\t\t\tmargin: auto;\n\t\t\t}\n\t\t\t#gallery-1 .gallery-item {\n\t\t\t\tfloat: left;\n\t\t\t\tmargin-top: 10px;\n\t\t\t\ttext-align: center;\n\t\t\t\twidth: 33%;\n\t\t\t}\n\t\t\t#gallery-1 img {\n\t\t\t\tborder: 2px solid #cfcfcf;\n\t\t\t}\n\t\t\t#gallery-1 .gallery-caption {\n\t\t\t\tmargin-left: 0;\n\t\t\t}\n\t\t\t\/* see gallery_shortcode() in wp-includes\/media.php *\/\n\t\t<\/style>\n\t\t<div id='gallery-1' class='gallery galleryid-28306 gallery-columns-3 gallery-size-thumbnail'><dl class='gallery-item'>\n\t\t\t<dt class='gallery-icon landscape'>\n\t\t\t\t<a href='https:\/\/turysta2.pttk.pl\/?attachment_id=28307'><img loading=\"lazy\" decoding=\"async\" width=\"150\" height=\"150\" src=\"https:\/\/turysta2.pttk.pl\/wp-content\/uploads\/2022\/11\/1.-Wiceminister-Andrzej-Gut-Mostowy-z-Joanna-Iskrzynska-Steg-zastepca-burmistrza-Gminy-Miasto-Nowy-Targfot.-Sylweriusz-Rudolf-150x150.jpg\" class=\"attachment-thumbnail size-thumbnail\" alt=\"\" \/><\/a>\n\t\t\t<\/dt><\/dl><dl class='gallery-item'>\n\t\t\t<dt class='gallery-icon landscape'>\n\t\t\t\t<a href='https:\/\/turysta2.pttk.pl\/?attachment_id=28308'><img loading=\"lazy\" decoding=\"async\" width=\"150\" height=\"150\" src=\"https:\/\/turysta2.pttk.pl\/wp-content\/uploads\/2022\/11\/2.-Pamiatkowe-zdjecie-laureatow-150x150.jpg\" class=\"attachment-thumbnail size-thumbnail\" alt=\"\" \/><\/a>\n\t\t\t<\/dt><\/dl><dl class='gallery-item'>\n\t\t\t<dt class='gallery-icon landscape'>\n\t\t\t\t<a href='https:\/\/turysta2.pttk.pl\/?attachment_id=28309'><img loading=\"lazy\" decoding=\"async\" width=\"150\" height=\"150\" src=\"https:\/\/turysta2.pttk.pl\/wp-content\/uploads\/2022\/11\/Laureaci-konkursu-150x150.png\" class=\"attachment-thumbnail size-thumbnail\" alt=\"\" srcset=\"https:\/\/turysta2.pttk.pl\/wp-content\/uploads\/2022\/11\/Laureaci-konkursu-150x150.png 150w, https:\/\/turysta2.pttk.pl\/wp-content\/uploads\/2022\/11\/Laureaci-konkursu-300x300.png 300w, https:\/\/turysta2.pttk.pl\/wp-content\/uploads\/2022\/11\/Laureaci-konkursu-1024x1024.png 1024w, https:\/\/turysta2.pttk.pl\/wp-content\/uploads\/2022\/11\/Laureaci-konkursu-768x768.png 768w, https:\/\/turysta2.pttk.pl\/wp-content\/uploads\/2022\/11\/Laureaci-konkursu.png 1166w\" sizes=\"auto, (max-width: 150px) 100vw, 150px\" \/><\/a>\n\t\t\t<\/dt><\/dl><br style=\"clear: both\" \/>\n\t\t<\/div>\n\n<p>&nbsp;<\/p>\n<ol>\n<li><strong>Wiceminister Andrzej Gut-Mostowy z <\/strong><strong>Joann\u0105 Iskrzy\u0144sk\u0105-Steg, zast\u0119pc\u0105 burmistrza Gminy Miasto Nowy Targ<\/strong><\/li>\n<\/ol>\n<p>&nbsp;<\/p>\n<ol start=\"2\">\n<li><strong>Pami\u0105tkowe zdj\u0119cie laureat\u00f3w<\/strong><\/li>\n<\/ol>\n<p>&nbsp;<\/p>\n","protected":false},"excerpt":{"rendered":"Gmina i rowerzy\u015bci 29 wrze\u015bnia w Biurze ZG PTTK w Warszawie odby\u0142a si\u0119 uroczysto\u015b\u0107 podsumowuj\u0105ca tegoroczn\u0105 XI edycj\u0119 konkursu \u201eGmina przyjazna rowerzystom\u201d w ocenie turyst\u00f3w kolarzy. Patronat nad naszym konkursem obj\u0119\u0142o m.in. Ministerstwo Sportu i Turystyki, kt\u00f3re r\u00f3wnie\u017c ufundowa\u0142o nagrod\u0119 Grand Prix. W tym roku jej laureatem zosta\u0142a Gmina Miasto Nowy Targ. Pozostali patroni konkursu to: Polska Organizacja Turystyczna, Zwi\u0105zek&nbsp;<a href=\"https:\/\/turysta2.pttk.pl\/?p=28306\" class=\"read-more\">Continue Reading<\/a>","protected":false},"author":4,"featured_media":28307,"comment_status":"closed","ping_status":"closed","sticky":false,"template":"","format":"standard","meta":{"footnotes":""},"categories":[85,11],"tags":[],"class_list":["post-28306","post","type-post","status-publish","format-standard","has-post-thumbnail","hentry","category-konkursy","category-turysta-poleca","cat-85-id","cat-11-id"],"aioseo_notices":[],"_links":{"self":[{"href":"https:\/\/turysta2.pttk.pl\/index.php?rest_route=\/wp\/v2\/posts\/28306","targetHints":{"allow":["GET"]}}],"collection":[{"href":"https:\/\/turysta2.pttk.pl\/index.php?rest_route=\/wp\/v2\/posts"}],"about":[{"href":"https:\/\/turysta2.pttk.pl\/index.php?rest_route=\/wp\/v2\/types\/post"}],"author":[{"embeddable":true,"href":"https:\/\/turysta2.pttk.pl\/index.php?rest_route=\/wp\/v2\/users\/4"}],"replies":[{"embeddable":true,"href":"https:\/\/turysta2.pttk.pl\/index.php?rest_route=%2Fwp%2Fv2%2Fcomments&post=28306"}],"version-history":[{"count":1,"href":"https:\/\/turysta2.pttk.pl\/index.php?rest_route=\/wp\/v2\/posts\/28306\/revisions"}],"predecessor-version":[{"id":28310,"href":"https:\/\/turysta2.pttk.pl\/index.php?rest_route=\/wp\/v2\/posts\/28306\/revisions\/28310"}],"wp:featuredmedia":[{"embeddable":true,"href":"https:\/\/turysta2.pttk.pl\/index.php?rest_route=\/wp\/v2\/media\/28307"}],"wp:attachment":[{"href":"https:\/\/turysta2.pttk.pl\/index.php?rest_route=%2Fwp%2Fv2%2Fmedia&parent=28306"}],"wp:term":[{"taxonomy":"category","embeddable":true,"href":"https:\/\/turysta2.pttk.pl\/index.php?rest_route=%2Fwp%2Fv2%2Fcategories&post=28306"},{"taxonomy":"post_tag","embeddable":true,"href":"https:\/\/turysta2.pttk.pl\/index.php?rest_route=%2Fwp%2Fv2%2Ftags&post=28306"}],"curies":[{"name":"wp","href":"https:\/\/api.w.org\/{rel}","templated":true}]}}