{"id":28297,"date":"2022-11-21T15:34:35","date_gmt":"2022-11-21T13:34:35","guid":{"rendered":"https:\/\/turysta2.pttk.pl\/?p=28297"},"modified":"2023-03-27T10:56:52","modified_gmt":"2023-03-27T08:56:52","slug":"sladami-mlodosci-juliana-tuwima-po-inowlodzu","status":"publish","type":"post","link":"https:\/\/turysta2.pttk.pl\/?p=28297","title":{"rendered":"\u015aladami m\u0142odo\u015bci Juliana Tuwima po Inow\u0142odzu"},"content":{"rendered":"<p><em>\u00a0<\/em><\/p>\n<p><strong>\u015aladami m\u0142odo\u015bci Juliana Tuwima po Inow\u0142odzu<\/strong><\/p>\n<p>&nbsp;<\/p>\n<p><strong>Julian Tuwim, jeden z najwybitniejszych polskich poet\u00f3w okresu mi\u0119dzywojennego, od lat dzieci\u0119cych przyje\u017cd\u017ca\u0142 z ukochan\u0105 matk\u0105 i siostr\u0105 do Inow\u0142odza, kt\u00f3re na pocz\u0105tku XX wieku by\u0142o znanym w centralnej Polsce letniskiem i uzdrowiskiem. <\/strong><\/p>\n<p>&nbsp;<\/p>\n<p><em>Takie letnisko. Jedno s\u0142owo: Wypisz wymaluj \u2013 Soplicowo \u2013 <\/em>napisa\u0142 w <em>Kwiatach polskich<\/em>. Tak\u017ce w latach m\u0142odzie\u0144czych do Inow\u0142odza zabiera\u0142 swoj\u0105 najwi\u0119ksz\u0105 mi\u0142o\u015b\u0107, Stefani\u0119 Marchew, kt\u00f3r\u0105 pozna\u0142 w pobliskim Tomaszowie Mazowieckim.<\/p>\n<p><em>Przez szereg lat \u2013 od 1907 a\u017c do roku 1914 \u2013 sp\u0119dza\u0142em w Inow\u0142odzu wakacje<\/em>. <em>Napisa\u0142em tam wczesne moje wiersze, prze\u017cywa\u0142em pierwsze serdeczne burze i bunty. Tam pozna\u0142em lud polski, ch\u0142opa i jego n\u0119dz\u0119. W tym pi\u0119knym letnisku nad Pilic\u0105 (...) pokocha\u0142em krajobraz i przyrod\u0119 polsk\u0105, kt\u00f3rej \u017cadne cuda zagraniczne nie dor\u00f3wnuj\u0105. Przekona\u0142em si\u0119 o tym, gdy w latach 1939\u20131945 objecha\u0142em kawa\u0142 \u015bwiata (...), a wsz\u0119dzie t\u0119skni\u0142em za Inow\u0142odzem. Da\u0142em temu wyraz w napisanym na uchod\u017astwie poemacie \u201eKwiaty Polskie\u201d, kt\u00f3rych pierwsza cz\u0119\u015b\u0107 rozgrywa si\u0119 w Inow\u0142odzu (\u2026)\u00a0 \u2013 <\/em>tak pisa\u0142 Tuwim w pierwszym li\u015bcie z 22 listopada 1948 roku do dzieci ze Szko\u0142y Podstawowej w Inow\u0142odzu.<\/p>\n<p>Zapraszam na tras\u0119 \u015bladami dzieci\u0144stwa, m\u0142odo\u015bci i mi\u0142o\u015bci Juliana Tuwima po \u201emitycznej krainie szcz\u0119\u015bcia\u201d.<\/p>\n<p>Na samym pocz\u0105tku zwiedzania tuwimowskiego Inow\u0142odza warto przej\u015b\u0107 si\u0119 do kiedy\u015b znanego, a dzi\u015b zapomnianego \u201ecudownego \u017ar\u00f3de\u0142ka\u201d zwanego przez mieszka\u0144c\u00f3w \u017ar\u00f3de\u0142kiem Tuwima, kt\u00f3rego woda zawiera \u017celazo i podobno ma w\u0142a\u015bciwo\u015bci lecznicze. Aby tam trafi\u0107, trzeba najpierw przej\u015b\u0107 most na Pilicy w kierunku Opoczna, a nast\u0119pnie skr\u0119ci\u0107 w prawo w ulic\u0119 Zak\u0105tn\u0105, na ko\u0144cu kt\u00f3rej znajduje si\u0119 zej\u015bcie do \u015bcie\u017cki biegn\u0105cej wzd\u0142u\u017c rzeki. Po oko\u0142o 150 metrach po lewej stronie zobaczymy odkryt\u0105 w zaro\u015blach \u015bcian\u0119 skaln\u0105 z piaskowca, z podn\u00f3\u017ca kt\u00f3rej ze szczeliny skalnej \u2013 jak napisa\u0142 we wspomnieniach Tuwim \u2013 <em>nieustannym strumieniem bije \u017ar\u00f3d\u0142o najlepszej \u017celazistej wody<\/em>, <em>kt\u00f3r\u0105 zdyszany w harcach i szale\u0144stwach wakacyjnych rze\u017awi\u0142em si\u0119 za owych lat mitycznych. <\/em>To tutaj Tuwim zabiera\u0142 swoj\u0105 Stefani\u0119 na romantyczne spacery, aby wsp\u00f3lnie rozkoszowa\u0107 si\u0119 widokami Pilicy. W tamtych czasach, kiedy Inow\u0142\u00f3dz by\u0142 le\u015bn\u0105 stacj\u0105 klimatyczn\u0105, uwa\u017cano, \u017ce woda, wyp\u0142ywaj\u0105c ze ska\u0142 zawieraj\u0105cych rudy \u017celaza, mia\u0142a w\u0142a\u015bciwo\u015bci zdrowotne w leczeniu anemii i dolegliwo\u015bci przewodu pokarmowego, jednak\u017ce skutkiem ubocznym takiej kuracji mog\u0142o by\u0107 os\u0142abienie p\u0142odno\u015bci i wigoru m\u0119skiego.<\/p>\n<p>Nast\u0119pnie id\u0105c ulic\u0105 Juliana Tuwima w kierunku ruin Zamku Kr\u00f3lewskiego, gdzie po drodze mo\u017cna zobaczy\u0107 p\u00f3\u017anogotycki ko\u015bci\u00f3\u0142 pw. \u015bw. Micha\u0142a Archanio\u0142a z XVIII wieku oraz plac Kazimierza Wielkiego z kamienn\u0105 studni\u0105 miejsk\u0105, przy skrzy\u017cowaniu z ulic\u0105 Tamka, obok starorzecza Pilicy mo\u017cna dostrzec synagog\u0119 z XIX wieku, kt\u00f3ra obecnie pe\u0142ni funkcj\u0119... sklepu spo\u017cywczo-przemys\u0142owego. Wewn\u0105trz cz\u0119\u015bciowo zachowa\u0142a si\u0119 oryginalna polichromia o motywach ro\u015blinnych i falowych oraz napisy w j\u0119zyku hebrajskim i rosyjskim, a tak\u017ce \u015blady po kulach z dzia\u0142a\u0144 wojennych z 1945 roku.<\/p>\n<p>Na nast\u0119pnej, r\u00f3wnoleg\u0142ej ulicy Zamkowej znajduj\u0105 si\u0119 cz\u0119\u015bciowo zrekonstruowane ruiny Zamku Kazimierzowskiego z XIV wieku, gdzie obecnie mie\u015bci si\u0119 Gminne Centrum Kultury. W jednym z pomieszcze\u0144 zamku znajduje si\u0119 wystawa po\u015bwi\u0119cona Julianowi Tuwimowi i jego zwi\u0105zkom z Inow\u0142odzem. W\u0142a\u015bnie tu, corocznie odbywa si\u0119 Og\u00f3lnopolski Konkurs Poetycki im. Juliana Tuwima oraz Festiwal Poezji \u015apiewanej im. Juliana Tuwima.<\/p>\n<p>Chyba najwa\u017cniejszym dla Tuwima miejscem w Inow\u0142odzu by\u0142a Szko\u0142a Podstawowa, obecnie jego imienia, kt\u00f3ra znajduje si\u0119 przy ulicy Spalskiej. Od 1948 roku poeta korespondowa\u0142 z dzie\u0107mi, a tak\u017ce przekazywa\u0142 ksi\u0105\u017cki, prezenty i pomoc finansow\u0105, w tym dla uczni\u00f3w najbardziej potrzebuj\u0105cych. W 1950 roku komitet rodzicielski, w podzi\u0119kowaniu za udzielane wsparcie, wybra\u0142 go na honorowego przewodnicz\u0105cego. Dwa lata p\u00f3\u017aniej Tuwim ufundowa\u0142 szkole w pe\u0142ni wyposa\u017con\u0105 pracowni\u0119 przyrodnicz\u0105.<\/p>\n<p>W 1953 roku na uroczysto\u015bciach pogrzebowych w imieniu ca\u0142ej szko\u0142y \u017cegna\u0142a go uczennica Mirka Mizerska, kt\u00f3ra powiedzia\u0142a: <em>Kochany Poeto! (\u2026) Przybywamy z tej ziemi, kt\u00f3r\u0105 tak ukocha\u0142e\u015b, do kt\u00f3rej t\u0119skni\u0142e\u015b, b\u0119d\u0105c na obczy\u017anie, i kt\u00f3rej tyle miejsca po\u015bwi\u0119ci\u0142e\u015b w \u201eKwiatach Polskich\u201d. Przynosimy Ci ostatnie pozdrowienie od p\u00f3l, las\u00f3w i \u0142\u0105k inow\u0142odzkich. Przyrzekamy Ci, \u017ce b\u0119dziemy kroczyli drog\u0105 wskazan\u0105 przez Ciebie (\u2026)<\/em>.<\/p>\n<p>Obecnie w Szkole Podstawowej im. Juliana Tuwima znajduje si\u0119 k\u0105cik po\u015bwi\u0119cony patronowi szko\u0142y, gdzie w gablotach mo\u017cna zobaczy\u0107 listy pisane do dzieci. R\u00f3wnie\u017c ka\u017cdego roku, w kwietniu, odbywa si\u0119 Dzie\u0144 Patrona, w trakcie kt\u00f3rego organizowany jest konkurs recytatorski.<\/p>\n<p>Zwiedzaj\u0105c Inow\u0142\u00f3dz, nie mo\u017cna pomin\u0105\u0107 roma\u0144skiego ko\u015bci\u00f3\u0142ka pw. \u015bw. Idziego, jednego z najstarszych murowanych ko\u015bcio\u0142\u00f3w w Polsce, znajduj\u0105cego si\u0119 na \u201enajwy\u017cszej g\u00f3rze \u015bwiata\u201d, jak nazywa\u0142 to miejsce nastoletni Julian Tuwim. Rozci\u0105ga si\u0119 st\u0105d przepi\u0119kny widok na dolin\u0119 Pilic\u0119 oraz na wie\u015b Zako\u015bciele.<\/p>\n<p>To tam, po zwiedzeniu Inow\u0142odza, proponuj\u0119 uda\u0107 si\u0119 w dalsz\u0105 podr\u00f3\u017c \u015bladami Juliana Tuwima, gdzie jeszcze pozosta\u0142y drewniane wille w stylu szwajcarskim Stacji Klimatyczno-Le\u015bnej. W jednej z nich, w willi \u201eRegina\u201d, poeta sp\u0119dza\u0142 wakacje w latach 1907\u20131914.<\/p>\n<p>&nbsp;<\/p>\n<p>&nbsp;<\/p>\n<p><strong>Tekst i zdj\u0119cia Marcin Reczycki\u00a0\u00a0 <\/strong><\/p>\n<p><strong>Autor jest przewodnikiem turystycznym, instruktorem krajoznawstwa regionu i ochrony przyrody PTTK, organizatorem turystyki, pilotem, spo\u0142ecznym opiekunem zabytk\u00f3w, specjalist\u0105 ds. ochrony d\u00f3br kultury<\/strong><\/p>\n<p>&nbsp;<\/p>\n\n\t\t<style type=\"text\/css\">\n\t\t\t#gallery-1 {\n\t\t\t\tmargin: auto;\n\t\t\t}\n\t\t\t#gallery-1 .gallery-item {\n\t\t\t\tfloat: left;\n\t\t\t\tmargin-top: 10px;\n\t\t\t\ttext-align: center;\n\t\t\t\twidth: 33%;\n\t\t\t}\n\t\t\t#gallery-1 img {\n\t\t\t\tborder: 2px solid #cfcfcf;\n\t\t\t}\n\t\t\t#gallery-1 .gallery-caption {\n\t\t\t\tmargin-left: 0;\n\t\t\t}\n\t\t\t\/* see gallery_shortcode() in wp-includes\/media.php *\/\n\t\t<\/style>\n\t\t<div id='gallery-1' class='gallery galleryid-28297 gallery-columns-3 gallery-size-thumbnail'><dl class='gallery-item'>\n\t\t\t<dt class='gallery-icon landscape'>\n\t\t\t\t<a href='https:\/\/turysta2.pttk.pl\/?attachment_id=28298'><img loading=\"lazy\" decoding=\"async\" width=\"150\" height=\"150\" src=\"https:\/\/turysta2.pttk.pl\/wp-content\/uploads\/2022\/11\/1.-Widok-na-Pilice-z-mostu-w-Inowlodzu-po-lewej-\u201ezrodelko-Tuwima-fot.-Marcin-Reczycki-150x150.jpg\" class=\"attachment-thumbnail size-thumbnail\" alt=\"\" \/><\/a>\n\t\t\t<\/dt><\/dl><dl class='gallery-item'>\n\t\t\t<dt class='gallery-icon landscape'>\n\t\t\t\t<a href='https:\/\/turysta2.pttk.pl\/?attachment_id=28299'><img loading=\"lazy\" decoding=\"async\" width=\"150\" height=\"150\" src=\"https:\/\/turysta2.pttk.pl\/wp-content\/uploads\/2022\/11\/2.-\u201eZrodelko-Tuwima-150x150.jpg\" class=\"attachment-thumbnail size-thumbnail\" alt=\"\" \/><\/a>\n\t\t\t<\/dt><\/dl><dl class='gallery-item'>\n\t\t\t<dt class='gallery-icon landscape'>\n\t\t\t\t<a href='https:\/\/turysta2.pttk.pl\/?attachment_id=28300'><img loading=\"lazy\" decoding=\"async\" width=\"150\" height=\"150\" src=\"https:\/\/turysta2.pttk.pl\/wp-content\/uploads\/2022\/11\/3.-Ruiny-Zamku-Kazimierzowskiego-fot.-Marcin-Reczycki-150x150.jpg\" class=\"attachment-thumbnail size-thumbnail\" alt=\"\" \/><\/a>\n\t\t\t<\/dt><\/dl><br style=\"clear: both\" \/><dl class='gallery-item'>\n\t\t\t<dt class='gallery-icon landscape'>\n\t\t\t\t<a href='https:\/\/turysta2.pttk.pl\/?attachment_id=28301'><img loading=\"lazy\" decoding=\"async\" width=\"150\" height=\"150\" src=\"https:\/\/turysta2.pttk.pl\/wp-content\/uploads\/2022\/11\/4.-Wystawa-poswiecona-J.-Tuwimowi-na-zamku-fot.-Marcin-Reczycki-150x150.jpg\" class=\"attachment-thumbnail size-thumbnail\" alt=\"\" \/><\/a>\n\t\t\t<\/dt><\/dl><dl class='gallery-item'>\n\t\t\t<dt class='gallery-icon landscape'>\n\t\t\t\t<a href='https:\/\/turysta2.pttk.pl\/?attachment_id=28302'><img loading=\"lazy\" decoding=\"async\" width=\"150\" height=\"150\" src=\"https:\/\/turysta2.pttk.pl\/wp-content\/uploads\/2022\/11\/5.-Szkola-Podstawowa-im.-Juliana-Tuwima-fot.-Marcin-Reczycki-150x150.jpg\" class=\"attachment-thumbnail size-thumbnail\" alt=\"\" \/><\/a>\n\t\t\t<\/dt><\/dl><dl class='gallery-item'>\n\t\t\t<dt class='gallery-icon landscape'>\n\t\t\t\t<a href='https:\/\/turysta2.pttk.pl\/?attachment_id=28303'><img loading=\"lazy\" decoding=\"async\" width=\"150\" height=\"150\" src=\"https:\/\/turysta2.pttk.pl\/wp-content\/uploads\/2022\/11\/6.-Gablota-z-pamiatkami-zwiazanymi-z-poeta-w-szkolnym-kaciku-patrona.fot_.-Marcin-Reczyckijpg-150x150.jpg\" class=\"attachment-thumbnail size-thumbnail\" alt=\"\" \/><\/a>\n\t\t\t<\/dt><\/dl><br style=\"clear: both\" \/><dl class='gallery-item'>\n\t\t\t<dt class='gallery-icon landscape'>\n\t\t\t\t<a href='https:\/\/turysta2.pttk.pl\/?attachment_id=28304'><img loading=\"lazy\" decoding=\"async\" width=\"150\" height=\"150\" src=\"https:\/\/turysta2.pttk.pl\/wp-content\/uploads\/2022\/11\/7.-Romanski-kosciol-pw.-sw.-Idziego-fot.-Marcin-Reczycki-150x150.jpg\" class=\"attachment-thumbnail size-thumbnail\" alt=\"\" \/><\/a>\n\t\t\t<\/dt><\/dl>\n\t\t\t<br style='clear: both' \/>\n\t\t<\/div>\n\n<p>&nbsp;<\/p>\n<ol>\n<li>Widok na Pilic\u0119 z mostu w Inow\u0142odzu (po lewej \u201e\u017ar\u00f3de\u0142ko Tuwima\u201d)<\/li>\n<li>\u201e\u0179r\u00f3de\u0142ko Tuwima\u201d<\/li>\n<li>Ruiny Zamku Kazimierzowskiego (cz\u0119\u015bciowo zrekonstruowane)<\/li>\n<li>Wystawa po\u015bwi\u0119cona Julianowi Tuwimowi na zamku<\/li>\n<li>Szko\u0142a Podstawowa im. Juliana Tuwima<\/li>\n<li>Gablota z pami\u0105tkami zwi\u0105zanymi z poet\u0105 w szkolnym k\u0105ciku patrona<\/li>\n<li>Roma\u0144ski ko\u015bci\u00f3\u0142 pw. \u015bw. Idziego<\/li>\n<\/ol>\n","protected":false},"excerpt":{"rendered":"\u00a0 \u015aladami m\u0142odo\u015bci Juliana Tuwima po Inow\u0142odzu &nbsp; Julian Tuwim, jeden z najwybitniejszych polskich poet\u00f3w okresu mi\u0119dzywojennego, od lat dzieci\u0119cych przyje\u017cd\u017ca\u0142 z ukochan\u0105 matk\u0105 i siostr\u0105 do Inow\u0142odza, kt\u00f3re na pocz\u0105tku XX wieku by\u0142o znanym w centralnej Polsce letniskiem i uzdrowiskiem. &nbsp; Takie letnisko. Jedno s\u0142owo: Wypisz wymaluj \u2013 Soplicowo \u2013 napisa\u0142 w Kwiatach polskich. Tak\u017ce w latach m\u0142odzie\u0144czych do&nbsp;<a href=\"https:\/\/turysta2.pttk.pl\/?p=28297\" class=\"read-more\">Continue Reading<\/a>","protected":false},"author":4,"featured_media":28302,"comment_status":"closed","ping_status":"closed","sticky":false,"template":"","format":"standard","meta":{"footnotes":""},"categories":[87,11],"tags":[],"class_list":["post-28297","post","type-post","status-publish","format-standard","has-post-thumbnail","hentry","category-dawniej-bywalo","category-turysta-poleca","cat-87-id","cat-11-id"],"aioseo_notices":[],"_links":{"self":[{"href":"https:\/\/turysta2.pttk.pl\/index.php?rest_route=\/wp\/v2\/posts\/28297","targetHints":{"allow":["GET"]}}],"collection":[{"href":"https:\/\/turysta2.pttk.pl\/index.php?rest_route=\/wp\/v2\/posts"}],"about":[{"href":"https:\/\/turysta2.pttk.pl\/index.php?rest_route=\/wp\/v2\/types\/post"}],"author":[{"embeddable":true,"href":"https:\/\/turysta2.pttk.pl\/index.php?rest_route=\/wp\/v2\/users\/4"}],"replies":[{"embeddable":true,"href":"https:\/\/turysta2.pttk.pl\/index.php?rest_route=%2Fwp%2Fv2%2Fcomments&post=28297"}],"version-history":[{"count":1,"href":"https:\/\/turysta2.pttk.pl\/index.php?rest_route=\/wp\/v2\/posts\/28297\/revisions"}],"predecessor-version":[{"id":28305,"href":"https:\/\/turysta2.pttk.pl\/index.php?rest_route=\/wp\/v2\/posts\/28297\/revisions\/28305"}],"wp:featuredmedia":[{"embeddable":true,"href":"https:\/\/turysta2.pttk.pl\/index.php?rest_route=\/wp\/v2\/media\/28302"}],"wp:attachment":[{"href":"https:\/\/turysta2.pttk.pl\/index.php?rest_route=%2Fwp%2Fv2%2Fmedia&parent=28297"}],"wp:term":[{"taxonomy":"category","embeddable":true,"href":"https:\/\/turysta2.pttk.pl\/index.php?rest_route=%2Fwp%2Fv2%2Fcategories&post=28297"},{"taxonomy":"post_tag","embeddable":true,"href":"https:\/\/turysta2.pttk.pl\/index.php?rest_route=%2Fwp%2Fv2%2Ftags&post=28297"}],"curies":[{"name":"wp","href":"https:\/\/api.w.org\/{rel}","templated":true}]}}