{"id":28271,"date":"2022-11-21T15:17:44","date_gmt":"2022-11-21T13:17:44","guid":{"rendered":"https:\/\/turysta2.pttk.pl\/?p=28271"},"modified":"2023-03-27T10:56:52","modified_gmt":"2023-03-27T08:56:52","slug":"jubileusz-w-miedzyzdrojach","status":"publish","type":"post","link":"https:\/\/turysta2.pttk.pl\/?p=28271","title":{"rendered":"Jubileusz w Mi\u0119dzyzdrojach"},"content":{"rendered":"<p><strong>Jubileusz w Mi\u0119dzyzdrojach<\/strong><\/p>\n<p><strong>\u00a0<\/strong><\/p>\n<p><strong>W dniach 7\u20139 pa\u017adziernika 2022 roku odby\u0142y si\u0119 obchody 50-lecia Oddzia\u0142u PTTK i 45-lecia Klubu Przewodnik\u00f3w PTTK \u201eNa Wyspach\u201d w Mi\u0119dzyzdrojach. <\/strong><\/p>\n<p>&nbsp;<\/p>\n<p>Wydarzenie rozpocz\u0119\u0142o si\u0119 uroczyst\u0105 akademi\u0105, kt\u00f3ra odby\u0142a si\u0119 w Mi\u0119dzynarodowym Domu Kultury w Mi\u0119dzyzdrojach. Uroczysto\u015b\u0107 zgromadzi\u0142a niemal 150 przedstawicieli z 25 oddzia\u0142\u00f3w PTTK z ca\u0142ej Polski, w tym tak odleg\u0142ych, jak Bia\u0142owie\u017ca, Rzesz\u00f3w, Przemy\u015bl czy Lublin. Przyby\u0142o tak\u017ce wielu znamienitych go\u015bci reprezentuj\u0105cych w\u0142adze og\u00f3lnopolskie i regionalne PTTK, w\u0142adze wojew\u00f3dzkie, samorz\u0105dowe, a w tym: wiceprezes ZG PTTK, Marian Jurak, przewodnicz\u0105cy Krajowego Samorz\u0105du Przewodnik\u00f3w Turystycznych PTTK, Adam Jakubowski, przedstawicielka Rady Oddzia\u0142\u00f3w PTTK WZP, Beata Sa\u0142amaj, sekretarz Rady Oddzia\u0142\u00f3w PTTK WZP, Przemys\u0142aw Jasku\u0142a. Go\u015b\u0107mi uroczysto\u015bci byli r\u00f3wnie\u017c przedstawiciele wsp\u00f3\u0142pracuj\u0105cych z naszym Oddzia\u0142em instytucji kultury, edukacji i atrakcji turystycznych. Licznie przybyli tak\u017ce cz\u0142onkowie naszego Oddzia\u0142u, kt\u00f3ry liczy przesz\u0142o 250 cz\u0142onk\u00f3w.<\/p>\n<p>Akademi\u0119 otworzy\u0142 i przywita\u0142 zebranych go\u015bci prezes Oddzia\u0142u PTTK \u2013 Jerzy Czerski. Nast\u0119pnie wy\u015bwietlony zosta\u0142 film promuj\u0105cy Oddzia\u0142, jego dzia\u0142alno\u015b\u0107 statutow\u0105 i gospodarcz\u0105 oraz walory turystyczne gminy Mi\u0119dzyzdroje. Po filmie odczytano rys historyczny oraz dorobek Klubu Przewodnik\u00f3w.<\/p>\n<p>Na r\u0119ce przedstawicieli Oddzia\u0142u i Klubu Przewodnik\u00f3w z\u0142o\u017cone zosta\u0142y listy gratulacyjne, dyplomy oraz upominki okoliczno\u015bciowe od zaproszonych go\u015bci i przedstawicieli oddzia\u0142\u00f3w. Podczas uroczysto\u015bci wr\u0119czono tak\u017ce liczne wyr\u00f3\u017cnienia i odznaczenia dla cz\u0142onk\u00f3w naszego Oddzia\u0142u oraz go\u015bci, kt\u00f3rych Zarz\u0105d Oddzia\u0142u postanowi\u0142 wyr\u00f3\u017cni\u0107 za d\u0142ugoletni\u0105 wsp\u00f3\u0142prac\u0119 i pomoc. Po raz pierwszy nieliczni otrzymali z\u0142ote, srebrne i br\u0105zowe medale \u201eZa Zas\u0142ugi dla Oddzia\u0142u PTTK w Mi\u0119dzyzdrojach\u201d.<\/p>\n<p>Na zako\u0144czenie akademii odby\u0142 si\u0119 wyst\u0119p zespo\u0142u wokalno-instrumentalnego \u201eBryza\u201d, a po nim na wszystkich przyby\u0142ych czeka\u0142a niespodzianka: ogromny tort.<\/p>\n<p>W ramach obchod\u00f3w odby\u0142y si\u0119 r\u00f3wnie\u017c pe\u0142ne wra\u017ce\u0144 wycieczki. Podczas autokarowej po wyspach Wolin i Uznam uczestnicy zwiedzali Ba\u0142tycki Park Miniatur w Mi\u0119dzyzdrojach, Latarni\u0119 Morsk\u0105 i Fort Gerharda w \u015awinouj\u015bciu, Uznamsk\u0105 \u015bcie\u017ck\u0119 w koronach drzew w Heringsdorfie, Jezioro Turkusowe w Wapnicy oraz Grodzisko w Lubinie. Wycieczki piesze obejmowa\u0142y atrakcje samych Mi\u0119dzyzdroj\u00f3w: Muzeum Przyrodnicze Woli\u0144skiego Parku Narodowego, Kawcz\u0105 G\u00f3r\u0119, molo, Alej\u0119 Gwiazd, Gabinet Figur Woskowych, \u015acie\u017ck\u0119 w Koronach Wydm oraz Oceanarium.<\/p>\n<p>Celem zagranicznego wyjazdu do Heringsdorfu by\u0142o zaprezentowanie naszej lokalnej i jak\u017ce wa\u017cnej dla turystyki wsp\u00f3\u0142pracy transgranicznej mi\u0119dzy po\u0142o\u017conymi s\u0105siaduj\u0105co atrakcjami wysp Wolin i Uznam.<\/p>\n<p>Wsp\u00f3\u0142organizatorami i sponsorami wydarzenia byli: Urz\u0105d Marsza\u0142kowski Wojew\u00f3dztwa Zachodniopomorskiego oraz Urz\u0105d Miasta i Gminy Mi\u0119dzyzdroje.<\/p>\n<p>&nbsp;<\/p>\n<p><strong><em>Tekst<\/em><\/strong><strong> Agnieszka Gawron-K\u0142osowska<\/strong><\/p>\n<p>Cz\u0142onek Klubu Przewodnik\u00f3w PTTK \u201eNa Wyspach\u201d w Mi\u0119dzyzdrojach.<\/p>\n<p>&nbsp;<\/p>\n<p><strong><em>Zdj\u0119cia<\/em><\/strong><strong> Janina Bednarska, Jerzy Czerski<\/strong><\/p>\n<p>&nbsp;<\/p>\n\n\t\t<style type=\"text\/css\">\n\t\t\t#gallery-1 {\n\t\t\t\tmargin: auto;\n\t\t\t}\n\t\t\t#gallery-1 .gallery-item {\n\t\t\t\tfloat: left;\n\t\t\t\tmargin-top: 10px;\n\t\t\t\ttext-align: center;\n\t\t\t\twidth: 33%;\n\t\t\t}\n\t\t\t#gallery-1 img {\n\t\t\t\tborder: 2px solid #cfcfcf;\n\t\t\t}\n\t\t\t#gallery-1 .gallery-caption {\n\t\t\t\tmargin-left: 0;\n\t\t\t}\n\t\t\t\/* see gallery_shortcode() in wp-includes\/media.php *\/\n\t\t<\/style>\n\t\t<div id='gallery-1' class='gallery galleryid-28271 gallery-columns-3 gallery-size-thumbnail'><dl class='gallery-item'>\n\t\t\t<dt class='gallery-icon landscape'>\n\t\t\t\t<a href='https:\/\/turysta2.pttk.pl\/?attachment_id=28272'><img loading=\"lazy\" decoding=\"async\" width=\"150\" height=\"150\" src=\"https:\/\/turysta2.pttk.pl\/wp-content\/uploads\/2022\/11\/1.-fot-Janina-Bdnarska-_aj-150x150.jpg\" class=\"attachment-thumbnail size-thumbnail\" alt=\"\" \/><\/a>\n\t\t\t<\/dt><\/dl><dl class='gallery-item'>\n\t\t\t<dt class='gallery-icon landscape'>\n\t\t\t\t<a href='https:\/\/turysta2.pttk.pl\/?attachment_id=28273'><img loading=\"lazy\" decoding=\"async\" width=\"150\" height=\"150\" src=\"https:\/\/turysta2.pttk.pl\/wp-content\/uploads\/2022\/11\/5-fot-Janina-Bednerska_aj-150x150.jpg\" class=\"attachment-thumbnail size-thumbnail\" alt=\"\" \/><\/a>\n\t\t\t<\/dt><\/dl><dl class='gallery-item'>\n\t\t\t<dt class='gallery-icon landscape'>\n\t\t\t\t<a href='https:\/\/turysta2.pttk.pl\/?attachment_id=28274'><img loading=\"lazy\" decoding=\"async\" width=\"150\" height=\"150\" src=\"https:\/\/turysta2.pttk.pl\/wp-content\/uploads\/2022\/11\/7-fot-Jerzy-Czerski_aj-150x150.jpg\" class=\"attachment-thumbnail size-thumbnail\" alt=\"\" \/><\/a>\n\t\t\t<\/dt><\/dl><br style=\"clear: both\" \/><dl class='gallery-item'>\n\t\t\t<dt class='gallery-icon landscape'>\n\t\t\t\t<a href='https:\/\/turysta2.pttk.pl\/?attachment_id=28275'><img loading=\"lazy\" decoding=\"async\" width=\"150\" height=\"150\" src=\"https:\/\/turysta2.pttk.pl\/wp-content\/uploads\/2022\/11\/8-fot-Jerzy-Czerski_aj-150x150.jpg\" class=\"attachment-thumbnail size-thumbnail\" alt=\"\" \/><\/a>\n\t\t\t<\/dt><\/dl>\n\t\t\t<br style='clear: both' \/>\n\t\t<\/div>\n\n<p>&nbsp;<\/p>\n<p>1.Uczestnicy zlotu we wczesno\u015bredniowiecznym grodzisku w Gubinie<\/p>\n<ol start=\"2\">\n<li>W Ba\u0142tyckim Parku Miniatur w Mi\u0119dzyzdrojach<\/li>\n<li>Na \u015bcie\u017cce w koronach drzew w Heringsdorfie<\/li>\n<li>Nad Jeziorem Turkusowym w Wapnicy<\/li>\n<\/ol>\n","protected":false},"excerpt":{"rendered":"Jubileusz w Mi\u0119dzyzdrojach \u00a0 W dniach 7\u20139 pa\u017adziernika 2022 roku odby\u0142y si\u0119 obchody 50-lecia Oddzia\u0142u PTTK i 45-lecia Klubu Przewodnik\u00f3w PTTK \u201eNa Wyspach\u201d w Mi\u0119dzyzdrojach. &nbsp; Wydarzenie rozpocz\u0119\u0142o si\u0119 uroczyst\u0105 akademi\u0105, kt\u00f3ra odby\u0142a si\u0119 w Mi\u0119dzynarodowym Domu Kultury w Mi\u0119dzyzdrojach. Uroczysto\u015b\u0107 zgromadzi\u0142a niemal 150 przedstawicieli z 25 oddzia\u0142\u00f3w PTTK z ca\u0142ej Polski, w tym tak odleg\u0142ych, jak Bia\u0142owie\u017ca, Rzesz\u00f3w, Przemy\u015bl&nbsp;<a href=\"https:\/\/turysta2.pttk.pl\/?p=28271\" class=\"read-more\">Continue Reading<\/a>","protected":false},"author":4,"featured_media":28272,"comment_status":"closed","ping_status":"closed","sticky":false,"template":"","format":"standard","meta":{"footnotes":""},"categories":[14,79],"tags":[],"class_list":["post-28271","post","type-post","status-publish","format-standard","has-post-thumbnail","hentry","category-krajoznawstwo","category-z-historii-towarzystwa","cat-14-id","cat-79-id"],"aioseo_notices":[],"_links":{"self":[{"href":"https:\/\/turysta2.pttk.pl\/index.php?rest_route=\/wp\/v2\/posts\/28271","targetHints":{"allow":["GET"]}}],"collection":[{"href":"https:\/\/turysta2.pttk.pl\/index.php?rest_route=\/wp\/v2\/posts"}],"about":[{"href":"https:\/\/turysta2.pttk.pl\/index.php?rest_route=\/wp\/v2\/types\/post"}],"author":[{"embeddable":true,"href":"https:\/\/turysta2.pttk.pl\/index.php?rest_route=\/wp\/v2\/users\/4"}],"replies":[{"embeddable":true,"href":"https:\/\/turysta2.pttk.pl\/index.php?rest_route=%2Fwp%2Fv2%2Fcomments&post=28271"}],"version-history":[{"count":1,"href":"https:\/\/turysta2.pttk.pl\/index.php?rest_route=\/wp\/v2\/posts\/28271\/revisions"}],"predecessor-version":[{"id":28276,"href":"https:\/\/turysta2.pttk.pl\/index.php?rest_route=\/wp\/v2\/posts\/28271\/revisions\/28276"}],"wp:featuredmedia":[{"embeddable":true,"href":"https:\/\/turysta2.pttk.pl\/index.php?rest_route=\/wp\/v2\/media\/28272"}],"wp:attachment":[{"href":"https:\/\/turysta2.pttk.pl\/index.php?rest_route=%2Fwp%2Fv2%2Fmedia&parent=28271"}],"wp:term":[{"taxonomy":"category","embeddable":true,"href":"https:\/\/turysta2.pttk.pl\/index.php?rest_route=%2Fwp%2Fv2%2Fcategories&post=28271"},{"taxonomy":"post_tag","embeddable":true,"href":"https:\/\/turysta2.pttk.pl\/index.php?rest_route=%2Fwp%2Fv2%2Ftags&post=28271"}],"curies":[{"name":"wp","href":"https:\/\/api.w.org\/{rel}","templated":true}]}}