{"id":28192,"date":"2022-11-20T20:33:48","date_gmt":"2022-11-20T18:33:48","guid":{"rendered":"https:\/\/turysta2.pttk.pl\/?p=28192"},"modified":"2023-03-27T11:35:46","modified_gmt":"2023-03-27T09:35:46","slug":"najwieksza-pomylka-napoleona","status":"publish","type":"post","link":"https:\/\/turysta2.pttk.pl\/?p=28192","title":{"rendered":"Najwi\u0119ksza pomy\u0142ka Napoleona"},"content":{"rendered":"<p><strong>Najwi\u0119ksza pomy\u0142ka Napoleona<\/strong><\/p>\n<p><strong>\u00a0<\/strong><\/p>\n<p><strong>W czasie moich licznych wypraw po okolicach Wroc\u0142awia dotar\u0142em do Pielaszkowic. Wie\u015b le\u017cy w odleg\u0142o\u015bci 4 km na p\u00f3\u0142noc od Udanina, przy drodze mi\u0119dzy Strzegomiem a \u015arod\u0105 \u015al\u0105sk\u0105. Stoj\u0105 tu ruiny dawnej rezydencji, kt\u00f3ra by\u0142y \u015bwiadkiem wielu wydarze\u0144 historycznych. Jedno z nich wi\u0105\u017ce si\u0119 z Napoleonem Bonaparte.<\/strong><\/p>\n<p>Osada zosta\u0142a za\u0142o\u017cona prawdopodobnie przez Piotra W\u0142osta, \u015bredniowiecznego mo\u017cnow\u0142adc\u0119 i palatyna, w XII wieku. Powsta\u0142a na terenie bogatym w lasy i bagna, trudnym do atakowania przez nieprzyjaciela. Pewnie dlatego usytuowano tu w XIV wieku dw\u00f3r z folwarkiem, na mocnych fundamentach. W czasie odnawiania zabytkowej wie\u017cy zamkowej oko\u0142o 1930 roku stwierdzono, \u017ce na tej bazie powsta\u0142 dw\u00f3r obronny w XVI wieku. Z inicjatywy gen. Johanna Wilhelma von Buddenbrocka w drugiej po\u0142owie XVIII wieku powi\u0119kszono rezydencj\u0119 \u2013 powsta\u0142 pi\u0119kny barokowy pa\u0142ac, rozbudowany sto lat p\u00f3\u017aniej. Ostatnim w\u0142a\u015bcicielem, do 1945 roku, by\u0142 baron Erich von Buddenbrock. Pod koniec II wojny \u015bwiatowej zosta\u0142a uszkodzona wie\u017ca, potem obiekt zacz\u0105\u0142 niszcze\u0107, dzi\u015b jest tylko ruin\u0105.<\/p>\n<p>W ci\u0105gu kilkuset lat w okolicach Pielaszkowic rozegra\u0142o si\u0119 wiele bitew. W 1425 roku okolic\u0119 najechali husyci. W czasie wojny 30-letniej wie\u015b si\u0119 wyludni\u0142a, spl\u0105drowa\u0142y j\u0105 pustosz\u0105ce kraj wojska szwedzkie. 100 lat p\u00f3\u017aniej, kiedy rozpocz\u0119\u0142y si\u0119 wojny \u015bl\u0105skie, toczono walki w okolicach Strzegomia i Lutyni. W 1757 roku na \u015al\u0105sk ponownie wkroczyli Austriacy. W 1762 roku nasta\u0142 pok\u00f3j, a \u015al\u0105sk sta\u0142 si\u0119 pruski. Wkr\u00f3tce jednak na scenie politycznej pojawi\u0142 si\u0119 Napoleon, jego wojska oblega\u0142y \u015al\u0105sk i Wroc\u0142aw w latach 1806\u20131813.<\/p>\n<p>Wiadomo, \u017ce cesarz Francuz\u00f3w ze swoj\u0105 \u015bwit\u0105 sta\u0142 na kwaterze w Pielaszkowicach w 1806 roku. R\u00f3wnie\u017c dwa lata p\u00f3\u017aniej stacjonowa\u0142y tu wojska francuskie a\u017c do \u017cniw w 1813 roku. Pa\u0142ac w\u00a0Pielaszkowicach przeszed\u0142 do historii jako miejsce, gdzie Napoleon Bonaparte podj\u0105\u0142 fataln\u0105 decyzj\u0119 polityczn\u0105, kt\u00f3ra przynios\u0142a katastrofalne skutki. W\u00a0czasie kampanii w 1813 roku cesarz przyst\u0105pi\u0142 do rozm\u00f3w na\u00a0temat zawieszenia broni z\u00a0b\u0119d\u0105cymi w\u00f3wczas w\u00a0znacznie gorszej sytuacji Prusakami. 4 czerwca zgodzi\u0142 si\u0119\u00a0na\u00a0rozejm do 20 lipca, przed\u0142u\u017cony potem do 10 sierpnia.\u00a0Da\u0142o to jego wrogom czas na\u00a0zmobilizowanie znacznych si\u0142, w dodatku do sojuszu z Rosj\u0105 i Prusami przyst\u0105pi\u0142a Austria. Na skutek fatalnego rozejmu Napoleon przegra\u0142 bitw\u0119 pod\u00a0Lipskiem w\u00a0pa\u017adzierniku 1813 roku. O zgodzie na zawieszenie broni Napoleon powiedzia\u0142 na Elbie: <em>To by\u0142a najwi\u0119ksza g\u0142upota mojego \u017cycia<\/em>.<\/p>\n<p>W pobliskim Udaninie na elewacji budynku przychodni zdrowia zosta\u0142a umieszczona w 1913 roku pami\u0105tkowa tablica w j\u0119zyku niemieckim, informuj\u0105ca o wydarzeniach sprzed stu lat. Nad tekstem widniej\u0105 dwie ga\u0142\u0105zki d\u0119bu, mi\u0119dzy kt\u00f3rymi umieszczono krzy\u017c \u017celazny.<\/p>\n<p>Na skraju parku, przed wjazdem na teren za\u0142o\u017cenia, ustawiony jest pami\u0105tkowy kamie\u0144 granitowy o wysoko\u015bci oko\u0142o 3 m, upami\u0119tniaj\u0105cy pobyt Napoleona w Pielaszkowicach i zwi\u0105zane z tym wydarzenia.<\/p>\n<p><strong>Jerzy Maciejewski<\/strong><\/p>\n<p><strong>Autor jest krajoznawc\u0105 i fotografikiem, dzia\u0142aczem spo\u0142ecznym. Instruktor fotografii krajoznawczej PTTK.<\/strong><\/p>\n\n\t\t<style type=\"text\/css\">\n\t\t\t#gallery-1 {\n\t\t\t\tmargin: auto;\n\t\t\t}\n\t\t\t#gallery-1 .gallery-item {\n\t\t\t\tfloat: left;\n\t\t\t\tmargin-top: 10px;\n\t\t\t\ttext-align: center;\n\t\t\t\twidth: 50%;\n\t\t\t}\n\t\t\t#gallery-1 img {\n\t\t\t\tborder: 2px solid #cfcfcf;\n\t\t\t}\n\t\t\t#gallery-1 .gallery-caption {\n\t\t\t\tmargin-left: 0;\n\t\t\t}\n\t\t\t\/* see gallery_shortcode() in wp-includes\/media.php *\/\n\t\t<\/style>\n\t\t<div id='gallery-1' class='gallery galleryid-28192 gallery-columns-2 gallery-size-full'><dl class='gallery-item'>\n\t\t\t<dt class='gallery-icon portrait'>\n\t\t\t\t<a href='https:\/\/turysta2.pttk.pl\/?attachment_id=28193'><img loading=\"lazy\" decoding=\"async\" width=\"1535\" height=\"2560\" src=\"https:\/\/turysta2.pttk.pl\/wp-content\/uploads\/2022\/11\/1.-Portret-cesarza-Napoleona-Jacques-Louisa-Davida-fot.-Google-Art-Project-Wikimedia-Commons-scaled.jpg\" class=\"attachment-full size-full\" alt=\"\" srcset=\"https:\/\/turysta2.pttk.pl\/wp-content\/uploads\/2022\/11\/1.-Portret-cesarza-Napoleona-Jacques-Louisa-Davida-fot.-Google-Art-Project-Wikimedia-Commons-scaled.jpg 1535w, https:\/\/turysta2.pttk.pl\/wp-content\/uploads\/2022\/11\/1.-Portret-cesarza-Napoleona-Jacques-Louisa-Davida-fot.-Google-Art-Project-Wikimedia-Commons-180x300.jpg 180w, https:\/\/turysta2.pttk.pl\/wp-content\/uploads\/2022\/11\/1.-Portret-cesarza-Napoleona-Jacques-Louisa-Davida-fot.-Google-Art-Project-Wikimedia-Commons-614x1024.jpg 614w, https:\/\/turysta2.pttk.pl\/wp-content\/uploads\/2022\/11\/1.-Portret-cesarza-Napoleona-Jacques-Louisa-Davida-fot.-Google-Art-Project-Wikimedia-Commons-768x1281.jpg 768w, https:\/\/turysta2.pttk.pl\/wp-content\/uploads\/2022\/11\/1.-Portret-cesarza-Napoleona-Jacques-Louisa-Davida-fot.-Google-Art-Project-Wikimedia-Commons-921x1536.jpg 921w, https:\/\/turysta2.pttk.pl\/wp-content\/uploads\/2022\/11\/1.-Portret-cesarza-Napoleona-Jacques-Louisa-Davida-fot.-Google-Art-Project-Wikimedia-Commons-1228x2048.jpg 1228w\" sizes=\"auto, (max-width: 1535px) 100vw, 1535px\" \/><\/a>\n\t\t\t<\/dt><\/dl><dl class='gallery-item'>\n\t\t\t<dt class='gallery-icon landscape'>\n\t\t\t\t<a href='https:\/\/turysta2.pttk.pl\/?attachment_id=28194'><img loading=\"lazy\" decoding=\"async\" width=\"1108\" height=\"838\" src=\"https:\/\/turysta2.pttk.pl\/wp-content\/uploads\/2022\/11\/3ZAMEK1.jpg\" class=\"attachment-full size-full\" alt=\"\" srcset=\"https:\/\/turysta2.pttk.pl\/wp-content\/uploads\/2022\/11\/3ZAMEK1.jpg 1108w, https:\/\/turysta2.pttk.pl\/wp-content\/uploads\/2022\/11\/3ZAMEK1-300x227.jpg 300w, https:\/\/turysta2.pttk.pl\/wp-content\/uploads\/2022\/11\/3ZAMEK1-1024x774.jpg 1024w, https:\/\/turysta2.pttk.pl\/wp-content\/uploads\/2022\/11\/3ZAMEK1-768x581.jpg 768w, https:\/\/turysta2.pttk.pl\/wp-content\/uploads\/2022\/11\/3ZAMEK1-200x150.jpg 200w\" sizes=\"auto, (max-width: 1108px) 100vw, 1108px\" \/><\/a>\n\t\t\t<\/dt><\/dl><br style=\"clear: both\" \/><dl class='gallery-item'>\n\t\t\t<dt class='gallery-icon landscape'>\n\t\t\t\t<a href='https:\/\/turysta2.pttk.pl\/?attachment_id=28195'><img loading=\"lazy\" decoding=\"async\" width=\"2560\" height=\"1700\" src=\"https:\/\/turysta2.pttk.pl\/wp-content\/uploads\/2022\/11\/2.-Ruiny-zamku-fot.-Izabela-Marek-Wikimedia-Commons-scaled.jpg\" class=\"attachment-full size-full\" alt=\"\" srcset=\"https:\/\/turysta2.pttk.pl\/wp-content\/uploads\/2022\/11\/2.-Ruiny-zamku-fot.-Izabela-Marek-Wikimedia-Commons-scaled.jpg 2560w, https:\/\/turysta2.pttk.pl\/wp-content\/uploads\/2022\/11\/2.-Ruiny-zamku-fot.-Izabela-Marek-Wikimedia-Commons-300x199.jpg 300w, https:\/\/turysta2.pttk.pl\/wp-content\/uploads\/2022\/11\/2.-Ruiny-zamku-fot.-Izabela-Marek-Wikimedia-Commons-1024x680.jpg 1024w, https:\/\/turysta2.pttk.pl\/wp-content\/uploads\/2022\/11\/2.-Ruiny-zamku-fot.-Izabela-Marek-Wikimedia-Commons-768x510.jpg 768w, https:\/\/turysta2.pttk.pl\/wp-content\/uploads\/2022\/11\/2.-Ruiny-zamku-fot.-Izabela-Marek-Wikimedia-Commons-1536x1020.jpg 1536w, https:\/\/turysta2.pttk.pl\/wp-content\/uploads\/2022\/11\/2.-Ruiny-zamku-fot.-Izabela-Marek-Wikimedia-Commons-2048x1360.jpg 2048w\" sizes=\"auto, (max-width: 2560px) 100vw, 2560px\" \/><\/a>\n\t\t\t<\/dt><\/dl>\n\t\t\t<br style='clear: both' \/>\n\t\t<\/div>\n\n<p>&nbsp;<\/p>\n<p><strong>Podpisy pod zdj\u0119cia<\/strong><\/p>\n<ol>\n<li>Portret cesarza Napoleona Jacques-Louisa Davida (fot. Google Art Project Wikimedia Commons)<\/li>\n<li>Ruiny zamku (fot. Izabela Marek, Wikimedia Commons)<\/li>\n<li>Zamek w Pielaszkowicach mi\u0119dzy 1857 a 1883 rokiem, litografia Heinricha Litzmanna i Theodora Alberta (Wikimedia Commons, \u017ar\u00f3d\u0142o: kolekcja A. Dunckera)<\/li>\n<\/ol>\n<p>&nbsp;<\/p>\n<p>&nbsp;<\/p>\n","protected":false},"excerpt":{"rendered":"Najwi\u0119ksza pomy\u0142ka Napoleona \u00a0 W czasie moich licznych wypraw po okolicach Wroc\u0142awia dotar\u0142em do Pielaszkowic. Wie\u015b le\u017cy w odleg\u0142o\u015bci 4 km na p\u00f3\u0142noc od Udanina, przy drodze mi\u0119dzy Strzegomiem a \u015arod\u0105 \u015al\u0105sk\u0105. Stoj\u0105 tu ruiny dawnej rezydencji, kt\u00f3ra by\u0142y \u015bwiadkiem wielu wydarze\u0144 historycznych. Jedno z nich wi\u0105\u017ce si\u0119 z Napoleonem Bonaparte. Osada zosta\u0142a za\u0142o\u017cona prawdopodobnie przez Piotra W\u0142osta, \u015bredniowiecznego mo\u017cnow\u0142adc\u0119&nbsp;<a href=\"https:\/\/turysta2.pttk.pl\/?p=28192\" class=\"read-more\">Continue Reading<\/a>","protected":false},"author":4,"featured_media":28194,"comment_status":"closed","ping_status":"closed","sticky":false,"template":"","format":"standard","meta":{"footnotes":""},"categories":[95,9],"tags":[],"class_list":["post-28192","post","type-post","status-publish","format-standard","has-post-thumbnail","hentry","category-musisz-zobaczyc","category-warto-wiedziec","cat-95-id","cat-9-id"],"aioseo_notices":[],"_links":{"self":[{"href":"https:\/\/turysta2.pttk.pl\/index.php?rest_route=\/wp\/v2\/posts\/28192","targetHints":{"allow":["GET"]}}],"collection":[{"href":"https:\/\/turysta2.pttk.pl\/index.php?rest_route=\/wp\/v2\/posts"}],"about":[{"href":"https:\/\/turysta2.pttk.pl\/index.php?rest_route=\/wp\/v2\/types\/post"}],"author":[{"embeddable":true,"href":"https:\/\/turysta2.pttk.pl\/index.php?rest_route=\/wp\/v2\/users\/4"}],"replies":[{"embeddable":true,"href":"https:\/\/turysta2.pttk.pl\/index.php?rest_route=%2Fwp%2Fv2%2Fcomments&post=28192"}],"version-history":[{"count":1,"href":"https:\/\/turysta2.pttk.pl\/index.php?rest_route=\/wp\/v2\/posts\/28192\/revisions"}],"predecessor-version":[{"id":28196,"href":"https:\/\/turysta2.pttk.pl\/index.php?rest_route=\/wp\/v2\/posts\/28192\/revisions\/28196"}],"wp:featuredmedia":[{"embeddable":true,"href":"https:\/\/turysta2.pttk.pl\/index.php?rest_route=\/wp\/v2\/media\/28194"}],"wp:attachment":[{"href":"https:\/\/turysta2.pttk.pl\/index.php?rest_route=%2Fwp%2Fv2%2Fmedia&parent=28192"}],"wp:term":[{"taxonomy":"category","embeddable":true,"href":"https:\/\/turysta2.pttk.pl\/index.php?rest_route=%2Fwp%2Fv2%2Fcategories&post=28192"},{"taxonomy":"post_tag","embeddable":true,"href":"https:\/\/turysta2.pttk.pl\/index.php?rest_route=%2Fwp%2Fv2%2Ftags&post=28192"}],"curies":[{"name":"wp","href":"https:\/\/api.w.org\/{rel}","templated":true}]}}