{"id":28189,"date":"2022-11-20T20:22:23","date_gmt":"2022-11-20T18:22:23","guid":{"rendered":"https:\/\/turysta2.pttk.pl\/?p=28189"},"modified":"2023-03-27T11:35:46","modified_gmt":"2023-03-27T09:35:46","slug":"grodzisko-w-gieczu","status":"publish","type":"post","link":"https:\/\/turysta2.pttk.pl\/?p=28189","title":{"rendered":"Grodzisko w Gieczu"},"content":{"rendered":"<p><strong>Grodzisko w Gieczu<\/strong><\/p>\n<p><strong>Giecz to dzi\u015b ma\u0142a wioska po\u0142o\u017cona 30 km na wsch\u00f3d od Poznania przy szosie z Gniezna do \u015arody Wielkopolskiej. W przesz\u0142o\u015bci \u2013 tysi\u0105c lat temu \u2013 by\u0142 to jeden z g\u0142\u00f3wnych o\u015brodk\u00f3w powstaj\u0105cego pa\u0144stwa polskiego. Pozosta\u0142o\u015bci\u0105 pot\u0119\u017cnego o\u015brodka osadniczego z prze\u0142omu X i XI wieku jest du\u017ce grodzisko i stoj\u0105cy nieopodal roma\u0144ski ko\u015bci\u00f3\u0142 w miejscu osady targowej. <\/strong><\/p>\n<p>&nbsp;<\/p>\n<p>O znaczeniu grodu w Gieczu \u015bwiadczy zapis w kronice Galla Anonima o liczebno\u015bci wojownik\u00f3w wystawionych do boju w czasach Boles\u0142awa Chrobrego: z Poznania 1300 pancernych i 4000 tarczownik\u00f3w, z Gniezna 1500 pancernych i 5000 tarczownik\u00f3w, z W\u0142oc\u0142awka 800 pancernych i 2000 tarczownik\u00f3w, z Giecza 300 pancernych i 2000 tarczownik\u00f3w (pancerni by\u0142a to jazda ci\u0119\u017ckozbrojna, najlepiej uzbrojona formacja wojska polskiego, tarczownicy byli wojownikami pieszymi).<\/p>\n<p>Kres \u015bwietno\u015bci Giecza nast\u0105pi\u0142 po naje\u017adzie ksi\u0119cia czeskiego Brzetys\u0142awa w 1038 roku,\u00a0 kiedy to mieszka\u0144cy grodu uprowadzeni zostali do Czech, a gr\u00f3d zosta\u0142 zniszczony.<\/p>\n<p>Dzi\u015b grodzisko w Gieczu stanowi rezerwat archeologiczny. Na jego terenie odkryto relikty roma\u0144skiego ko\u015bcio\u0142a z X i XI wieku z dwuwie\u017cow\u0105 fasad\u0105. Obok wznosi si\u0119 znacznie p\u00f3\u017aniejszy, drewniany ko\u015bci\u00f3\u0142 z XVIII wieku. Grodzisko jest dzi\u015b oaz\u0105 ciszy, spokoju, z nostalgiczn\u0105 nut\u0105 przemijania historii.<\/p>\n<p>&nbsp;<\/p>\n<p>&nbsp;<\/p>\n<p><strong>W\u0142odzimierz \u0141\u0119cki<\/strong><\/p>\n<p><strong>Nauczyciel akademicki, krajoznawca, autor ksi\u0105\u017cek krajoznawczych, przewodnik\u00f3w turystycznych. Cz\u0142onek honorowy PTTK. Wojewoda pozna\u0144ski, senator RP. Przewodnicz\u0105cy Komitetu Odbudowy Zamku Kr\u00f3lewskiego w Poznaniu.<\/strong><\/p>\n<p><a href=\"https:\/\/turysta2.pttk.pl\/wp-content\/uploads\/2022\/11\/Giecz-fragmenty-palatium-fot.-Zbigniew-Szmidt_aj-scaled.jpg\"><img loading=\"lazy\" decoding=\"async\" class=\"size-medium wp-image-28190\" src=\"https:\/\/turysta2.pttk.pl\/wp-content\/uploads\/2022\/11\/Giecz-fragmenty-palatium-fot.-Zbigniew-Szmidt_aj-300x200.jpg\" alt=\"\" width=\"300\" height=\"200\" srcset=\"https:\/\/turysta2.pttk.pl\/wp-content\/uploads\/2022\/11\/Giecz-fragmenty-palatium-fot.-Zbigniew-Szmidt_aj-300x200.jpg 300w, https:\/\/turysta2.pttk.pl\/wp-content\/uploads\/2022\/11\/Giecz-fragmenty-palatium-fot.-Zbigniew-Szmidt_aj-1024x683.jpg 1024w, https:\/\/turysta2.pttk.pl\/wp-content\/uploads\/2022\/11\/Giecz-fragmenty-palatium-fot.-Zbigniew-Szmidt_aj-768x512.jpg 768w, https:\/\/turysta2.pttk.pl\/wp-content\/uploads\/2022\/11\/Giecz-fragmenty-palatium-fot.-Zbigniew-Szmidt_aj-1536x1024.jpg 1536w, https:\/\/turysta2.pttk.pl\/wp-content\/uploads\/2022\/11\/Giecz-fragmenty-palatium-fot.-Zbigniew-Szmidt_aj-2048x1366.jpg 2048w\" sizes=\"auto, (max-width: 300px) 100vw, 300px\" \/><\/a><\/p>\n<p><strong>Podpis pod zdj\u0119cie<\/strong><\/p>\n<p><strong>Giecz, fragmenty palatium (<em>fot. Zbigniew Szmidt<\/em><\/strong>)<\/p>\n<p><strong>\u00a0<\/strong><\/p>\n<p>&nbsp;<\/p>\n","protected":false},"excerpt":{"rendered":"Grodzisko w Gieczu Giecz to dzi\u015b ma\u0142a wioska po\u0142o\u017cona 30 km na wsch\u00f3d od Poznania przy szosie z Gniezna do \u015arody Wielkopolskiej. W przesz\u0142o\u015bci \u2013 tysi\u0105c lat temu \u2013 by\u0142 to jeden z g\u0142\u00f3wnych o\u015brodk\u00f3w powstaj\u0105cego pa\u0144stwa polskiego. Pozosta\u0142o\u015bci\u0105 pot\u0119\u017cnego o\u015brodka osadniczego z prze\u0142omu X i XI wieku jest du\u017ce grodzisko i stoj\u0105cy nieopodal roma\u0144ski ko\u015bci\u00f3\u0142 w miejscu osady targowej.&nbsp;<a href=\"https:\/\/turysta2.pttk.pl\/?p=28189\" class=\"read-more\">Continue Reading<\/a>","protected":false},"author":4,"featured_media":28190,"comment_status":"closed","ping_status":"closed","sticky":false,"template":"","format":"standard","meta":{"footnotes":""},"categories":[95,9],"tags":[],"class_list":["post-28189","post","type-post","status-publish","format-standard","has-post-thumbnail","hentry","category-musisz-zobaczyc","category-warto-wiedziec","cat-95-id","cat-9-id"],"aioseo_notices":[],"_links":{"self":[{"href":"https:\/\/turysta2.pttk.pl\/index.php?rest_route=\/wp\/v2\/posts\/28189","targetHints":{"allow":["GET"]}}],"collection":[{"href":"https:\/\/turysta2.pttk.pl\/index.php?rest_route=\/wp\/v2\/posts"}],"about":[{"href":"https:\/\/turysta2.pttk.pl\/index.php?rest_route=\/wp\/v2\/types\/post"}],"author":[{"embeddable":true,"href":"https:\/\/turysta2.pttk.pl\/index.php?rest_route=\/wp\/v2\/users\/4"}],"replies":[{"embeddable":true,"href":"https:\/\/turysta2.pttk.pl\/index.php?rest_route=%2Fwp%2Fv2%2Fcomments&post=28189"}],"version-history":[{"count":1,"href":"https:\/\/turysta2.pttk.pl\/index.php?rest_route=\/wp\/v2\/posts\/28189\/revisions"}],"predecessor-version":[{"id":28191,"href":"https:\/\/turysta2.pttk.pl\/index.php?rest_route=\/wp\/v2\/posts\/28189\/revisions\/28191"}],"wp:featuredmedia":[{"embeddable":true,"href":"https:\/\/turysta2.pttk.pl\/index.php?rest_route=\/wp\/v2\/media\/28190"}],"wp:attachment":[{"href":"https:\/\/turysta2.pttk.pl\/index.php?rest_route=%2Fwp%2Fv2%2Fmedia&parent=28189"}],"wp:term":[{"taxonomy":"category","embeddable":true,"href":"https:\/\/turysta2.pttk.pl\/index.php?rest_route=%2Fwp%2Fv2%2Fcategories&post=28189"},{"taxonomy":"post_tag","embeddable":true,"href":"https:\/\/turysta2.pttk.pl\/index.php?rest_route=%2Fwp%2Fv2%2Ftags&post=28189"}],"curies":[{"name":"wp","href":"https:\/\/api.w.org\/{rel}","templated":true}]}}