{"id":28186,"date":"2022-11-20T20:20:13","date_gmt":"2022-11-20T18:20:13","guid":{"rendered":"https:\/\/turysta2.pttk.pl\/?p=28186"},"modified":"2023-03-27T11:35:47","modified_gmt":"2023-03-27T09:35:47","slug":"swieto-ksiazki-krajoznawczej-i-turystycznej","status":"publish","type":"post","link":"https:\/\/turysta2.pttk.pl\/?p=28186","title":{"rendered":"\u015awi\u0119to ksi\u0105\u017cki krajoznawczej i turystycznej"},"content":{"rendered":"<p><strong>\u015awi\u0119to ksi\u0105\u017cki krajoznawczej i turystycznej<\/strong><\/p>\n<p><strong> <a href=\"https:\/\/turysta2.pttk.pl\/wp-content\/uploads\/2022\/11\/fot.-K.-Pierwienis.jpg\"><img loading=\"lazy\" decoding=\"async\" class=\"alignnone size-medium wp-image-28187\" src=\"https:\/\/turysta2.pttk.pl\/wp-content\/uploads\/2022\/11\/fot.-K.-Pierwienis-300x225.jpg\" alt=\"\" width=\"300\" height=\"225\" srcset=\"https:\/\/turysta2.pttk.pl\/wp-content\/uploads\/2022\/11\/fot.-K.-Pierwienis-300x225.jpg 300w, https:\/\/turysta2.pttk.pl\/wp-content\/uploads\/2022\/11\/fot.-K.-Pierwienis-1024x768.jpg 1024w, https:\/\/turysta2.pttk.pl\/wp-content\/uploads\/2022\/11\/fot.-K.-Pierwienis-768x576.jpg 768w\" sizes=\"auto, (max-width: 300px) 100vw, 300px\" \/><\/a><\/strong><\/p>\n<p>Jak przysta\u0142o na jubileusz, fina\u0142 konkursu by\u0142 bardzo uroczysty. Gala 30. Og\u00f3lnopolskiego Przegl\u0105du Ksi\u0105\u017cki Krajoznawczej i Turystycznej\u00a0 odby\u0142a si\u0119 28 pa\u017adziernika w Uniwersyteckim Centrum Kultury Uniwersytetu w Bia\u0142ymstoku. Laureaci konkursu, kt\u00f3ry promuje publikacje popularyzuj\u0105ce wiedz\u0119 o bogactwie i dorobku kulturowo-historycznym naszego kraju, otrzymali pami\u0105tkowe statuetki i dyplomy honorowe.<\/p>\n<p>W tegorocznej edycji wzi\u0119\u0142o udzia\u0142 71 uczestnik\u00f3w (o sze\u015bciu wi\u0119cej w por\u00f3wnaniu z 29. edycj\u0105), kt\u00f3rzy w 122 zg\u0142oszeniach przys\u0142ali 138 publikacji. Autorzy w r\u00f3\u017cnorodnej formie, nie tylko s\u0142owem, ale i za pomoc\u0105 map oraz zdj\u0119\u0107 starali si\u0119 przybli\u017cy\u0107 rozmaite regiony Polski \u2013 od Ba\u0142tyku po Tatry. Zach\u0119ci\u0107 do w\u0119dr\u00f3wek po szlakach znanych i do odkrywania nowych dr\u00f3g, zwiedzania zamk\u00f3w, cerkwi i innych zabytk\u00f3w. Nie zabrak\u0142o publikacji skierowanych do najm\u0142odszych czytelnik\u00f3w (kategoria ta zosta\u0142a dodana w 2016 roku).<\/p>\n<p>Przedmiotem oceny 12-osobowego jury, kt\u00f3re obradowa\u0142o pod kierunkiem prof. dr. hab. Janusza Zdebskiego, by\u0142y krajoznawcza zawarto\u015b\u0107 publikacji oraz ich forma edytorska. Publikacje oceniano w sze\u015bciu kategoriach: albumy krajoznawcze, przewodniki, monografie oraz inne opracowania krajoznawcze, mapy i atlasy, wydawnictwa dla dzieci, informatory krajoznawcze. Po raz drugi organizatorzy Przegl\u0105du wprowadzili dodatkowe wyr\u00f3\u017cnienie, Nagrod\u0119 Publiczno\u015bci, kt\u00f3ra zosta\u0142a przyznana przez internaut\u00f3w g\u0142osuj\u0105cych poprzez stron\u0119 w plebiscycie na najciekawsz\u0105 publikacj\u0119 bior\u0105c\u0105 udzia\u0142 w konkursie.<\/p>\n<p>&nbsp;<\/p>\n<ul>\n<li>Realizatorem przedsi\u0119wzi\u0119cia by\u0142 Regionalny Oddzia\u0142 PTTK w Bia\u0142ymstoku przy wsparciu Centralnej Biblioteki PTTK im. Kazimierza Kulwiecia w Warszawie, Komisji Krajoznawczej Zarz\u0105du G\u0142\u00f3wnego PTTK oraz Wielkopolskiego Klubu Publicyst\u00f3w Krajoznawczych PTTK w Poznaniu.<\/li>\n<li>Wydarzenie zosta\u0142o obj\u0119te patronatami honorowymi przez: Ministerstwo Sportu i Turystyki, Sekretarza Stanu w Ministerstwie Kultury i Dziedzictwa Narodowego \u2013 Generalnego Konserwatora Zabytk\u00f3w, Jaros\u0142awa Sellina, Marsza\u0142ka Wojew\u00f3dztwa Podlaskiego, Rektora Uniwersytetu w Bia\u0142ymstoku, Polsk\u0105 Organizacj\u0119 Turystyczn\u0105, Regionaln\u0105 Dyrekcj\u0119 Las\u00f3w Pa\u0144stwowych w Bia\u0142ymstoku, Polskie Towarzystwo Wydawc\u00f3w Ksi\u0105\u017cek, Grup\u0119 MTP oraz Muzeum Sportu i Turystyki w Warszawie.<\/li>\n<li>Gali towarzyszy\u0142a wystawa ksi\u0105\u017cek zg\u0142oszonych do konkursu; laureaci i zaproszeni go\u015bcie mieli okazj\u0119 zwiedzi\u0107 Bibliotek\u0119 Uniwersytetu w Bia\u0142ymstoku, w tym Gabinet prezydenta Ryszarda Kaczorowskiego, a tak\u017ce udali si\u0119 na wycieczk\u0119 po Bia\u0142ymstoku zabytkowym autobusem.<\/li>\n<\/ul>\n<p>&nbsp;<\/p>\n<p>Lista laureat\u00f3w 30. Przegl\u0105du znajduje si\u0119 na stronie <a href=\"https:\/\/przegladksiazki.pttk.pl\/\">https:\/\/przegladksiazki.pttk.pl\/<\/a><\/p>\n","protected":false},"excerpt":{"rendered":"\u015awi\u0119to ksi\u0105\u017cki krajoznawczej i turystycznej Jak przysta\u0142o na jubileusz, fina\u0142 konkursu by\u0142 bardzo uroczysty. Gala 30. Og\u00f3lnopolskiego Przegl\u0105du Ksi\u0105\u017cki Krajoznawczej i Turystycznej\u00a0 odby\u0142a si\u0119 28 pa\u017adziernika w Uniwersyteckim Centrum Kultury Uniwersytetu w Bia\u0142ymstoku. Laureaci konkursu, kt\u00f3ry promuje publikacje popularyzuj\u0105ce wiedz\u0119 o bogactwie i dorobku kulturowo-historycznym naszego kraju, otrzymali pami\u0105tkowe statuetki i dyplomy honorowe. W tegorocznej edycji wzi\u0119\u0142o udzia\u0142 71 uczestnik\u00f3w&nbsp;<a href=\"https:\/\/turysta2.pttk.pl\/?p=28186\" class=\"read-more\">Continue Reading<\/a>","protected":false},"author":4,"featured_media":28187,"comment_status":"closed","ping_status":"closed","sticky":false,"template":"","format":"standard","meta":{"footnotes":""},"categories":[93,9],"tags":[],"class_list":["post-28186","post","type-post","status-publish","format-standard","has-post-thumbnail","hentry","category-aktualnosci","category-warto-wiedziec","cat-93-id","cat-9-id"],"aioseo_notices":[],"_links":{"self":[{"href":"https:\/\/turysta2.pttk.pl\/index.php?rest_route=\/wp\/v2\/posts\/28186","targetHints":{"allow":["GET"]}}],"collection":[{"href":"https:\/\/turysta2.pttk.pl\/index.php?rest_route=\/wp\/v2\/posts"}],"about":[{"href":"https:\/\/turysta2.pttk.pl\/index.php?rest_route=\/wp\/v2\/types\/post"}],"author":[{"embeddable":true,"href":"https:\/\/turysta2.pttk.pl\/index.php?rest_route=\/wp\/v2\/users\/4"}],"replies":[{"embeddable":true,"href":"https:\/\/turysta2.pttk.pl\/index.php?rest_route=%2Fwp%2Fv2%2Fcomments&post=28186"}],"version-history":[{"count":1,"href":"https:\/\/turysta2.pttk.pl\/index.php?rest_route=\/wp\/v2\/posts\/28186\/revisions"}],"predecessor-version":[{"id":28188,"href":"https:\/\/turysta2.pttk.pl\/index.php?rest_route=\/wp\/v2\/posts\/28186\/revisions\/28188"}],"wp:featuredmedia":[{"embeddable":true,"href":"https:\/\/turysta2.pttk.pl\/index.php?rest_route=\/wp\/v2\/media\/28187"}],"wp:attachment":[{"href":"https:\/\/turysta2.pttk.pl\/index.php?rest_route=%2Fwp%2Fv2%2Fmedia&parent=28186"}],"wp:term":[{"taxonomy":"category","embeddable":true,"href":"https:\/\/turysta2.pttk.pl\/index.php?rest_route=%2Fwp%2Fv2%2Fcategories&post=28186"},{"taxonomy":"post_tag","embeddable":true,"href":"https:\/\/turysta2.pttk.pl\/index.php?rest_route=%2Fwp%2Fv2%2Ftags&post=28186"}],"curies":[{"name":"wp","href":"https:\/\/api.w.org\/{rel}","templated":true}]}}