{"id":28182,"date":"2022-11-20T20:17:38","date_gmt":"2022-11-20T18:17:38","guid":{"rendered":"https:\/\/turysta2.pttk.pl\/?p=28182"},"modified":"2023-03-27T11:35:47","modified_gmt":"2023-03-27T09:35:47","slug":"nagroda-literacka-im-wladyslawa-krygowskiego","status":"publish","type":"post","link":"https:\/\/turysta2.pttk.pl\/?p=28182","title":{"rendered":"Nagroda Literacka im. W\u0142adys\u0142awa Krygowskiego"},"content":{"rendered":"<p><strong>Nagroda Literacka im. W\u0142adys\u0142awa Krygowskiego<\/strong><\/p>\n<p>&nbsp;<\/p>\n<p>W 1999 roku Zarz\u0105d G\u0142\u00f3wny PTTK ustanowi\u0142 Nagrod\u0119 Literack\u0105 im. W\u0142adys\u0142awa Krygowskiego przyznawan\u0105 corocznie dla uhonorowania os\u00f3b szczeg\u00f3lnie zas\u0142u\u017conych dla kultury polskiej w zwi\u0105zku z ich dokonaniami na polu szeroko rozumianego pi\u015bmiennictwa g\u00f3rskiego. Funkcj\u0119 cia\u0142a wnioskuj\u0105cego i przyznaj\u0105cego wyr\u00f3\u017cnienie pe\u0142ni Komitet Redakcyjny rocznika \u201eWierchy\u201d \u2013 organu Komisji Turystyki G\u00f3rskiej ZG PTTK.<\/p>\n<p>I tak po trzyletniej przerwie spowodowanej pandemi\u0105 10 wrze\u015bnia 2022 roku<br \/>\nw Warszawie w siedzibie Zarz\u0105du G\u0142\u00f3wnego PTTK w obecno\u015bci w\u0142adz naczelnych, laureat\u00f3w i ich rodzin odby\u0142a si\u0119 uroczysto\u015b\u0107 wr\u0119czenia przyznanych wyr\u00f3\u017cnie\u0144. Laudacje po\u015bwi\u0119cone dokonaniom os\u00f3b wyr\u00f3\u017cnionych wyg\u0142osi\u0142 dr Wies\u0142aw Aleksander W\u00f3jcik \u2013 redaktor naczelny \u201eWierch\u00f3w\u201d.<\/p>\n<p>Przyznane nagrody otrzymali:<\/p>\n<ul>\n<li>Za rok 2018 \u2013 <strong>Ryszard Maria Remiszewski<\/strong> \u2013 m.in. wieloletni kustosz i opiekun Pieni\u0144skiego O\u015brodka Historii Turystyki G\u00f3rskiej w Szczawnicy, przewodnik<br \/>\ni przodownik turystyki g\u00f3rskiej, autor i wsp\u00f3\u0142autor wielu prac i artyku\u0142\u00f3w po\u015bwi\u0119conych Pieninom, redaktor, wydawca i wsp\u00f3\u0142autor od 1989 roku rocznikowych \u201ePrac Pieni\u0144skich\u201d. Za swoj\u0105 wszechstronn\u0105 dzia\u0142alno\u015b\u0107 dla g\u00f3r i ich mieszka\u0144c\u00f3w obdarowany godno\u015bciami m.in. cz\u0142onka honorowego Zwi\u0105zku Polskiego Spisza i Polskiego Stowarzyszenia Flisak\u00f3w Pieni\u0144skich;<\/li>\n<li>Za rok 2019 \u2013 <strong> dr hab. Zbigniew J. W\u00f3jcik<\/strong> \u2013 geolog i historyk, ucze\u0144 prof. Edwarda Passendorfera prezentuj\u0105cy ponad 60-letni dorobek naukowy i pisarski obejmuj\u0105cy szeroko pojmowan\u0105 problematyk\u0119 g\u00f3r r\u00f3\u017cnych dyscyplin wiedzy: geologii, speleologii, ochrony przyrody, historii nauk przyrodniczych czy biografistyki. Pisarski dorobek Profesora obejmuje ponad 800 publikacji. Wymie\u0144my tu kilka pozycji biograficznych z ostatnich lat: <em>Stanis\u0142aw Staszic, Ignacy \u0141ukasiewicz <\/em>czy <em>Walery Goetel (1889<\/em>\u2013<em>1972). By w g\u00f3ry by\u0142o po co chodzi\u0107. O turystyce, parkach narodowych i sozologii<\/em>.<\/li>\n<li>Za rok 2020 \u2013 <strong>dr Wojciech Tadeusz G\u0105sienica-Byrcyn<\/strong> \u2013 zakopia\u0144czyk, le\u015bnik, wieloletni dyrektor Tatrza\u0144skiego Parku Narodowego. Jego dorobek publicystyczny obejmuje problematyk\u0119 nie tylko przyrodnicz\u0105, ale i humanistyczn\u0105 o charakterze historycznym oraz proz\u0119 literack\u0105. Autor u\u017cywa gwary podhala\u0144skiej w jej oryginalnej, tradycyjnej, nieska\u017conej obcymi wp\u0142ywami, formie.<\/li>\n<\/ul>\n<p>&nbsp;<\/p>\n<p><strong>\u00a0<\/strong><strong>Jacek T. Nowicki<\/strong><\/p>\n<p>&nbsp;<\/p>\n\n\t\t<style type=\"text\/css\">\n\t\t\t#gallery-1 {\n\t\t\t\tmargin: auto;\n\t\t\t}\n\t\t\t#gallery-1 .gallery-item {\n\t\t\t\tfloat: left;\n\t\t\t\tmargin-top: 10px;\n\t\t\t\ttext-align: center;\n\t\t\t\twidth: 33%;\n\t\t\t}\n\t\t\t#gallery-1 img {\n\t\t\t\tborder: 2px solid #cfcfcf;\n\t\t\t}\n\t\t\t#gallery-1 .gallery-caption {\n\t\t\t\tmargin-left: 0;\n\t\t\t}\n\t\t\t\/* see gallery_shortcode() in wp-includes\/media.php *\/\n\t\t<\/style>\n\t\t<div id='gallery-1' class='gallery galleryid-28182 gallery-columns-3 gallery-size-thumbnail'><dl class='gallery-item'>\n\t\t\t<dt class='gallery-icon landscape'>\n\t\t\t\t<a href='https:\/\/turysta2.pttk.pl\/?attachment_id=28183'><img loading=\"lazy\" decoding=\"async\" width=\"150\" height=\"150\" src=\"https:\/\/turysta2.pttk.pl\/wp-content\/uploads\/2022\/11\/1.-Laureaci-i-dr-Wieslaw-A.-Wojcik-wyglaszajacy-laudacje-fot..-Jacek.-T.-Nowickijpg-150x150.jpg\" class=\"attachment-thumbnail size-thumbnail\" alt=\"\" \/><\/a>\n\t\t\t<\/dt><\/dl><dl class='gallery-item'>\n\t\t\t<dt class='gallery-icon landscape'>\n\t\t\t\t<a href='https:\/\/turysta2.pttk.pl\/?attachment_id=28184'><img loading=\"lazy\" decoding=\"async\" width=\"150\" height=\"150\" src=\"https:\/\/turysta2.pttk.pl\/wp-content\/uploads\/2022\/11\/2WRCZE1-150x150.jpg\" class=\"attachment-thumbnail size-thumbnail\" alt=\"\" \/><\/a>\n\t\t\t<\/dt><\/dl>\n\t\t\t<br style='clear: both' \/>\n\t\t<\/div>\n\n<p>&nbsp;<\/p>\n<p><strong>Podpis pod zdj\u0119cia:<\/strong><\/p>\n<ol>\n<li>Laureaci i dr Wies\u0142aw A. W\u00f3jcik wyg\u0142aszaj\u0105cy laudacj\u0119<\/li>\n<li>Wr\u0119czenia nagr\u00f3d, pi\u0119knie oprawionych zdj\u0119\u0107 tatrza\u0144skich, dokona\u0142 prezes Towarzystwa \u2013 Jerzy Kap\u0142on<\/li>\n<\/ol>\n<p><strong>\u00a0<\/strong><\/p>\n<p><strong>\u00a0<\/strong><\/p>\n<p><strong>\u00a0<\/strong><\/p>\n<p>&nbsp;<\/p>\n","protected":false},"excerpt":{"rendered":"Nagroda Literacka im. W\u0142adys\u0142awa Krygowskiego &nbsp; W 1999 roku Zarz\u0105d G\u0142\u00f3wny PTTK ustanowi\u0142 Nagrod\u0119 Literack\u0105 im. W\u0142adys\u0142awa Krygowskiego przyznawan\u0105 corocznie dla uhonorowania os\u00f3b szczeg\u00f3lnie zas\u0142u\u017conych dla kultury polskiej w zwi\u0105zku z ich dokonaniami na polu szeroko rozumianego pi\u015bmiennictwa g\u00f3rskiego. Funkcj\u0119 cia\u0142a wnioskuj\u0105cego i przyznaj\u0105cego wyr\u00f3\u017cnienie pe\u0142ni Komitet Redakcyjny rocznika \u201eWierchy\u201d \u2013 organu Komisji Turystyki G\u00f3rskiej ZG PTTK. I tak po&nbsp;<a href=\"https:\/\/turysta2.pttk.pl\/?p=28182\" class=\"read-more\">Continue Reading<\/a>","protected":false},"author":4,"featured_media":28184,"comment_status":"closed","ping_status":"closed","sticky":false,"template":"","format":"standard","meta":{"footnotes":""},"categories":[93,9],"tags":[],"class_list":["post-28182","post","type-post","status-publish","format-standard","has-post-thumbnail","hentry","category-aktualnosci","category-warto-wiedziec","cat-93-id","cat-9-id"],"aioseo_notices":[],"_links":{"self":[{"href":"https:\/\/turysta2.pttk.pl\/index.php?rest_route=\/wp\/v2\/posts\/28182","targetHints":{"allow":["GET"]}}],"collection":[{"href":"https:\/\/turysta2.pttk.pl\/index.php?rest_route=\/wp\/v2\/posts"}],"about":[{"href":"https:\/\/turysta2.pttk.pl\/index.php?rest_route=\/wp\/v2\/types\/post"}],"author":[{"embeddable":true,"href":"https:\/\/turysta2.pttk.pl\/index.php?rest_route=\/wp\/v2\/users\/4"}],"replies":[{"embeddable":true,"href":"https:\/\/turysta2.pttk.pl\/index.php?rest_route=%2Fwp%2Fv2%2Fcomments&post=28182"}],"version-history":[{"count":1,"href":"https:\/\/turysta2.pttk.pl\/index.php?rest_route=\/wp\/v2\/posts\/28182\/revisions"}],"predecessor-version":[{"id":28185,"href":"https:\/\/turysta2.pttk.pl\/index.php?rest_route=\/wp\/v2\/posts\/28182\/revisions\/28185"}],"wp:featuredmedia":[{"embeddable":true,"href":"https:\/\/turysta2.pttk.pl\/index.php?rest_route=\/wp\/v2\/media\/28184"}],"wp:attachment":[{"href":"https:\/\/turysta2.pttk.pl\/index.php?rest_route=%2Fwp%2Fv2%2Fmedia&parent=28182"}],"wp:term":[{"taxonomy":"category","embeddable":true,"href":"https:\/\/turysta2.pttk.pl\/index.php?rest_route=%2Fwp%2Fv2%2Fcategories&post=28182"},{"taxonomy":"post_tag","embeddable":true,"href":"https:\/\/turysta2.pttk.pl\/index.php?rest_route=%2Fwp%2Fv2%2Ftags&post=28182"}],"curies":[{"name":"wp","href":"https:\/\/api.w.org\/{rel}","templated":true}]}}