{"id":28178,"date":"2022-11-20T20:15:25","date_gmt":"2022-11-20T18:15:25","guid":{"rendered":"https:\/\/turysta2.pttk.pl\/?p=28178"},"modified":"2023-03-27T11:35:47","modified_gmt":"2023-03-27T09:35:47","slug":"jubileusz-publicystow-z-wielkopolski","status":"publish","type":"post","link":"https:\/\/turysta2.pttk.pl\/?p=28178","title":{"rendered":"Jubileusz publicyst\u00f3w z Wielkopolski"},"content":{"rendered":"<p><strong>Jubileusz publicyst\u00f3w z Wielkopolski<\/strong><\/p>\n<p><strong>\u00a0<\/strong><\/p>\n<p>Przed ponad 40 laty w Poznaniu powsta\u0142 Wielkopolski Klub Publicyst\u00f3w Krajoznawczych PTTK, jedyny w Polsce klub skupiaj\u0105cy autor\u00f3w literatury krajoznawczej. Z tej okazji, z pewnym op\u00f3\u017anieniem spowodowanym pandemi\u0105, 20 wrze\u015bnia 2022 roku, w kameralnym gronie przyjaci\u00f3\u0142, odby\u0142o si\u0119 rocznicowe spotkanie.<\/p>\n<p>Klub liczy obecnie 48 cz\u0142onk\u00f3w \u2013 15 cz\u0142onk\u00f3w zwyczajnych i 33 cz\u0142onk\u00f3w korespondent\u00f3w z ca\u0142ego kraju \u2013 ludzi w r\u00f3\u017cnym wieku i r\u00f3\u017cnych zawod\u00f3w, kt\u00f3rych \u0142\u0105czy wsp\u00f3lna pasja \u2013 krajoznawstwo.<\/p>\n<p>Od pocz\u0105tku swego istnienia Klub organizowa\u0142 tak\u017ce r\u00f3\u017cnego rodzaju imprezy o charakterze krajoznawczym. Najbardziej znanymi, kt\u00f3re z czasem sta\u0142y si\u0119 swoist\u0105 wizyt\u00f3wk\u0105 Klubu, s\u0105 Forum Publicyst\u00f3w Krajoznawczych oraz Og\u00f3lnopolski Przegl\u0105d Ksi\u0105\u017cki Krajoznawczej i Turystycznej. Wielkopolski Klub Publicyst\u00f3w Krajoznawczych \u2013 jedyny o takiej formule w kraju \u2013 istnia\u0142 pierwotnie w ramach Oddzia\u0142u Mi\u0119dzyuczelnianego PTTK w Poznaniu, obecnie afiliowany jest do Wielkopolskiej Korporacji Oddzia\u0142\u00f3w PTTK. W\u015br\u00f3d cel\u00f3w dzia\u0142ania klubu, obok szerzenia wiedzy krajoznawczej w\u015br\u00f3d spo\u0142ecze\u0144stwa, jest r\u00f3wnie\u017c prowadzenie \u017cycia towarzyskiego.<\/p>\n<p>Z perspektywy 40 lat mo\u017cna powiedzie\u0107, \u017ce harmonijne po\u0142\u0105czenie dzia\u0142alno\u015bci merytorycznej ze spotkaniami towarzyskimi zadecydowa\u0142o o trwa\u0142o\u015bci Klubu i jego efektywnej dzia\u0142alno\u015bci.<\/p>\n<p>&nbsp;<\/p>\n<p><strong>Witold Gosty\u0144ski<\/strong><\/p>\n\n\t\t<style type=\"text\/css\">\n\t\t\t#gallery-1 {\n\t\t\t\tmargin: auto;\n\t\t\t}\n\t\t\t#gallery-1 .gallery-item {\n\t\t\t\tfloat: left;\n\t\t\t\tmargin-top: 10px;\n\t\t\t\ttext-align: center;\n\t\t\t\twidth: 33%;\n\t\t\t}\n\t\t\t#gallery-1 img {\n\t\t\t\tborder: 2px solid #cfcfcf;\n\t\t\t}\n\t\t\t#gallery-1 .gallery-caption {\n\t\t\t\tmargin-left: 0;\n\t\t\t}\n\t\t\t\/* see gallery_shortcode() in wp-includes\/media.php *\/\n\t\t<\/style>\n\t\t<div id='gallery-1' class='gallery galleryid-28178 gallery-columns-3 gallery-size-thumbnail'><dl class='gallery-item'>\n\t\t\t<dt class='gallery-icon landscape'>\n\t\t\t\t<a href='https:\/\/turysta2.pttk.pl\/?attachment_id=28179'><img loading=\"lazy\" decoding=\"async\" width=\"150\" height=\"150\" src=\"https:\/\/turysta2.pttk.pl\/wp-content\/uploads\/2022\/11\/1.-Pamiatkowa-fotografia-uczestnikow-spotkania-fot.-Piotr-Basinski-150x150.jpg\" class=\"attachment-thumbnail size-thumbnail\" alt=\"\" \/><\/a>\n\t\t\t<\/dt><\/dl><dl class='gallery-item'>\n\t\t\t<dt class='gallery-icon landscape'>\n\t\t\t\t<a href='https:\/\/turysta2.pttk.pl\/?attachment_id=28180'><img loading=\"lazy\" decoding=\"async\" width=\"150\" height=\"150\" src=\"https:\/\/turysta2.pttk.pl\/wp-content\/uploads\/2022\/11\/2.-Niektore-publikacje-wspolne-czlonkow-klubu-fot.-Zbigniew-Szmidt-150x150.jpg\" class=\"attachment-thumbnail size-thumbnail\" alt=\"\" \/><\/a>\n\t\t\t<\/dt><\/dl>\n\t\t\t<br style='clear: both' \/>\n\t\t<\/div>\n\n<p>&nbsp;<\/p>\n<p><strong><em>Zdj\u0119ci<\/em><\/strong><strong><em>a<\/em><\/strong> <strong>Piotr Basi\u0144ski, Zbigniew Szmidt<\/strong><\/p>\n<p>Podpis pod zdj\u0119cia:<\/p>\n<ol>\n<li>Pami\u0105tkowa fotografia uczestnik\u00f3w spotkania<\/li>\n<li>Niekt\u00f3re publikacje wsp\u00f3lne cz\u0142onk\u00f3w klubu<\/li>\n<\/ol>\n<p><strong>\u00a0<\/strong><\/p>\n<p><strong>\u00a0<\/strong><\/p>\n<p>&nbsp;<\/p>\n","protected":false},"excerpt":{"rendered":"Jubileusz publicyst\u00f3w z Wielkopolski \u00a0 Przed ponad 40 laty w Poznaniu powsta\u0142 Wielkopolski Klub Publicyst\u00f3w Krajoznawczych PTTK, jedyny w Polsce klub skupiaj\u0105cy autor\u00f3w literatury krajoznawczej. Z tej okazji, z pewnym op\u00f3\u017anieniem spowodowanym pandemi\u0105, 20 wrze\u015bnia 2022 roku, w kameralnym gronie przyjaci\u00f3\u0142, odby\u0142o si\u0119 rocznicowe spotkanie. Klub liczy obecnie 48 cz\u0142onk\u00f3w \u2013 15 cz\u0142onk\u00f3w zwyczajnych i 33 cz\u0142onk\u00f3w korespondent\u00f3w z ca\u0142ego&nbsp;<a href=\"https:\/\/turysta2.pttk.pl\/?p=28178\" class=\"read-more\">Continue Reading<\/a>","protected":false},"author":4,"featured_media":28179,"comment_status":"closed","ping_status":"closed","sticky":false,"template":"","format":"standard","meta":{"footnotes":""},"categories":[93,9],"tags":[],"class_list":["post-28178","post","type-post","status-publish","format-standard","has-post-thumbnail","hentry","category-aktualnosci","category-warto-wiedziec","cat-93-id","cat-9-id"],"aioseo_notices":[],"_links":{"self":[{"href":"https:\/\/turysta2.pttk.pl\/index.php?rest_route=\/wp\/v2\/posts\/28178","targetHints":{"allow":["GET"]}}],"collection":[{"href":"https:\/\/turysta2.pttk.pl\/index.php?rest_route=\/wp\/v2\/posts"}],"about":[{"href":"https:\/\/turysta2.pttk.pl\/index.php?rest_route=\/wp\/v2\/types\/post"}],"author":[{"embeddable":true,"href":"https:\/\/turysta2.pttk.pl\/index.php?rest_route=\/wp\/v2\/users\/4"}],"replies":[{"embeddable":true,"href":"https:\/\/turysta2.pttk.pl\/index.php?rest_route=%2Fwp%2Fv2%2Fcomments&post=28178"}],"version-history":[{"count":1,"href":"https:\/\/turysta2.pttk.pl\/index.php?rest_route=\/wp\/v2\/posts\/28178\/revisions"}],"predecessor-version":[{"id":28181,"href":"https:\/\/turysta2.pttk.pl\/index.php?rest_route=\/wp\/v2\/posts\/28178\/revisions\/28181"}],"wp:featuredmedia":[{"embeddable":true,"href":"https:\/\/turysta2.pttk.pl\/index.php?rest_route=\/wp\/v2\/media\/28179"}],"wp:attachment":[{"href":"https:\/\/turysta2.pttk.pl\/index.php?rest_route=%2Fwp%2Fv2%2Fmedia&parent=28178"}],"wp:term":[{"taxonomy":"category","embeddable":true,"href":"https:\/\/turysta2.pttk.pl\/index.php?rest_route=%2Fwp%2Fv2%2Fcategories&post=28178"},{"taxonomy":"post_tag","embeddable":true,"href":"https:\/\/turysta2.pttk.pl\/index.php?rest_route=%2Fwp%2Fv2%2Ftags&post=28178"}],"curies":[{"name":"wp","href":"https:\/\/api.w.org\/{rel}","templated":true}]}}