{"id":28175,"date":"2022-11-20T20:10:41","date_gmt":"2022-11-20T18:10:41","guid":{"rendered":"https:\/\/turysta2.pttk.pl\/?p=28175"},"modified":"2023-03-27T11:35:48","modified_gmt":"2023-03-27T09:35:48","slug":"w-jak-wybicki-jozef","status":"publish","type":"post","link":"https:\/\/turysta2.pttk.pl\/?p=28175","title":{"rendered":"W jak Wybicki J\u00f3zef"},"content":{"rendered":"<p><strong>W jak Wybicki J\u00f3zef<\/strong><\/p>\n<p><a href=\"https:\/\/turysta2.pttk.pl\/wp-content\/uploads\/2022\/11\/JozefWybicki-fot.-Wikimedia-Commons.jpg\"><img loading=\"lazy\" decoding=\"async\" class=\"alignnone size-medium wp-image-28176\" src=\"https:\/\/turysta2.pttk.pl\/wp-content\/uploads\/2022\/11\/JozefWybicki-fot.-Wikimedia-Commons-250x300.jpg\" alt=\"\" width=\"250\" height=\"300\" srcset=\"https:\/\/turysta2.pttk.pl\/wp-content\/uploads\/2022\/11\/JozefWybicki-fot.-Wikimedia-Commons-250x300.jpg 250w, https:\/\/turysta2.pttk.pl\/wp-content\/uploads\/2022\/11\/JozefWybicki-fot.-Wikimedia-Commons-768x923.jpg 768w, https:\/\/turysta2.pttk.pl\/wp-content\/uploads\/2022\/11\/JozefWybicki-fot.-Wikimedia-Commons.jpg 780w\" sizes=\"auto, (max-width: 250px) 100vw, 250px\" \/><\/a><\/p>\n<p>&nbsp;<\/p>\n<p>&nbsp;<\/p>\n<p><em>Kazano nam uczy\u0107 si\u0119 z\u0142ej \u0142aciny\u2026 nie kazano my\u015ble\u0107\u2026 to by\u0142o po prostu piek\u0142o <\/em>\u2013 tak swoj\u0105 nauk\u0119 w Kolegium Jezuickim w Starych Szkotach pod Gda\u0144skiem wspomina\u0142 J\u00f3zef\u00a0 Wybicki \u2013 autor s\u0142\u00f3w \u201ePie\u015bni Legion\u00f3w Polskich\u201d we W\u0142oszech, kt\u00f3ra p\u00f3\u017aniej zosta\u0142a og\u0142oszona polskim hymnem narodowym. A nauka w tym kolegium tak mu si\u0119 nie podoba\u0142a, \u017ce nawet zorganizowa\u0142 strajk uczni\u00f3w...<\/p>\n<p>W tym roku mija nie tylko 275 lat od urodzin J\u00f3zefa Wybickiego, ale te\u017c 200 od jego \u015bmierci. Urodzi\u0142 si\u0119 w B\u0119dominie ko\u0142o Ko\u015bcierzyny. W przebudowanym dworze mie\u015bci si\u0119 obecnie Muzeum Hymnu Narodowego. W 1780 roku zamieszka\u0142 w Manieczkach i tu sp\u0119dzi\u0142 ostatnie lata swojego \u017cycia. Wybicki rozpocz\u0105\u0142 dzia\u0142alno\u015b\u0107 polityczn\u0105 w wieku 20 lat jako pose\u0142 na Sejm w I Rzeczypospolitej; uczestniczy\u0142 w elekcji\u00a0 Stanis\u0142awa Augusta Poniatowskiego i zosta\u0142 szambelanem kr\u00f3la. Bra\u0142 udzia\u0142 w formowaniu Legion\u00f3w Polskich we W\u0142oszech. W Ksi\u0119stwie Warszawskim zosta\u0142 senatorem-wojewod\u0105, a w Kr\u00f3lestwie Polskim \u2013\u00a0 prezesem S\u0105du Najwy\u017cszego. Bra\u0142 udzia\u0142 w konfederacji barskiej i insurekcji ko\u015bciuszkowskiej. Wybicki by\u0142 autorem nie tylko wielu pism politycznych, wspomnie\u0144, ale i dramat\u00f3w, librett operowych, a nawet komedii. Zosta\u0142 odznaczony m.in. Orderem Or\u0142a Bia\u0142ego i Orderem \u015awi\u0119tego Stanis\u0142awa. Spoczywa w Krypcie Zas\u0142u\u017conych Wielkopolan w ko\u015bciele\u00a0 pw. \u015bw. Wojciecha w Poznaniu. Sejm, przekonany o wyj\u0105tkowym znaczeniu dorobku J\u00f3zefa Wybickiego, wybitnego przedstawiciela O\u015bwiecenia, wybra\u0142 go na jednego z patron\u00f3w 2022 roku.<\/p>\n<p>Stanis\u0142aw Dziuba<\/p>\n<p>Fot. Wikimedia Commons, autor nieznany<\/p>\n<p>&nbsp;<\/p>\n","protected":false},"excerpt":{"rendered":"W jak Wybicki J\u00f3zef &nbsp; &nbsp; Kazano nam uczy\u0107 si\u0119 z\u0142ej \u0142aciny\u2026 nie kazano my\u015ble\u0107\u2026 to by\u0142o po prostu piek\u0142o \u2013 tak swoj\u0105 nauk\u0119 w Kolegium Jezuickim w Starych Szkotach pod Gda\u0144skiem wspomina\u0142 J\u00f3zef\u00a0 Wybicki \u2013 autor s\u0142\u00f3w \u201ePie\u015bni Legion\u00f3w Polskich\u201d we W\u0142oszech, kt\u00f3ra p\u00f3\u017aniej zosta\u0142a og\u0142oszona polskim hymnem narodowym. A nauka w tym kolegium tak mu si\u0119 nie podoba\u0142a,&nbsp;<a href=\"https:\/\/turysta2.pttk.pl\/?p=28175\" class=\"read-more\">Continue Reading<\/a>","protected":false},"author":4,"featured_media":28176,"comment_status":"closed","ping_status":"closed","sticky":false,"template":"","format":"standard","meta":{"footnotes":""},"categories":[93,113,9],"tags":[],"class_list":["post-28175","post","type-post","status-publish","format-standard","has-post-thumbnail","hentry","category-aktualnosci","category-alfabet-krajoznawcy","category-warto-wiedziec","cat-93-id","cat-113-id","cat-9-id"],"aioseo_notices":[],"_links":{"self":[{"href":"https:\/\/turysta2.pttk.pl\/index.php?rest_route=\/wp\/v2\/posts\/28175","targetHints":{"allow":["GET"]}}],"collection":[{"href":"https:\/\/turysta2.pttk.pl\/index.php?rest_route=\/wp\/v2\/posts"}],"about":[{"href":"https:\/\/turysta2.pttk.pl\/index.php?rest_route=\/wp\/v2\/types\/post"}],"author":[{"embeddable":true,"href":"https:\/\/turysta2.pttk.pl\/index.php?rest_route=\/wp\/v2\/users\/4"}],"replies":[{"embeddable":true,"href":"https:\/\/turysta2.pttk.pl\/index.php?rest_route=%2Fwp%2Fv2%2Fcomments&post=28175"}],"version-history":[{"count":1,"href":"https:\/\/turysta2.pttk.pl\/index.php?rest_route=\/wp\/v2\/posts\/28175\/revisions"}],"predecessor-version":[{"id":28177,"href":"https:\/\/turysta2.pttk.pl\/index.php?rest_route=\/wp\/v2\/posts\/28175\/revisions\/28177"}],"wp:featuredmedia":[{"embeddable":true,"href":"https:\/\/turysta2.pttk.pl\/index.php?rest_route=\/wp\/v2\/media\/28176"}],"wp:attachment":[{"href":"https:\/\/turysta2.pttk.pl\/index.php?rest_route=%2Fwp%2Fv2%2Fmedia&parent=28175"}],"wp:term":[{"taxonomy":"category","embeddable":true,"href":"https:\/\/turysta2.pttk.pl\/index.php?rest_route=%2Fwp%2Fv2%2Fcategories&post=28175"},{"taxonomy":"post_tag","embeddable":true,"href":"https:\/\/turysta2.pttk.pl\/index.php?rest_route=%2Fwp%2Fv2%2Ftags&post=28175"}],"curies":[{"name":"wp","href":"https:\/\/api.w.org\/{rel}","templated":true}]}}