{"id":28134,"date":"2022-10-27T14:00:25","date_gmt":"2022-10-27T12:00:25","guid":{"rendered":"https:\/\/turysta2.pttk.pl\/?p=28134"},"modified":"2023-03-27T11:35:48","modified_gmt":"2023-03-27T09:35:48","slug":"swiatowy-dzien-turystyki-w-szczecinku","status":"publish","type":"post","link":"https:\/\/turysta2.pttk.pl\/?p=28134","title":{"rendered":"\u015awiatowy Dzie\u0144 Turystyki w Szczecinku"},"content":{"rendered":"<p><strong>\u015awiatowy Dzie\u0144 Turystyki w Szczecinku<\/strong><\/p>\n<p>Finis coronat opus \u2013\u00a0 koniec wie\u0144czy dzie\u0142o... T\u0105 \u0142aci\u0144sk\u0105 sentencj\u0105 Owidiusza rozpocz\u0105\u0142 tegoroczne miejskie obchody \u015awiatowego Dnia Turystyki prowadz\u0105cy spotkanie \u2013 koordynator projektu z ramienia Zarz\u0105du Wojskowego Ko\u0142a PTTK \u201eWiarusy\u201d Wojciech Jerzy Knapik. To dzie\u0142o to wsp\u00f3lna praca organizator\u00f3w i uczestnik\u00f3w przy realizacji I Miejskiej Edycji\u00a0 projektu\u00a0 turystycznego pod has\u0142em \u201eSzczecinecki Wagabunda\u201d. Przyj\u0119te rok temu\u00a0 zobowi\u0105zania zosta\u0142y w pe\u0142ni wykonane, mimo \u017ce czas by\u0142 trudny, pandemia, a i aura czasem krzy\u017cowa\u0142a plany, dotarli\u015bmy szcz\u0119\u015bliwie do\u00a0 zako\u0144czenia projektu. Po powitaniu i zaprezentowaniu sprawozdania w imieniu burmistrza miasta g\u0142os zabra\u0142 wiceburmistrz Maciej Makselon, kt\u00f3ry pogratulowa\u0142 zwyci\u0119zcom konkursu i podzi\u0119kowa\u0142 za zaanga\u017cowanie organizatorom. A co zrealizowano w minionym roku, pokazuj\u0105 nast\u0119puj\u0105ce liczby:<\/p>\n<p>&nbsp;<\/p>\n<ul>\n<li>402 osoby wzi\u0119\u0142y udzia\u0142 w projekcie,<\/li>\n<li>27 imprez turystycznych zaproponowano\u00a0 dla uczni\u00f3w w tym: 5 rajd\u00f3w zorganizowanych przez WK PTTK \u201eWiarusy\u201d, 8 w\u0142asnych imprez o charakterze turystycznym przygotowanych przez szko\u0142y, 14 zada\u0144 specjalnych przygotowanych przez\u00a0 koordynatora\u00a0 do realizacji w czasie trwania projektu.<\/li>\n<li>14 os\u00f3b odby\u0142o przeszkolenie z zakresu pierwszej pomocy przedmedycznej,<\/li>\n<li>13 uczni\u00f3w uczestniczy\u0142o w przeszkoleniu przygotowuj\u0105cym do bezpiecznego uprawiania turystki rowerowej,<\/li>\n<li>6 uczestnik\u00f3w projektu uzyska\u0142o miano \u201eSzczecineckiego M\u0142odzie\u017cowego Przewodnika PTTK',<\/li>\n<li>340 godzin \u0142\u0105cznie przepracowali w okresie letnim na rzecz odwiedzaj\u0105cych miasto turyst\u00f3w Szczecinneccy M\u0142odzie\u017cowi Przewodnicy PTTK,<\/li>\n<li>17 uczni\u00f3w za aktywno\u015b\u0107 w projekcie otrzyma\u0142o nagrody rzeczowe,<\/li>\n<li>22 uczni\u00f3w i 4 nauczycieli\/opiekun\u00f3w grup uczestniczy\u0142o w wyje\u017adzie do Szczecina, kt\u00f3ry by\u0142 form\u0105 nagrody zbiorowej,<\/li>\n<li>uczestnicz\u0105ce w projekcie szko\u0142y oraz instytucje wspieraj\u0105ce organizator\u00f3w otrzyma\u0142y roczn\u0105 bezp\u0142atn\u0105 prenumerat\u0119 kwartalnika PTTK \u201eTurysta\u201d.<\/li>\n<\/ul>\n<p>&nbsp;<\/p>\n<p>Pan Maciej Makselon i kolega prezes Bogdan Bereszy\u0144ski wr\u0119czyli dla najlepszych szk\u00f3\u0142 i najbardziej zaanga\u017cowanych uczni\u00f3w regulaminowe wyr\u00f3\u017cnienia i nagrody rzeczowe.<\/p>\n<p>Za zaj\u0119cie I miejsca w konkursie na najaktywniejsz\u0105 turystycznie szko\u0142\u0119 Puchar Burmistrza Miasta zdoby\u0142a Szko\u0142a Podstawowa nr 1 im. Adama Mickiewicza w Szczecinku. Drugie miejsce wywalczy\u0142a Szko\u0142a Podstawowa nr 6 im. Zdobywc\u00f3w Wa\u0142u Pomorskiego w Szczecinku i z r\u0105k prezesa WK PTTK \u201eWiarusy\u201d otrzyma\u0142a jego puchar. Natomiast puchar dyrektora OSiR otrzyma\u0142a Szko\u0142a Podstawowa nr 7 im. Noblist\u00f3w Polskich. Dwie plac\u00f3wki otrzyma\u0142y te\u017c wyr\u00f3\u017cnienia, a\u00a0 by\u0142y to: to Szko\u0142a Podstawowa w Parsecku i Specjalny O\u015brodek Szkolno -Wychowawczy w Szczecinku.<\/p>\n<p>W\u015br\u00f3d wyr\u00f3\u017cnionych nagrodami rzeczowymi znale\u017ali si\u0119 m\u0142odzi przewodnicy oraz najaktywniejsi uczniowie m.in.: Nadia Go\u0142ubowicz, Martyna i Zuzanna Jurczy\u0144skie, Mi\u0142osz Oleszkiewicz, Aleksandra Capar i Apolonia Miko\u0142ajczyk.<\/p>\n<p>Dodatkowo dyrektor Samorz\u0105dowej Agencji Promocji i Kultury pan Kamil Klimek w podzi\u0119kowaniu za spo\u0142eczn\u0105 prac\u0119 w okresie wakacji przekaza\u0142 dla przewodnik\u00f3w p\u00f3\u0142roczne karnety wolnego wst\u0119pu do kina.<\/p>\n<p>Po tej bardzo mi\u0142ej cz\u0119\u015bci spotkania prowadz\u0105cy zapozna\u0142 zebranych z regulaminem nowej edycji projektu \u201eSzczecinecki Wagadunda\u201d, kt\u00f3ra b\u0119dzie realizowana pod has\u0142em \u201eSzlakiem las\u00f3w i jezior\u201d. W tej edycji opr\u00f3cz turystyki pieszej organizatorzy zapraszaj\u0105 m\u0142odzie\u017c do uprawiania turystyki rowerowej i po odpowiednim przeszkoleniu turystyki kajakowej.<\/p>\n<p>Maciej Makselon zadeklarowa\u0142 dalsze wspieranie dzia\u0142a\u0144 naszego ko\u0142a w zakresie organizowania imprez turystycznych dla m\u0142odzie\u017cy oraz \u017cyczy\u0142 mi\u0142ych wra\u017ce\u0144 wszystkim uczestnikom \u201enagrodowego\u201d wyjazdu w podr\u00f3\u017c turystyczno-historyczn\u0105 \u201eZachodniopomorskim szlakiem Gryfit\u00f3w\u201d 29 wrze\u015bnia 2022 roku. Prezes Bereszy\u0144ski zapewni\u0142 zebranych o dalszej gotowo\u015bci do dzia\u0142ania\u00a0 w kolejnym ju\u017c 53. roku nieprzerwanej dzia\u0142alno\u015bci ko\u0142a i zaprosi\u0142 na najbli\u017cszy rajd \u201ePieczonego ziemniaka\u201d zaplanowany w tegorocznym kalendarzu imprez 2 pa\u017adziernika br.<\/p>\n<p>Przedstawionych tu efekt\u00f3w w popularyzacji turystyki w\u015br\u00f3d m\u0142odzie\u017cy oraz sukces\u00f3w i wyr\u00f3\u017cnie\u0144 by nie by\u0142o, gdyby nie decyzja\u00a0 burmistrz miasta pana Daniela Raka o obj\u0119ciu patronatem naszego projektu. Dzi\u0119ki niej i zapewnieniu w\u00a0 bud\u017cecie miasta na ten cel \u015brodk\u00f3w finansowych by\u0142a mo\u017cliwa realizacja spo\u0142ecznego dzia\u0142ania przez aktyw WK PTTK \u201eWiarusy\u201d. Za to panu burmistrzowi Zarz\u0105d ko\u0142a i koordynator projektu serdecznie dzi\u0119kuj\u0105.<\/p>\n\n\t\t<style type=\"text\/css\">\n\t\t\t#gallery-1 {\n\t\t\t\tmargin: auto;\n\t\t\t}\n\t\t\t#gallery-1 .gallery-item {\n\t\t\t\tfloat: left;\n\t\t\t\tmargin-top: 10px;\n\t\t\t\ttext-align: center;\n\t\t\t\twidth: 33%;\n\t\t\t}\n\t\t\t#gallery-1 img {\n\t\t\t\tborder: 2px solid #cfcfcf;\n\t\t\t}\n\t\t\t#gallery-1 .gallery-caption {\n\t\t\t\tmargin-left: 0;\n\t\t\t}\n\t\t\t\/* see gallery_shortcode() in wp-includes\/media.php *\/\n\t\t<\/style>\n\t\t<div id='gallery-1' class='gallery galleryid-28134 gallery-columns-3 gallery-size-thumbnail'><dl class='gallery-item'>\n\t\t\t<dt class='gallery-icon landscape'>\n\t\t\t\t<a href='https:\/\/turysta2.pttk.pl\/?attachment_id=28135'><img loading=\"lazy\" decoding=\"async\" width=\"150\" height=\"150\" src=\"https:\/\/turysta2.pttk.pl\/wp-content\/uploads\/2022\/10\/fot.-Ryszard-Kieruj1-150x150.jpg\" class=\"attachment-thumbnail size-thumbnail\" alt=\"\" \/><\/a>\n\t\t\t<\/dt><\/dl><dl class='gallery-item'>\n\t\t\t<dt class='gallery-icon landscape'>\n\t\t\t\t<a href='https:\/\/turysta2.pttk.pl\/?attachment_id=28136'><img loading=\"lazy\" decoding=\"async\" width=\"150\" height=\"150\" src=\"https:\/\/turysta2.pttk.pl\/wp-content\/uploads\/2022\/10\/fot.-Ryszard-Kieruj-150x150.jpg\" class=\"attachment-thumbnail size-thumbnail\" alt=\"\" \/><\/a>\n\t\t\t<\/dt><\/dl>\n\t\t\t<br style='clear: both' \/>\n\t\t<\/div>\n\n<p><strong>Wojciech Jerzy Knapik<\/strong><\/p>\n<p><strong>Zdj\u0119cia Ryszard Kieruj<\/strong><\/p>\n","protected":false},"excerpt":{"rendered":"\u015awiatowy Dzie\u0144 Turystyki w Szczecinku Finis coronat opus \u2013\u00a0 koniec wie\u0144czy dzie\u0142o... T\u0105 \u0142aci\u0144sk\u0105 sentencj\u0105 Owidiusza rozpocz\u0105\u0142 tegoroczne miejskie obchody \u015awiatowego Dnia Turystyki prowadz\u0105cy spotkanie \u2013 koordynator projektu z ramienia Zarz\u0105du Wojskowego Ko\u0142a PTTK \u201eWiarusy\u201d Wojciech Jerzy Knapik. To dzie\u0142o to wsp\u00f3lna praca organizator\u00f3w i uczestnik\u00f3w przy realizacji I Miejskiej Edycji\u00a0 projektu\u00a0 turystycznego pod has\u0142em \u201eSzczecinecki Wagabunda\u201d. Przyj\u0119te rok temu\u00a0&nbsp;<a href=\"https:\/\/turysta2.pttk.pl\/?p=28134\" class=\"read-more\">Continue Reading<\/a>","protected":false},"author":4,"featured_media":28135,"comment_status":"closed","ping_status":"closed","sticky":false,"template":"","format":"standard","meta":{"footnotes":""},"categories":[73,41],"tags":[],"class_list":["post-28134","post","type-post","status-publish","format-standard","has-post-thumbnail","hentry","category-turystyka-srodowiskowa","category-turystyka-pttk","cat-73-id","cat-41-id"],"aioseo_notices":[],"_links":{"self":[{"href":"https:\/\/turysta2.pttk.pl\/index.php?rest_route=\/wp\/v2\/posts\/28134","targetHints":{"allow":["GET"]}}],"collection":[{"href":"https:\/\/turysta2.pttk.pl\/index.php?rest_route=\/wp\/v2\/posts"}],"about":[{"href":"https:\/\/turysta2.pttk.pl\/index.php?rest_route=\/wp\/v2\/types\/post"}],"author":[{"embeddable":true,"href":"https:\/\/turysta2.pttk.pl\/index.php?rest_route=\/wp\/v2\/users\/4"}],"replies":[{"embeddable":true,"href":"https:\/\/turysta2.pttk.pl\/index.php?rest_route=%2Fwp%2Fv2%2Fcomments&post=28134"}],"version-history":[{"count":1,"href":"https:\/\/turysta2.pttk.pl\/index.php?rest_route=\/wp\/v2\/posts\/28134\/revisions"}],"predecessor-version":[{"id":28137,"href":"https:\/\/turysta2.pttk.pl\/index.php?rest_route=\/wp\/v2\/posts\/28134\/revisions\/28137"}],"wp:featuredmedia":[{"embeddable":true,"href":"https:\/\/turysta2.pttk.pl\/index.php?rest_route=\/wp\/v2\/media\/28135"}],"wp:attachment":[{"href":"https:\/\/turysta2.pttk.pl\/index.php?rest_route=%2Fwp%2Fv2%2Fmedia&parent=28134"}],"wp:term":[{"taxonomy":"category","embeddable":true,"href":"https:\/\/turysta2.pttk.pl\/index.php?rest_route=%2Fwp%2Fv2%2Fcategories&post=28134"},{"taxonomy":"post_tag","embeddable":true,"href":"https:\/\/turysta2.pttk.pl\/index.php?rest_route=%2Fwp%2Fv2%2Ftags&post=28134"}],"curies":[{"name":"wp","href":"https:\/\/api.w.org\/{rel}","templated":true}]}}