{"id":28128,"date":"2022-10-27T13:58:50","date_gmt":"2022-10-27T11:58:50","guid":{"rendered":"https:\/\/turysta2.pttk.pl\/?p=28128"},"modified":"2023-03-27T11:35:48","modified_gmt":"2023-03-27T09:35:48","slug":"skad-wisla-wyplywa","status":"publish","type":"post","link":"https:\/\/turysta2.pttk.pl\/?p=28128","title":{"rendered":"Sk\u0105d Wis\u0142a wyp\u0142ywa"},"content":{"rendered":"<p><strong>Sk\u0105d Wis\u0142a wyp\u0142ywa<\/strong><\/p>\n\n\t\t<style type=\"text\/css\">\n\t\t\t#gallery-1 {\n\t\t\t\tmargin: auto;\n\t\t\t}\n\t\t\t#gallery-1 .gallery-item {\n\t\t\t\tfloat: left;\n\t\t\t\tmargin-top: 10px;\n\t\t\t\ttext-align: center;\n\t\t\t\twidth: 33%;\n\t\t\t}\n\t\t\t#gallery-1 img {\n\t\t\t\tborder: 2px solid #cfcfcf;\n\t\t\t}\n\t\t\t#gallery-1 .gallery-caption {\n\t\t\t\tmargin-left: 0;\n\t\t\t}\n\t\t\t\/* see gallery_shortcode() in wp-includes\/media.php *\/\n\t\t<\/style>\n\t\t<div id='gallery-1' class='gallery galleryid-28128 gallery-columns-3 gallery-size-thumbnail'><dl class='gallery-item'>\n\t\t\t<dt class='gallery-icon landscape'>\n\t\t\t\t<a href='https:\/\/turysta2.pttk.pl\/?attachment_id=28129'><img loading=\"lazy\" decoding=\"async\" width=\"150\" height=\"150\" src=\"https:\/\/turysta2.pttk.pl\/wp-content\/uploads\/2022\/10\/1.-Otwarcie-rajdu-komandor-Cezary-Molin-otrzymuje-goralska-ciupage-i-kapelusz-fot.-Adam-Maruszak-150x150.jpg\" class=\"attachment-thumbnail size-thumbnail\" alt=\"\" \/><\/a>\n\t\t\t<\/dt><\/dl><dl class='gallery-item'>\n\t\t\t<dt class='gallery-icon landscape'>\n\t\t\t\t<a href='https:\/\/turysta2.pttk.pl\/?attachment_id=28130'><img loading=\"lazy\" decoding=\"async\" width=\"150\" height=\"150\" src=\"https:\/\/turysta2.pttk.pl\/wp-content\/uploads\/2022\/10\/2.-Mala-Fatra-uczestnicy-rajdu-w-jednym-z-najpiekniejszych-zakatkow-Slowacji-fot.-Jozef-Polokjpg-150x150.jpg\" class=\"attachment-thumbnail size-thumbnail\" alt=\"\" \/><\/a>\n\t\t\t<\/dt><\/dl><dl class='gallery-item'>\n\t\t\t<dt class='gallery-icon landscape'>\n\t\t\t\t<a href='https:\/\/turysta2.pttk.pl\/?attachment_id=28131'><img loading=\"lazy\" decoding=\"async\" width=\"150\" height=\"150\" src=\"https:\/\/turysta2.pttk.pl\/wp-content\/uploads\/2022\/10\/3.-Pod-wieza-widokowa-na-Baraniej-Gorze-z-ktorej-roztaczala-sie-rozlegla-panorama-fot.-Krzysztof-Rudzinskijpg-150x150.jpg\" class=\"attachment-thumbnail size-thumbnail\" alt=\"\" \/><\/a>\n\t\t\t<\/dt><\/dl><br style=\"clear: both\" \/><dl class='gallery-item'>\n\t\t\t<dt class='gallery-icon landscape'>\n\t\t\t\t<a href='https:\/\/turysta2.pttk.pl\/?attachment_id=28132'><img loading=\"lazy\" decoding=\"async\" width=\"150\" height=\"150\" src=\"https:\/\/turysta2.pttk.pl\/wp-content\/uploads\/2022\/10\/4.-Podejscie-na-Klimczok-bylo-krotkie-ale-strome-fot.-Zbigniew-Wrzecionko-150x150.jpg\" class=\"attachment-thumbnail size-thumbnail\" alt=\"\" \/><\/a>\n\t\t\t<\/dt><\/dl>\n\t\t\t<br style='clear: both' \/>\n\t\t<\/div>\n\n<p>&nbsp;<\/p>\n<p>&nbsp;<\/p>\n<p><strong>W dniach 25\u201328 sierpnia 2022 roku odby\u0142 si\u0119 XXIX Og\u00f3lnopolski G\u00f3rski Rajd Przewodnik\u00f3w PTTK. Jego organizatorem by\u0142o Wi\u015bla\u0144skie Ko\u0142o Przewodnik\u00f3w Beskidzkich i Terenowych wraz z Oddzia\u0142em PTTK \u201eWis\u0142a\u201d w Wi\u015ble przy pomocy Komisji Przewodnickiej Zarz\u0105du G\u0142\u00f3wnego PTTK<\/strong>.<\/p>\n<p>&nbsp;<\/p>\n<p>Pierwszego dnia rajdu jego uczestnicy mieli okazj\u0119 zapozna\u0107 si\u0119 z histori\u0105, atrakcjami i ciekawymi miejscami miasta Wis\u0142y. Podczas kr\u00f3tkiego spaceru, kt\u00f3ry prowadzili przewodnicy wi\u015bla\u0144skiego Ko\u0142a: Gustaw Czy\u017c, Bogumi\u0142a Czy\u017c-Tomiczek oraz Mariola Szyma\u0144ska-Kukuczka, zwiedzano m.in. centrum Wis\u0142y z placem Bogumi\u0142a Hoffa, zabytkowy XIX-wieczny Pa\u0142acyk My\u015bliwski Habsburg\u00f3w, ewangelicki ko\u015bci\u00f3\u0142 \u015bw. Piotra i Paw\u0142a, ko\u015bci\u00f3\u0142 katolicki Wniebowzi\u0119cia NMP, wi\u015bla\u0144ski amfiteatr, pomnik \u201e\u015al\u0105zaczka u \u017ar\u00f3de\u0142 Wis\u0142y\u201d, star\u0105 karczm\u0119 z ko\u0144ca XVIII wieku \u2013 obecnie siedzib\u0119 Muzeum Beskidzkiego, budynki XIX-wiecznych dawnych wi\u015bla\u0144skich szk\u00f3\u0142, zabytkowy hotel \u201ePiast\u201d.<\/p>\n<p>Na wieczornym spotkaniu w OW \u201eK\u0142os\u201d przewodnicz\u0105ca Komisji Przewodnickiej ZG PTTK Swiet\u0142ana Koniuszewska przekaza\u0142a komandorowi rajdu Cezaremu Molinowi g\u00f3ralsk\u0105 ciupag\u0119 i kapelusz, otwieraj\u0105c tym samym uroczysto\u015b\u0107. Potem odby\u0142y si\u0119 dwie prezentacje. Aleksander Skrzyd\u0142owski, specjalista ds. hodowli g\u0142uszc\u00f3w w Nadle\u015bnictwie Wis\u0142a, opowiada\u0142 o reintrodukcji g\u0142uszca w lasach nadle\u015bnictwa, kt\u00f3ra trwa od 2002 roku i dzi\u0119ki czemu ptaki te znowu zago\u015bci\u0142y w tutejszych lasach. Drug\u0105 prezentacj\u0119 na temat tradycji pasterskich w Beskidzie \u015al\u0105skim mia\u0142 baca Piotr Kohut z Koniakowa, kt\u00f3ry przyczyni\u0142 si\u0119 do powrotu tradycji wypasania owiec na beskidzkich halach.<\/p>\n<p>W kolejnych dw\u00f3ch dniach uczestnicy rajdu poznawali uroki ziemi cieszy\u0144skiej, Beskidu \u015al\u0105skiego, Beskidu \u017bywieckiego, Ma\u0142ej Fatry i Kisuc na przygotowanych trasach rajdowych pod opiek\u0105 wi\u015bla\u0144skich przewodnik\u00f3w: J\u00f3zefa Poloka, Renaty Czy\u017c, Krzysztofa Rudzi\u0144skiego, Stanis\u0142awa Cendrzaka, Cezarego Molina i Zbigniewa Wrzecionko.<\/p>\n<p><strong>Trasy autokarowe A<\/strong><br \/>\nW pi\u0105tek 26 sierpnia grupa autokarowa A-2 w liczbie 50 os\u00f3b wyruszy\u0142a na tras\u0119 najwcze\u015bniej, bo ju\u017c o godzinie 8. Celem wycieczki by\u0142y granicz\u0105ce z Polsk\u0105 i Czechami Kisuce oraz Ma\u0142a Fatra na S\u0142owacji.<\/p>\n<p>Trasa dojazdowa przebiega\u0142a przez malownicze tereny Tr\u00f3jwsi Beskidzkiej i \u017bywiecczyzny, by w Zwardoniu przekroczy\u0107 granic\u0119 pa\u0144stwa i wjecha\u0107 na terytorium naszego po\u0142udniowego s\u0105siada. Po drugiej stronie granicy widoki by\u0142y r\u00f3wnie pi\u0119kne. Ogromne wra\u017cenie zrobi\u0142y na uczestnikach wiadukty autostradowe mi\u0119dzy miejscowo\u015bciami Skalit\u00e9 i \u010cadca. Najwy\u017cszy z nich \u2013 most Valy \u2013 ma wysoko\u015b\u0107 prawie 90 m nad terenem. Warto doda\u0107, \u017ce s\u0142owacka autostrada D-3 \u0142\u0105czy si\u0119 na granicy w Zwardoniu z nasz\u0105 drog\u0105 ekspresow\u0105 S-1 i przebiega w bezpo\u015bredniej blisko\u015bci tr\u00f3jstyku granic PL\/SK\/CZ.<\/p>\n<p>Kontynuuj\u0105c jazd\u0119, uczestnicy rajdu przeje\u017cd\u017cali najpierw wzd\u0142u\u017c doliny rzeki Kisucy, a nast\u0119pnie dolin\u0105 rzeki Bystricy, docieraj\u0105c do miejscowo\u015bci Vychylovka, gdzie zwiedzali skansen wsi kisuckiej oraz odbyli podr\u00f3\u017c unikatow\u0105 w skali \u015bwiatowej, historyczn\u0105 kolejk\u0105 w\u0105skotorow\u0105, kt\u00f3ra w przesz\u0142o\u015bci s\u0142u\u017cy\u0142a do transportu drewna mi\u0119dzy Kisucami a Oraw\u0105. Wprawdzie komentarz miejscowej przewodniczki by\u0142 w j\u0119zyku s\u0142owackim, ale w wi\u0119kszo\u015bci by\u0142 on zrozumia\u0142y. Tylko w nielicznych sytuacjach konieczne by\u0142o t\u0142umaczenie.<\/p>\n<p>Przeje\u017cd\u017caj\u0105c z Vychylovki do Terchovej, na chwil\u0119 wpadli\u015bmy do miejscowo\u015bci Stara Bystrica, kt\u00f3ra pod koniec ostatniej wojny na skutek zaci\u0119tych walk prawie ca\u0142a sp\u0142on\u0119\u0142a. Dzi\u015b znajduje si\u0119 tutaj jedyny na S\u0142owacji zegar astronomiczny zwany orlojem, kt\u00f3ry na dodatek ma zewn\u0119trzn\u0105 bry\u0142\u0119 przypominaj\u0105c\u0105 patronk\u0119 S\u0142owacji Matk\u0119 Bosk\u0105 Siedmiobolesn\u0105. Na deser zostawili\u015bmy sobie jedno z najpi\u0119kniejszych miejsc na S\u0142owacji \u2013 Ma\u0142\u0105 Fatr\u0119.<\/p>\n<p>Pi\u0119kna pogoda dodawa\u0142a kolorytu ojczy\u017anie Juraja Janosika, kt\u00f3ry tutaj w Terchovej, u podn\u00f3\u017ca Wielkiego Rozsutca i Velkeho Krivana Fatranskeho, przyszed\u0142 na \u015bwiat w roku 1688.<\/p>\n<p>Uczestnicy z zachwytem przeszli przez kanion Janosikowe Diery, kt\u00f3ry ci\u0105gnie si\u0119 w dolinie pomi\u0119dzy Ma\u0142ym Rozsutcem, Bobotami i Wielkim Rozsutcem. Niezbyt wymagaj\u0105ca trasa Dolnymi Dierami przez Prze\u0142\u0105cz Vrchpodziar doprowadzi\u0142a nas do niezwykle uroczego zak\u0105tka Terchowej \u2013 Stefanowej, gdzie czeka\u0142 ju\u017c na nas autokar. Pozosta\u0142o jeszcze tylko wykona\u0107 pami\u0105tkowe zdj\u0119cie\u2026<\/p>\n<p>R\u00f3wnie ciekawy by\u0142 przejazd przez kanion Tiesniavy, gdzie z prawej i lewej strony drogi ska\u0142y nieomal ociera\u0142y si\u0119 o boki autokaru. Tutaj przebiega tak\u017ce szlak turystyczny o wymownej nazwie \u201eZbojnicky chodnik\u201d.<\/p>\n<p>Na koniec sp\u0119dzili\u015bmy troch\u0119 wolnego czasu w centrum Terchovej. Ka\u017cdy wykona\u0142 obowi\u0105zkowe zdj\u0119cie z Janosikiem, kt\u00f3rego monumentalny pomnik powsta\u0142 nad jego rodzinn\u0105 miejscowo\u015bci\u0105 w 300-lecie jego urodzin.<\/p>\n<p>Troch\u0119 \u017cal by\u0142o wraca\u0107, ale nie by\u0142o wyj\u015bcia. Oko\u0142o godziny 18 byli\u015bmy ju\u017c w bazie, gdzie opr\u00f3cz sytego posi\u0142ku czeka\u0142y na nas dalsze rajdowe atrakcje \u2013 wieczorek integracyjny przy muzyce.<\/p>\n<p>Identyczna wycieczka odby\u0142a si\u0119 dzie\u0144 p\u00f3\u017aniej 27 sierpnia 2022. Tym razem grupa A-1 wybra\u0142a si\u0119 na S\u0142owacj\u0119. Uczestniczy\u0142o 48 os\u00f3b.<\/p>\n<p>Z satysfakcj\u0105 nale\u017cy stwierdzi\u0107, \u017ce uczestnicy byli zadowoleni. Satysfakcja jest tym wi\u0119ksza, \u017ce w obydwu grupach by\u0142y same tuzy turystyki polskiej. Wycieczki prowadzi\u0142 przewodnik J\u00f3zef Polok.<\/p>\n<p>&nbsp;<\/p>\n<p><strong>Autokarem po \u015bl\u0105sku Cieszy\u0144skim<\/strong><\/p>\n<p>W dniach 26 i 27 sierpnia dwie grupy uczestnik\u00f3w rajdu odby\u0142y wycieczki autokarowe po \u015al\u0105sku Cieszy\u0144skim. Trasa wiod\u0142a z Wis\u0142y przez Ustro\u0144 Zawodzie do G\u00f3rek Ma\u0142ych do Chlebowej Chaty. Tam przewodnicy oddali si\u0119 w r\u0119ce gospodarzy, kt\u00f3rzy opowiadali o procesie wypieku chleba od ziarenka do bochenka, pracy na roli i zabytkowych maszynach rolniczych oraz o pszczo\u0142ach. Ka\u017cdy m\u00f3g\u0142 zje\u015b\u0107 wykonany w\u0142asnymi r\u0119kami podp\u0142omyk z mas\u0142em, miodem lub d\u017cemem. Dalsza trasa wiod\u0142a przez G\u00f3rki Wielkie na Kaplic\u00f3wk\u0119, gdzie nie zabrak\u0142o opowiada\u0144 o Zofii Kossak, \u015bw. Janie Sarkandrze oraz wizycie Jana Paw\u0142a II w Skoczowie. W drodze do Cieszyna przewodniczka Renata Czy\u017c zapoznawa\u0142a grupy z histori\u0105 reformacji. Po takim przygotowaniu zwiedzanie Ko\u015bcio\u0142a Jezusowego by\u0142o znacznie prostsze. Po najwi\u0119kszym w Polsce ewangelickim ko\u015bciele i Muzeum Protestantyzmu oprowadza\u0142 kustosz Marcin Gabry\u015b. Pytaniom i komentarzom nie by\u0142o ko\u0144ca, a pobyt wewn\u0105trz trwa\u0142 prawie 1,5 godziny. Nie oby\u0142o si\u0119 tak\u017ce bez spaceru po Cieszynie od Wy\u017cszej Bramy po G\u00f3r\u0119 Zamkow\u0105 i wkroczenia do s\u0105siedniego pa\u0144stwa, czyli Czeskiego Cieszyna w Republice Czeskiej. Granica na Olzie okaza\u0142a si\u0119 wielk\u0105 atrakcj\u0105 turystyczn\u0105, r\u00f3wn\u0105 roma\u0144skiej Rotundzie i Wie\u017cy Piastowskiej. Nasyceni wra\u017ceniami, pi\u0119knymi widokami i rozmaitymi wiadomo\u015bciami w temperaturze prawie 30 stopni uczestnicy wracali do Wis\u0142y.<\/p>\n<p>&nbsp;<\/p>\n<p><strong>Trasa autokarowo-piesza B<\/strong><\/p>\n<p>W dniu 26 sierpnia spod OW \u201eK\u0142os\u201d 27 osobowa grupa z przewodnikiem Krzysztofem Rudzi\u0144skim wyruszy\u0142a w drog\u0119 autobusem do Wis\u0142y Czarne. Sk\u0105d niebieskim szlakiem udali\u015bmy si\u0119 w kierunku Baraniej G\u00f3ry. Szlak prowadzi\u0142 na pocz\u0105tku drog\u0105 asfaltow\u0105 wzd\u0142u\u017c doliny Bia\u0142ej Wise\u0142ki. Po przej\u015bciu oko\u0142o 3 km rozpocz\u0119\u0142a si\u0119 \u015bcie\u017cka prowadz\u0105ca w las. Po przej\u015bciu oko\u0142o 500 metr\u00f3w doszli\u015bmy do Kaskady Rod\u0142a, gdzie uczestnicy rajdu zrobili pami\u0105tkowe zdj\u0119cia. Po kr\u00f3tkim odpoczynku ruszyli\u015bmy w dalsz\u0105 drog\u0119, na kt\u00f3rej spotkali\u015bmy \u015bcie\u017ck\u0119 edukacyjn\u0105 przedstawiaj\u0105c\u0105 faun\u0119 i flor\u0119 Beskidu \u015al\u0105skiego. Na szczyt Baraniej G\u00f3ry doszli\u015bmy po oko\u0142o 3 godzinach. Pogoda w tym dniu by\u0142a wspania\u0142a i pozwoli\u0142a nam zobaczy\u0107 rozleg\u0142\u0105 panoram\u0119 g\u00f3r. Uczestnicy rajdu byli zaskoczeni widokami, jakie zobaczyli ze szczytu wie\u017cy widokowej. Po d\u0142u\u017cszym odpoczynku i zrobieniu zdj\u0119\u0107 ruszyli\u015bmy w kierunku schroniska na Przys\u0142opiu czerwonym szlakiem. Po 40 minutach dotarli\u015bmy do schroniska, przy kt\u00f3rym znajduje si\u0119 Muzeum Turystyki, po kt\u00f3rym oprowadzi\u0142a nas kole\u017canka Swiet\u0142ana, kt\u00f3ra opowiedzia\u0142a nam o historii tego wspania\u0142ego miejsca. Po d\u0142u\u017cszym odpoczynku ruszyli\u015bmy w kierunku Stec\u00f3wki, sk\u0105d autobusem pojechali\u015bmy pod Rezydencj\u0119 Prezydenta RP, gdzie zapozna\u0142em uczestnik\u00f3w z histori\u0105 tego miejsca. Po d\u0142u\u017cszej chwili ruszyli\u015bmy w dalsz\u0105 drog\u0119, kt\u00f3ra doprowadzi\u0142a nas na zapor\u0119 wodn\u0105 na jeziorze Czernia\u0144skim, a nast\u0119pnie na skoczni\u0119 narciarsk\u0105 w Malince im. Adama Ma\u0142ysza. Tam czeka\u0142a na uczestnik\u00f3w niespodzianka. Po samej skoczni oprowadza\u0142 nas prezes \u015al\u0105skiego Zwi\u0105zku Narciarskiego, pan Andrzej W\u0105sowicz. Pokaza\u0142 nam miejsca, kt\u00f3re s\u0105 dla turyst\u00f3w niedost\u0119pne. Moja grupa by\u0142a zachwycona zar\u00f3wno spotkaniem z tak znan\u0105 osob\u0105, jak i przebiegiem trasy.<\/p>\n<p>W dniu 27 sierpnia b.r.\u00a0 o godzinie 8.30 wyruszyli\u015bmy autokarem z DW \u201eK\u0142os\u201d do Wis\u0142y \u0141abajowa. Podczas przejazdu zwr\u00f3ci\u0142em uwag\u0119 uczestnik\u00f3w na mijane wi\u015bla\u0144skie atrakcje, ze szczeg\u00f3lnym uwzgl\u0119dnieniem najnowszych m.in. Centrum Edukacji Ekologicznej w Wi\u015ble Nowej Osadzie oraz orientalnych fascynacji w\u0142a\u015bcicieli Villi Japonica. Z Wis\u0142y \u0141abajowa zielonym szlakiem weszli\u015bmy na Sto\u017cek, zatrzymuj\u0105c si\u0119 w miejscach o ciekawej ekspozycji, by podziwia\u0107 panoramy Beskidu \u015al\u0105skiego, \u017bywieckiego, a nawet zamglonych Tatr. W czasie wizyty na Sto\u017cku przedstawi\u0142em rys ciekawej historii powstania schroniska, kt\u00f3re w lipcu tego roku obchodzi\u0142o jubileusz 100- lecia istnienia. Prelekcja przerodzi\u0142a si\u0119 w \u017cyw\u0105 dyskusj\u0119.\u00a0 Zwr\u00f3cono uwag\u0119 na fakt, \u017ce kr\u00f3tko po zawieszeniu konfliktu zbrojnego, jaki mia\u0142 miejsce w styczniu 1919 roku pomi\u0119dzy nowo powsta\u0142ymi pa\u0144stwami Polsk\u0105 i Czechos\u0142owacj\u0105, dzia\u0142acze PTT z Cieszyna podj\u0119li decyzj\u0119 o rozpocz\u0119ciu budowy schroniska.<\/p>\n<p>Kontynuuj\u0105c wycieczk\u0119, ruszyli\u015bmy czerwonym szlakiem przez Kyrkawic\u0119 na Kiczory. Podczas schodzenia zielonym szlakiem w kierunku Wilczego, niesyci wspania\u0142ych krajobraz\u00f3w zeszli\u015bmy ze szlaku i wspi\u0119li\u015bmy si\u0119 na polan\u0119 pod szczytem Sa\u0142aszu Dupne. Stamt\u0105d po raz kolejny podziwiali\u015bmy panoram\u0119 Beskid\u00f3w i Ma\u0142ej Fatry. Przy tej okazji wyja\u015bni\u0142em nazw\u0119 samego szczytu.<\/p>\n<p>W Izbie Pami\u0119ci Jerzego Kukuczki na Wilczym zostali\u015bmy serdecznie przyj\u0119ci przez pani\u0105 Cecyli\u0119 Kukuczk\u0119, \u017con\u0119 zmar\u0142ego himalaisty, kt\u00f3ra podzieli\u0142a si\u0119 wspomnieniami.<\/p>\n<p>W Istebnej Bukowcu czeka\u0142 na nas autokar, kt\u00f3rym dojechali\u015bmy do Chaty Kawuloka, gdzie czeka\u0142 na nas z gaw\u0119d\u0105 i muzyk\u0105 Jan Macoszek.<\/p>\n<p>W drodze powrotnej zapoznali\u015bmy si\u0119 z ofert\u0105 edukacyjn\u0105\u00a0 istebnia\u0144skiego O\u015brodka Edukacyjnego na Dzielcu.<\/p>\n<p>Drog\u0105 przez prze\u0142\u0119cz Kubalonka wr\u00f3cili\u015bmy do Wis\u0142y. Podczas przejazdu przypomnia\u0142em postaci wyj\u0105tkowych os\u00f3b, takich jak Ludwik Konarzewski, Jan Wa\u0142ach czy doktor Zygmunt Dadlez.<\/p>\n<p>Kolejnym punktem by\u0142a wizyta w Willi Ochorowicz\u00f3wka, kt\u00f3ra opr\u00f3cz muzeum biograficznego tego wybitnego naukowca mie\u015bci r\u00f3wnie\u017c Muzeum Magicznego Realizmu.<\/p>\n<p>Wspania\u0142ym przewodnikiem po tym obiekcie by\u0142a prezes Towarzystwa Mi\u0142o\u015bnik\u00f3w Wis\u0142y pani Gra\u017cyna Pruska.<\/p>\n<p>Ostatnim punktem programu by\u0142y odwiedziny na wi\u015bla\u0144skim Cmentarzu Ewangelickim<\/p>\n<p>\u201eNa Groniczku\u201d. Z zadum\u0105 zatrzymali\u015bmy si\u0119\u00a0 m.in.przy grobach ks. Micha\u0142a Kupferschmida, Bogumi\u0142a i Bogdana Hoffa i Stanis\u0142awa Hadyny.<\/p>\n<p>&nbsp;<\/p>\n<p><strong>Trasy piesze C<\/strong><br \/>\n<strong>Trasa C-1<\/strong><br \/>\nNa trasie tej wzi\u0119\u0142o udzia\u0142 17 os\u00f3b. Przewodnikiem by\u0142 Zbigniew Wrzecionko. Grupa C1 rozpocz\u0119\u0142a swoj\u0105 w\u0119dr\u00f3wk\u0119 na Prze\u0142\u0119czy Salmopolskiej (934 m n.p.m). W\u0119drowali\u015bmy czerwonym szlakiem przez Malin\u00f3w (1117), Malinowsk\u0105 Ska\u0142\u0119 (1152), Ma\u0142e Skrzyczne (1211) na najwy\u017cszy szczyt Beskidu \u015al\u0105skiego \u2013 Skrzyczne (1257).<\/p>\n<p>Po drodze na zboczach Malinowa mieli\u015bmy okazj\u0119 zwiedzi\u0107 Jaskini\u0119 Malinowsk\u0105. Upa\u0142 dawa\u0142 si\u0119 we znaki, ale wszyscy dzielnie znosili trudy w\u0119dr\u00f3wki. Po odpoczynku w schronisku na Skrzycznem zeszli\u015bmy do Szczyrku, aby nast\u0119pnie przez prze\u0142\u0119cz Karkoszczonka wspi\u0105\u0107 si\u0119 na siod\u0142o pod Klimczokiem. Z tego miejsca ju\u017c tylko kilka minut marszu i dotarli\u015bmy do mety pierwszego odcinka, czyli schroniska pod Klimczokiem. Tam czeka\u0142a na nas kolacja, a bardzo mi\u0142y i d\u0142ugi wiecz\u00f3r sp\u0119dzili\u015bmy przy ognisku. By\u0142y opowie\u015bci, dowcipy i mn\u00f3stwo \u015bpiewu. Za opraw\u0119 muzyczn\u0105 odpowiada\u0142 Pawe\u0142, kt\u00f3ry przygrywa\u0142 nam na gitarze.<\/p>\n<p>W drugim dniu zaraz po \u015bniadaniu wyruszyli\u015bmy w dalsz\u0105 drog\u0119. Od razu czeka\u0142o na nas kr\u00f3tkie, ale strome podej\u015bcie na Klimczok (1117 m n.p.m). P\u00f3\u017aniej by\u0142o ju\u017c znacznie l\u017cej. Przez Trzy Kopce (1082), Sto\u0142\u00f3w (1035) dotarli\u015bmy do rancza na B\u0142atniej.\u00a0 Po kr\u00f3tkiej przerwie przez Ma\u0142y Cisowy (824), Czupel (746) i Zebrzydk\u0119 (577) zeszli\u015bmy do G\u00f3rek Wielkich, gdzie ostatnim punktem na trasie wycieczki by\u0142a wizyta w muzeum Zofii Kossak-Szatkowskiej. Po zako\u0144czeniu zwiedzania zm\u0119czeni, ale w wy\u015bmienitych humorach wr\u00f3cili\u015bmy do miejsca zakwaterowania.W ci\u0105gu dw\u00f3ch dni w\u0119dr\u00f3wki przeszli\u015bmy szlakami Beskidu \u015al\u0105skiego oko\u0142o 38 km.<\/p>\n<p><strong>Trasa C-2<\/strong><br \/>\nPlan drugiej rajdowej trasy pieszej przewidywa\u0142 w\u0119dr\u00f3wk\u0119 szlakami Beskidu \u017bywieckiego tzw. Workiem Racza\u0144skim.<br \/>\n26 sierpnia grupa licz\u0105ca 13 os\u00f3b z przewodnikiem Cezarym Molinem wyruszy\u0142a autobusem z Willi \u201eJolanta\u201d na prze\u0142\u0119cz Glinka. W czasie przejazdu uczestnicy mogli zobaczy\u0107 wiele ciekawych miejsc i zabytk\u00f3w, z kt\u00f3rych histori\u0105 zapoznawa\u0142 przewodnik. Do najciekawszych<br \/>\natrakcji, kt\u00f3re widziano po drodze, zaliczy\u0107 mo\u017cna tzw. Jezioro Czernia\u0144skie, Zamek Prezydenta RP na Zadnim Groniu, drewniany ko\u015bci\u00f3\u0142ek, w kt\u00f3rym \u015blub bra\u0142 m.in. Jerzy Kukuczka, oraz sanatorium na Kubalonce, ko\u015bci\u00f3\u0142 pw. Dobrego Pasterza i \u201eKurn\u0105 Chat\u0119\u201d Kawuloka w Istebnej, Centrum Pasterskie w Koniakowie, Sanktuarium MB Kazimierzowskiej i pa\u0142ac Lubomirskich w Rajczy, park linowy w Glince.<\/p>\n<p>Trasa przewidziana na ten dzie\u0144 by\u0142a do\u015b\u0107 wymagaj\u0105ca. Do przej\u015bcia by\u0142o 19 km przy przewy\u017cszeniu oko\u0142o 1100 m. Przez wi\u0119kszo\u015b\u0107 drogi prowadzi\u0142a niebieskim szlakiem granic\u0105 polsko-s\u0142owack\u0105. Jest to odludny, jeden z najdzikszych szlak\u00f3w Beskid\u00f3w.\u00a0 Potwierdzi\u0142o si\u0119 to w czasie marszu, gdy\u017c w ci\u0105gu ca\u0142ego dnia spotkali\u015bmy zaledwie kilka os\u00f3b.<\/p>\n<p>Sprawnie przeszli\u015bmy przez pierwsze\u00a0 szczyty Magury, Jaworzyny i Kani\u00f3wki. Przed Oszusem doszli\u015bmy do \u017ar\u00f3d\u0142a Dzielonej Wody. Ciekawostk\u0105 jest to, \u017ce woda sp\u0142ywa tu na obie strony zbocza, trafiaj\u0105c do zlewni So\u0142y, a dalej poprzez Wis\u0142\u0119 do Ba\u0142tyku lub p\u0142ynie poprzez zlewni\u0119 Wagu i Dunaj do Morza Czarnego. Dalej przed nami by\u0142 najci\u0119\u017cszy odcinek wycieczki, bardzo strome podej\u015bcie na Oszus 1155 m - najwy\u017cszy punkt na trasie dzisiejszej wycieczki. Jednocze\u015bnie znale\u017ali\u015bmy si\u0119 na terenie rezerwatu \u201eOszast\u201d, kt\u00f3ry stanowi ostoj\u0119 jaworowych las\u00f3w w polskich Karpatach. Po chwili odpoczynku na \u0142aweczkach nieopodal postawionego tam krzy\u017ca ruszyli\u015bmy w dalsz\u0105 drog\u0119. Bardzo strome zej\u015bcie okaza\u0142o si\u0119 nie mniej trudnym przedsi\u0119wzi\u0119ciem ni\u017c wej\u015bcie. Dalszym ciekawym miejscem na trasie by\u0142 tzw. Pa\u0144ski Kamie\u0144 stanowi\u0105cy granic\u0119 mi\u0119dzy Oraw\u0105 a \u017bywiecczyzn\u0105. Nast\u0119pnie przez<br \/>\nBeskid Bednar\u00f3w, Bukowin\u0119 i \u015awitkow\u0105 doszli\u015bmy na prze\u0142\u0119cz Przys\u0142op. Du\u017co emocji dostarczy\u0142o zej\u015bcie ze \u015awitkowej, nie mniej strome ni\u017c z Oszusa. Mo\u017cna tu zobaczy\u0107 kapliczk\u0119 \u015bw. Huberta. Z prze\u0142\u0119czy Przys\u0142op \u017c\u00f3\u0142tym szlakiem dotarli\u015bmy do bac\u00f3wki PTTK pod Rycerzow\u0105. Warto przypomnie\u0107, \u017ce bac\u00f3wka ta by\u0142a pierwsz\u0105 tego typu, jakie powsta\u0142y w polskich g\u00f3rach, a inicjatorem ich powstania by\u0142 zas\u0142u\u017cony dzia\u0142acz turystyczny Edward Moska\u0142a. Ca\u0142a nasza grupa zosta\u0142a zakwaterowana w dw\u00f3ch\u00a0 pokojach. Po chwili odpoczynku i zjedzeniu obiadokolacji by\u0142 czas na rozmowy i wymian\u0119 wra\u017ce\u0144 z minionego dnia i nie tylko. Nast\u0119pnego dnia czeka\u0142a nas l\u017cejsza trasa, oko\u0142o 20 km, ponad 500 m przewy\u017cszenia. Po \u015bniadaniu od razu podej\u015bcie na Wielk\u0105 Rycerzow\u0105 1226 m. Po drodze mogli\u015bmy podziwia\u0107 pi\u0119kne g\u00f3rskie panoramy m.in. Tatr, Ma\u0142ej Fatry i Babiej G\u00f3ry. Po dotarciu czerwonym szlakiem do schroniska na Przegibku by\u0142a chwila odpoczynku. Dalej poprzez Kikul\u0119, Jaworzyn\u0119, Hal\u0119 \u015arubit\u0119, Or\u0142o dotarli\u015bmy na Wielk\u0105 Racz\u0119 (1236 m) \u2013 najwy\u017cszy punkt ca\u0142ej naszej wycieczki. Z platformy widokowej mogli\u015bmy zobaczy\u0107 pi\u0119kn\u0105 dook\u00f3ln\u0105 g\u00f3rsk\u0105 panoram\u0119. Po kr\u00f3tkim postoju w schronisku \u017c\u00f3\u0142tym szlakiem zeszli\u015bmy do Rycerki Kolonii, gdzie czeka\u0142 ju\u017c na nas bus i wr\u00f3cili\u015bmy do Wis\u0142y.<\/p>\n<p>&nbsp;<\/p>\n<p><strong>\u00a0<\/strong><\/p>\n<p><strong>Zako\u0144czenie rajdu<\/strong><\/p>\n<p>Wieczorem 27 sierpnia pod zapor\u0105 w Czarnym przy Nadle\u015bnictwie Wis\u0142a mia\u0142o miejsce uroczyste zako\u0144czenie rajdu. Przybyli zaproszeni go\u015bcie: prezes ZG PTTK\u00a0 Jerzy Kap\u0142on, prezes GKR PTTK \u2013 Dariusz Ku\u017celewski oraz uczestnicz\u0105cy w rajdzie wiceprezes GSK PTTK \u2013 Wojciech Napi\u00f3rkowski i przewodnicz\u0105cy Krajowego Samorz\u0105du Przewodnickiego Adam Jakubowski. W cz\u0119\u015bci oficjalnej s\u0142owa pozdrowienia do uczestnik\u00f3w rajdu skierowali starosta cieszy\u0144ski Mieczys\u0142aw Szczurek, burmistrz Miasta Wis\u0142a Tomasz Bujok oraz nadle\u015bniczy Nadle\u015bnictwa Wis\u0142a Andrzej Kude\u0142ka. Przybyli go\u015bcie podzi\u0119kowali organizatorom rajdu za ciekawy program i jego sprawne przeprowadzenie. Podzi\u0119kowano osobom najbardziej zaanga\u017cowanym w organizacj\u0119 rajdu i wr\u0119czono im pami\u0105tkowe dyplomy. Wr\u0119czono honorow\u0105 nagrod\u0119 dla najstarszego uczestnika rajdu, kt\u00f3rym okaza\u0142 si\u0119 kol. Czes\u0142aw Szindler. W cz\u0119\u015bci artystycznej przewodnik senior wi\u015bla\u0144skiego ko\u0142a Gustaw Czy\u017c zabawia\u0142 przewodnick\u0105 bra\u0107 wi\u015bla\u0144skimi gaw\u0119dami i pie\u015bniami. Nast\u0119pnie odby\u0142 si\u0119 koncert\u00a0 g\u00f3ralskiej kapeli, w czasie kt\u00f3rego przeprowadzono konkurs grania na trombicie \u2013 ludowym instrumencie pasterskim. By\u0142 to te\u017c czas na zabaw\u0119, spotkania i serdeczne rozmowy przyjaci\u00f3\u0142 i znajomych. Dzi\u0119kowano przewodnikom za profesjonaln\u0105 obs\u0142ug\u0119 na rajdowych trasach. Z \u017calem \u017cegnano si\u0119 z go\u015bcinn\u0105 Wis\u0142\u0105, umawiaj\u0105c si\u0119 na przysz\u0142oroczny rajd na ziemi \u015bwi\u0119tokrzyskiej.<\/p>\n<p>&nbsp;<\/p>\n<p><strong>Relacje z tras przygotowali przez J\u00f3zef Polok, Renata Czy\u017c, Krzysztof Rudzi\u0144ski, Stanis\u0142aw Cendrzak, Cezary Molin i Zbigniew Wrzecionko.<\/strong><\/p>\n<p>&nbsp;<\/p>\n","protected":false},"excerpt":{"rendered":"Sk\u0105d Wis\u0142a wyp\u0142ywa &nbsp; &nbsp; W dniach 25\u201328 sierpnia 2022 roku odby\u0142 si\u0119 XXIX Og\u00f3lnopolski G\u00f3rski Rajd Przewodnik\u00f3w PTTK. Jego organizatorem by\u0142o Wi\u015bla\u0144skie Ko\u0142o Przewodnik\u00f3w Beskidzkich i Terenowych wraz z Oddzia\u0142em PTTK \u201eWis\u0142a\u201d w Wi\u015ble przy pomocy Komisji Przewodnickiej Zarz\u0105du G\u0142\u00f3wnego PTTK. &nbsp; Pierwszego dnia rajdu jego uczestnicy mieli okazj\u0119 zapozna\u0107 si\u0119 z histori\u0105, atrakcjami i ciekawymi miejscami miasta Wis\u0142y.&nbsp;<a href=\"https:\/\/turysta2.pttk.pl\/?p=28128\" class=\"read-more\">Continue Reading<\/a>","protected":false},"author":4,"featured_media":28129,"comment_status":"closed","ping_status":"closed","sticky":false,"template":"","format":"standard","meta":{"footnotes":""},"categories":[68,41],"tags":[],"class_list":["post-28128","post","type-post","status-publish","format-standard","has-post-thumbnail","hentry","category-turystyka-piesza","category-turystyka-pttk","cat-68-id","cat-41-id"],"aioseo_notices":[],"_links":{"self":[{"href":"https:\/\/turysta2.pttk.pl\/index.php?rest_route=\/wp\/v2\/posts\/28128","targetHints":{"allow":["GET"]}}],"collection":[{"href":"https:\/\/turysta2.pttk.pl\/index.php?rest_route=\/wp\/v2\/posts"}],"about":[{"href":"https:\/\/turysta2.pttk.pl\/index.php?rest_route=\/wp\/v2\/types\/post"}],"author":[{"embeddable":true,"href":"https:\/\/turysta2.pttk.pl\/index.php?rest_route=\/wp\/v2\/users\/4"}],"replies":[{"embeddable":true,"href":"https:\/\/turysta2.pttk.pl\/index.php?rest_route=%2Fwp%2Fv2%2Fcomments&post=28128"}],"version-history":[{"count":1,"href":"https:\/\/turysta2.pttk.pl\/index.php?rest_route=\/wp\/v2\/posts\/28128\/revisions"}],"predecessor-version":[{"id":28133,"href":"https:\/\/turysta2.pttk.pl\/index.php?rest_route=\/wp\/v2\/posts\/28128\/revisions\/28133"}],"wp:featuredmedia":[{"embeddable":true,"href":"https:\/\/turysta2.pttk.pl\/index.php?rest_route=\/wp\/v2\/media\/28129"}],"wp:attachment":[{"href":"https:\/\/turysta2.pttk.pl\/index.php?rest_route=%2Fwp%2Fv2%2Fmedia&parent=28128"}],"wp:term":[{"taxonomy":"category","embeddable":true,"href":"https:\/\/turysta2.pttk.pl\/index.php?rest_route=%2Fwp%2Fv2%2Fcategories&post=28128"},{"taxonomy":"post_tag","embeddable":true,"href":"https:\/\/turysta2.pttk.pl\/index.php?rest_route=%2Fwp%2Fv2%2Ftags&post=28128"}],"curies":[{"name":"wp","href":"https:\/\/api.w.org\/{rel}","templated":true}]}}