{"id":28122,"date":"2022-10-27T13:55:52","date_gmt":"2022-10-27T11:55:52","guid":{"rendered":"https:\/\/turysta2.pttk.pl\/?p=28122"},"modified":"2023-03-27T11:35:48","modified_gmt":"2023-03-27T09:35:48","slug":"100-lecie-odkrycia-kopaln-w-krzemionkach","status":"publish","type":"post","link":"https:\/\/turysta2.pttk.pl\/?p=28122","title":{"rendered":"100-lecie odkrycia kopal\u0144 w Krzemionkach"},"content":{"rendered":"<p><b>100-lecie odkrycia kopal\u0144 w Krzemionkach<\/b><\/p>\n<p>&nbsp;<\/p>\n<p><b>Ko\u0142o Przewodnik\u00f3w \u015awi\u0119tokrzyskich dzia\u0142aj\u0105ce przy Oddziale \u015awi\u0119tokrzyskim PTTK im. Stanis\u0142awa Je\u017cewskiego w Ostrowcu \u015awi\u0119tokrzyskim zorganizowa\u0142o w dniach 29\u201330 lipca 2022 roku VII Rajd Krzemionkowski. W zwi\u0105zku z jubileuszem 100-lecia odkrycia neolitycznych kopalni krzemienia pasiastego w Krzemionkach obecna edycja mia\u0142a szczeg\u00f3lny charakter. Zaplanowano nie tylko wycieczki, jak co roku, ale i sesj\u0119 popularnonaukow\u0105.\u00a0\u00a0<\/b><\/p>\n<p>&nbsp;<\/p>\n<p><span style=\"font-weight: 400;\">Referaty przygotowali wybitni specjali\u015bci w dziedzinie geologii i archeologii: dr Sylwester Salwa i dr hab. Anna Fija\u0142kowska-Mader (Pa\u0144stwowy Instytut Geologiczny \u2013 Pa\u0144stwowy Instytut Badawczy, Oddzia\u0142 \u015awi\u0119tokrzyski), dr hab. Jerzy Libera, prof. UMCS, dr hab. Marek Florek, UMCS, i dr Jerzy Tomasz B\u0105bel. Naukowcy omawiali znaczenie odkry\u0107 prof. Jana Samsonowicza, por\u00f3wnywali krzemie\u0144 \u015bwieciechowski z krzemieniem pasiastym, zwracali te\u017c uwag\u0119 na wysok\u0105 pozycj\u0119 spo\u0142eczn\u0105 g\u00f3rnik\u00f3w neolitycznych, znaczenie magii i obrz\u0119d\u00f3w w ich \u017cyciu. W sesji uczestniczy\u0142o 64 s\u0142uchaczy.<\/span><\/p>\n<p><span style=\"font-weight: 400;\">Drugiego dnia uczestnicy rajdu udali si\u0119 na wycieczk\u0119 krajoznawcz\u0105 na trasie: Ostrowiec \u015awi\u0119tokrzyski\u2013Annopol\u2013\u015awieciech\u00f3w\u2013Zawichost\u2013Cha\u0142upki\u2013Krzemionki\u2013 Ostrowiec \u015awi\u0119tokrzyski. Przewodnikami byli znawcy terenu i miejsc zwi\u0105zanych z Janem Samsonowiczem: Jerzy Libera, Sylwester Salwa i Anna Fija\u0142kowska-Mader. Po dotarciu do stanowiska archeologicznego \u015awieciech\u00f3w\u2013Lasek opowiedzieli oni o technikach krzemieniarskich, o tym, jak odr\u00f3\u017cni\u0107 krzemie\u0144 obrabiany r\u0119k\u0105 neolitycznego krzemieniarza od innych od\u0142upk\u00f3w i czym si\u0119 charakteryzuj\u0105 odmiany krzemieni: \u015bwieciechowskiego, go\u015bcieradowskiego i czekoladowego. Naukowcy zapoznali uczestnik\u00f3w rajdu z budow\u0105 geologiczn\u0105 Rachowa i nowymi odkryciami paleontologicznymi w chodnikach kopalni, takimi jak skamienia\u0142e g\u0105bki, amonity, pancerze je\u017cowc\u00f3w i \u017c\u00f3\u0142wi, z\u0119by rekina i ichtiozaury.<\/span><\/p>\n<p><span style=\"font-weight: 400;\">Nast\u0119pnie zwiedzano miasto Annopol: rynek, zabytkowy ko\u015bci\u00f3\u0142 z XVII wieku oraz cmentarz \u017cydowski. Kibicowano te\u017c kolarzom podczas odbywaj\u0105cego si\u0119 w tym dniu I etapu 79. Tour de Pologne. W drodze do Zawichostu by\u0142a okazja do zapoznania si\u0119 z budow\u0105 geologiczn\u0105 mezozoicznego obrze\u017cenia G\u00f3r \u015awi\u0119tokrzyskich oraz Ma\u0142opolskiego Prze\u0142omu Wis\u0142y.\u00a0\u00a0<\/span><\/p>\n<p><span style=\"font-weight: 400;\">W Cha\u0142upkach, na terenie dawnych ha\u0142d kopalni fosforytu, uczestnicy rajdu poszukiwali minera\u0142\u00f3w fosforytu. W Krzemionkach zostawili przy pomniku Jana Samsonowicza turystyczn\u0105 plakietk\u0119, tutaj te\u017c wr\u0119czono turystyczne odznaki dw\u00f3m m\u0142odym cz\u0142onkom PTTK: ,,Krzemionki na szlaku neolitu\u201d oraz odznaki ma\u0142e OTP w stopniu srebrnym. Wycieczka zako\u0144czy\u0142a si\u0119 w Ostrowcu \u015awi\u0119tokrzyskim.<\/span><\/p>\n<p><b>Dorota Szcza\u0142uba<\/b><\/p>\n\n\t\t<style type=\"text\/css\">\n\t\t\t#gallery-1 {\n\t\t\t\tmargin: auto;\n\t\t\t}\n\t\t\t#gallery-1 .gallery-item {\n\t\t\t\tfloat: left;\n\t\t\t\tmargin-top: 10px;\n\t\t\t\ttext-align: center;\n\t\t\t\twidth: 33%;\n\t\t\t}\n\t\t\t#gallery-1 img {\n\t\t\t\tborder: 2px solid #cfcfcf;\n\t\t\t}\n\t\t\t#gallery-1 .gallery-caption {\n\t\t\t\tmargin-left: 0;\n\t\t\t}\n\t\t\t\/* see gallery_shortcode() in wp-includes\/media.php *\/\n\t\t<\/style>\n\t\t<div id='gallery-1' class='gallery galleryid-28122 gallery-columns-3 gallery-size-thumbnail'><dl class='gallery-item'>\n\t\t\t<dt class='gallery-icon landscape'>\n\t\t\t\t<a href='https:\/\/turysta2.pttk.pl\/?attachment_id=28123'><img loading=\"lazy\" decoding=\"async\" width=\"150\" height=\"150\" src=\"https:\/\/turysta2.pttk.pl\/wp-content\/uploads\/2022\/10\/1.-Wreczenie-odznak-turystycznych-przy-pomniku-Jana-Samsonowicza-fot.-Jadwiga-Pawlik-150x150.jpg\" class=\"attachment-thumbnail size-thumbnail\" alt=\"\" \/><\/a>\n\t\t\t<\/dt><\/dl><dl class='gallery-item'>\n\t\t\t<dt class='gallery-icon portrait'>\n\t\t\t\t<a href='https:\/\/turysta2.pttk.pl\/?attachment_id=28124'><img loading=\"lazy\" decoding=\"async\" width=\"150\" height=\"150\" src=\"https:\/\/turysta2.pttk.pl\/wp-content\/uploads\/2022\/10\/2.-Na-stanowisku-archeologicznym-w-Swieciechowie-fot.-J.-Pawlik-150x150.jpg\" class=\"attachment-thumbnail size-thumbnail\" alt=\"\" \/><\/a>\n\t\t\t<\/dt><\/dl><dl class='gallery-item'>\n\t\t\t<dt class='gallery-icon landscape'>\n\t\t\t\t<a href='https:\/\/turysta2.pttk.pl\/?attachment_id=28125'><img loading=\"lazy\" decoding=\"async\" width=\"150\" height=\"150\" src=\"https:\/\/turysta2.pttk.pl\/wp-content\/uploads\/2022\/10\/3.-Pamiatkowe-zdjecie-uczestnikow-rajdu-w-Krzemionkach-fot.-Jadwiga-Pawlik_aj.-150x150.jpg\" class=\"attachment-thumbnail size-thumbnail\" alt=\"\" \/><\/a>\n\t\t\t<\/dt><\/dl><br style=\"clear: both\" \/><dl class='gallery-item'>\n\t\t\t<dt class='gallery-icon landscape'>\n\t\t\t\t<a href='https:\/\/turysta2.pttk.pl\/?attachment_id=28126'><img loading=\"lazy\" decoding=\"async\" width=\"150\" height=\"150\" src=\"https:\/\/turysta2.pttk.pl\/wp-content\/uploads\/2022\/10\/4.-Sesja-naukowa-poswiecona-odkryciom-kopalni-neolitycznych.fot_.-jpg-150x150.jpg\" class=\"attachment-thumbnail size-thumbnail\" alt=\"\" \/><\/a>\n\t\t\t<\/dt><\/dl>\n\t\t\t<br style='clear: both' \/>\n\t\t<\/div>\n\n<p>&nbsp;<\/p>\n<p><b><i>Zdj\u0119cia<\/i><\/b><b>\u00a0 Jadwiga Pawlik, Ma\u0142gorzata Kryczka-Kotwica<\/b><\/p>\n<p>&nbsp;<\/p>\n<p><span style=\"font-weight: 400;\">Podpisy pod zdj\u0119cia<\/span><\/p>\n<ul>\n<li aria-level=\"1\"><b>Wr\u0119czenie odznak turystycznych przy pomniku Jana Samsonowicza\u00a0<\/b><\/li>\n<li aria-level=\"1\"><b>Na stanowisku archeologicznym w \u015awieciechowie\u00a0<\/b><\/li>\n<li aria-level=\"1\"><b>Pami\u0105tkowe zdj\u0119cie uczestnik\u00f3w rajdu w Krzemionkach<\/b><\/li>\n<li aria-level=\"1\"><b>Sesja naukowa po\u015bwi\u0119cona prof. Janowi Samsonowiczowi<\/b><\/li>\n<\/ul>\n<p>&nbsp;<\/p>\n<p>&nbsp;<\/p>\n<p><b>Odkrycia profesora Jana Samsonowicza (1888\u20131959)<\/b><\/p>\n<p><span style=\"font-weight: 400;\">\u00a0<\/span><\/p>\n<p><span style=\"font-weight: 400;\">19 lipca 1922 roku Jan Samsonowicz prowadzi\u0142 prace terenowe na polach wsi Mago\u0144 (obecnie Magonie) w zwi\u0105zku z opracowywaniem mapy geologicznej powiatu opatowskiego. To tam odkry\u0142 prehistoryczne kopalnie krzemienia. Szybko doceni\u0142 wyj\u0105tkow\u0105 warto\u015b\u0107 swojego odkrycia i powiadomi\u0142 o tym przyjaciela, archeologa Stefana Krukowskiego, kt\u00f3ry w 1923 roku wsp\u00f3lnie ze swoim uczniem Zygmuntem Szmitem przyby\u0142 do Krzemionek, aby przeprowadzi\u0107 badania archeologiczne.\u00a0<\/span><\/p>\n<p><span style=\"font-weight: 400;\">Jan Samsonowicz odkry\u0142 r\u00f3wnie\u017c z\u0142o\u017ca krzemienia pasiastego w B\u0142azinach, czekoladowego \u2013 w okolicy I\u0142\u017cy, Wierzbicy i Oro\u0144ska, a tak\u017ce z\u0142o\u017ca krzemienia \u015bwieciechowskiego. W Rudkach stwierdzi\u0142 wyst\u0119powanie rud \u017celaza: limonitu, hematytu, syderytu oraz pirytu. Ju\u017c w 1925 roku otwarto w tym miejscu kopalni\u0119 hematytu.\u00a0<\/span><\/p>\n<p><span style=\"font-weight: 400;\">Podczas poszukiwa\u0144 piaskowca na t\u0142ucze\u0144 drogowy w okolicy Annopola profesor znalaz\u0142 w piaskach glaukonitowych konkrecje fosforytowe, co pozwoli\u0142o rozpocz\u0105\u0107 w latach 20. eksploatacj\u0119 najwi\u0119kszego z\u0142o\u017ca fosforyt\u00f3w w Polsce.<\/span><\/p>\n<p><span style=\"font-weight: 400;\">To tylko cz\u0119\u015b\u0107 niezwyk\u0142ych odkry\u0107 znakomitego naukowca, profesora uniwersytet\u00f3w w Warszawie i we Lwowie, autora wielu prac naukowych i podr\u0119cznik\u00f3w.<\/span><\/p>\n<p><span style=\"font-weight: 400;\">W lipcu 2019 roku dokonano wpisu Krzemionkowskiego Regionu Prehistorycznego G\u00f3rnictwa Krzemienia Pasiastego na list\u0119 \u015bwiatowego dziedzictwa UNESCO.<\/span><\/p>\n","protected":false},"excerpt":{"rendered":"100-lecie odkrycia kopal\u0144 w Krzemionkach &nbsp; Ko\u0142o Przewodnik\u00f3w \u015awi\u0119tokrzyskich dzia\u0142aj\u0105ce przy Oddziale \u015awi\u0119tokrzyskim PTTK im. Stanis\u0142awa Je\u017cewskiego w Ostrowcu \u015awi\u0119tokrzyskim zorganizowa\u0142o w dniach 29\u201330 lipca 2022 roku VII Rajd Krzemionkowski. W zwi\u0105zku z jubileuszem 100-lecia odkrycia neolitycznych kopalni krzemienia pasiastego w Krzemionkach obecna edycja mia\u0142a szczeg\u00f3lny charakter. Zaplanowano nie tylko wycieczki, jak co roku, ale i sesj\u0119 popularnonaukow\u0105.\u00a0\u00a0 &nbsp; Referaty&nbsp;<a href=\"https:\/\/turysta2.pttk.pl\/?p=28122\" class=\"read-more\">Continue Reading<\/a>","protected":false},"author":4,"featured_media":28126,"comment_status":"closed","ping_status":"closed","sticky":false,"template":"","format":"standard","meta":{"footnotes":""},"categories":[93,9],"tags":[],"class_list":["post-28122","post","type-post","status-publish","format-standard","has-post-thumbnail","hentry","category-aktualnosci","category-warto-wiedziec","cat-93-id","cat-9-id"],"aioseo_notices":[],"_links":{"self":[{"href":"https:\/\/turysta2.pttk.pl\/index.php?rest_route=\/wp\/v2\/posts\/28122","targetHints":{"allow":["GET"]}}],"collection":[{"href":"https:\/\/turysta2.pttk.pl\/index.php?rest_route=\/wp\/v2\/posts"}],"about":[{"href":"https:\/\/turysta2.pttk.pl\/index.php?rest_route=\/wp\/v2\/types\/post"}],"author":[{"embeddable":true,"href":"https:\/\/turysta2.pttk.pl\/index.php?rest_route=\/wp\/v2\/users\/4"}],"replies":[{"embeddable":true,"href":"https:\/\/turysta2.pttk.pl\/index.php?rest_route=%2Fwp%2Fv2%2Fcomments&post=28122"}],"version-history":[{"count":3,"href":"https:\/\/turysta2.pttk.pl\/index.php?rest_route=\/wp\/v2\/posts\/28122\/revisions"}],"predecessor-version":[{"id":28140,"href":"https:\/\/turysta2.pttk.pl\/index.php?rest_route=\/wp\/v2\/posts\/28122\/revisions\/28140"}],"wp:featuredmedia":[{"embeddable":true,"href":"https:\/\/turysta2.pttk.pl\/index.php?rest_route=\/wp\/v2\/media\/28126"}],"wp:attachment":[{"href":"https:\/\/turysta2.pttk.pl\/index.php?rest_route=%2Fwp%2Fv2%2Fmedia&parent=28122"}],"wp:term":[{"taxonomy":"category","embeddable":true,"href":"https:\/\/turysta2.pttk.pl\/index.php?rest_route=%2Fwp%2Fv2%2Fcategories&post=28122"},{"taxonomy":"post_tag","embeddable":true,"href":"https:\/\/turysta2.pttk.pl\/index.php?rest_route=%2Fwp%2Fv2%2Ftags&post=28122"}],"curies":[{"name":"wp","href":"https:\/\/api.w.org\/{rel}","templated":true}]}}