{"id":28113,"date":"2022-10-11T19:08:16","date_gmt":"2022-10-11T17:08:16","guid":{"rendered":"https:\/\/turysta2.pttk.pl\/?p=28113"},"modified":"2023-03-27T11:35:48","modified_gmt":"2023-03-27T09:35:48","slug":"swieto-fotografii-w-cieszynie","status":"publish","type":"post","link":"https:\/\/turysta2.pttk.pl\/?p=28113","title":{"rendered":"\u015awi\u0119to fotografii w Cieszynie"},"content":{"rendered":"<p><strong>\u015awi\u0119to fotografii w Cieszynie<\/strong><\/p>\n<p><strong>Dawno, dawno temu, a b\u0119dzie to ponad 1200 lat, przy \u017ar\u00f3de\u0142ku nieopodal rzeki Olzy po d\u0142ugiej podr\u00f3\u017cy spotka\u0142o si\u0119 trzech braci: <\/strong><strong>Bolko, Leszko i Cieszko.<\/strong><strong> I tak si\u0119 cieszyli ze spotkania, \u017ce od tej rado\u015bci powsta\u0142o miasto Cieszyn. Czy to prawda, nie wiadomo, ale pewne jest, \u017ce w dniach 3\u20135 czerwca 2022 roku w Cieszynie spotkali si\u0119 fotografowie i odby\u0142o si\u0119 XXXII Og\u00f3lnopolskie Forum Fotografii Krajoznawczej PTTK<\/strong>.<\/p>\n<p>Organizatorem imprezy \u2013 na zlecenie Komisji Fotografii Krajoznawczej ZG PTTK \u2013 by\u0142 Klub Fotograficzny \u201eSTART\u201d, dzia\u0142aj\u0105cy przy Oddziale PTTK \u201eBeskid \u015al\u0105ski\u201d w Cieszynie. W imprezie brali udzia\u0142 instruktorzy oraz wielu sympatyk\u00f3w fotografii krajoznawczej z ca\u0142ej Polski. W trakcie imprezy swoje 10-lecie obchodzi\u0142 Klub Fotograficzny \u201eSTART\u201d, odby\u0142y si\u0119 te\u017c obchody ruchu fotograficznego, kt\u00f3ry stworzy\u0142 si\u0119 przy ZG PTTK 60 lat temu.<\/p>\n<p>Trzydniowe \u015bwi\u0119to fotografii rozpocz\u0119\u0142a uroczysto\u015b\u0107 wr\u0119czenia Honorowych Nagr\u00f3d im. Fryderyka Kremsera oraz dyplom\u00f3w i wielu innych wyr\u00f3\u017cnie\u0144. Uroczysto\u015b\u0107 w sali sesyjnej starostwa powiatowego w Cieszynie prowadzi\u0142a Irena Gre\u0144, wiceprezes Klubu \u201eSTART\u201d. Uczestnik\u00f3w przywita\u0142 wiceprzewodnicz\u0105cy Komisji Fotografii Krajoznawczej przy Zarz\u0105dzie G\u0142\u00f3wnym PTTK Andrzej Kowol, kt\u00f3ry jest te\u017c prezesem Klubu Fotograficznego \u201eSTART\u201d. Go\u015bciem honorowym by\u0142 Waldemar Kremser, syn Fryderyka Kremsera, kt\u00f3ry jest fotografem, tak jak jego nie\u017cyj\u0105cy ojciec.<\/p>\n<p>Uroczysto\u015b\u0107 u\u015bwietnili wiceprezes ZG PTTK Jakub Nowak oraz cz\u0142onek ZG PTTK Pawe\u0142 Za\u0144. W\u0142adze lokalne reprezentowa\u0142 starosta cieszy\u0144ski Mieczys\u0142aw Szczurek, byli r\u00f3wnie\u017c przedstawiciele Urz\u0119du Miasta Cieszyna oraz sponsora \u2013 Browaru Zamkowego w Cieszynie. Impreza zosta\u0142a u\u015bwietniona wyst\u0119pami zespo\u0142u dzieci\u0119cego z przedszkola nr 20 w Cieszynie w strojach regionalnych.<\/p>\n<p>Nagrod\u0119 Honorow\u0105 im. Fryderyka Kremsera otrzymali Ryszard Wrzosek z Gdyni i Ewa Kuty\u0142a z Radomia. By\u0142a r\u00f3wnie\u017c nagroda dla nieobecnego niestety Romana Hlawacza z Opola.<\/p>\n<p>Wr\u0119czono Odznaki Fotografii Krajoznawczej \u2013 trofeum, kt\u00f3re fotografowie ceni\u0105 sobie szczeg\u00f3lnie, bo ka\u017cdy kolejny jej stopie\u0144 stawia przed zdobywaj\u0105cym coraz wi\u0119ksze wymagania.<\/p>\n<p>Dyplom Honorowy PTTK Zarz\u0105du G\u0142\u00f3wnego PTTK na wniosek Klubu Fotograficznego \u201eSTART\u201d \u201eZa Pomoc i Wsp\u00f3\u0142prac\u0119\u201d otrzyma\u0142 starosta cieszy\u0144ski Mieczys\u0142aw Szczurek i naczelnik Wydzia\u0142u Kultury i Turystyki Henryk Pieszka.<\/p>\n<p>Komisja Fotografii Krajoznawczej przyzna\u0142a Dyplom Honorowy Mieczys\u0142awowi Szczurkowi, Gabrieli Staszkiewicz \u2013 burmistrz Cieszyna, Miros\u0142awowi Sitko \u2013 burmistrzowi Skoczowa, i Julii Raszce \u2013 dyrektor MCK \u201eIntegrator\u201d w Skoczowie oraz cz\u0142onkom Klubu Fotograficznego \u201eSTART\u201d \u2013 Aleksandrze Kowol, Andrzejowi Kowolowi, Renacie Zi\u0119bie, Krzysztofowi Greniowi, Irenie Gre\u0144.<\/p>\n<p>Na obchodach 3 czerwca 2022 roku by\u0142o w starostwie oko\u0142o 120 os\u00f3b \u0142\u0105cznie z wyst\u0119puj\u0105cymi dzie\u0107mi, z czego po\u0142owa to uczestnicy XXXII Og\u00f3lnopolskiego Forum Fotografii Krajoznawczej \u2013 Cieszyn \u02bc22. Przyjechali z takich miast jak Rzesz\u00f3w, Gdynia, Elbl\u0105g, Pozna\u0144, Radom, Warszawa, Krak\u00f3w. Du\u017ca grupa przyby\u0142a z Chorzowa, Wroc\u0142awia, \u0141odzi. Byli te\u017c go\u015bcie z zagranicy.<\/p>\n<p>Gospodarze pokazali uczestnikom najciekawsze zabytki Cieszyna, browar, zamek, studni\u0119 trzech braci, gdzie si\u0119 spotkali, jak m\u00f3wi legenda. Zwiedzano te\u017c Zaolzie, czyli czesk\u0105 cz\u0119\u015b\u0107 Cieszyna, oraz muzeum archeologiczne w Kocob\u0119dzu po czeskiej stronie. Wiele os\u00f3b przyjecha\u0142o wcze\u015bniej i zosta\u0142o d\u0142u\u017cej, aby pozna\u0107 pi\u0119kn\u0105 ziemi\u0119 cieszy\u0144sk\u0105.<\/p>\n<p>Klub zorganizowa\u0142 kilka wystaw zwi\u0105zanych z obchodami 10-lecia, a tak\u017ce wystaw\u0119 z okazji 60-lecia ruchu fotograficznego w PTTK, aby uczci\u0107 dzia\u0142aczy, kt\u00f3rzy zapocz\u0105tkowali pierwsze profesjonalne pos\u0142ugiwanie si\u0119 aparatem na turystycznych imprezach.<\/p>\n<p>Odby\u0142y si\u0119 te\u017c mianowania na instruktor\u00f3w fotografii krajoznawczej PTTK, kandydaci przedstawiali swoje \u201e\u017cyciorysy fotograficzne\u201d zebranemu w sali hotelu Gambit w Cieszynie du\u017cemu gronu instruktor\u00f3w.<\/p>\n<p>T\u0119 udan\u0105 imprez\u0119 wsparli wolontariusze: Bogus\u0142aw Bujok, Andrzej S\u0142ota i Stanis\u0142aw Pawlik \u2013 przewodnicy, cz\u0142onkowie Klubu \u201eSTART\u201d: Renata Zi\u0119ba, Irena Gre\u0144, Aleksandra Kowol, Krzysztof Gre\u0144, Marek Caputa, Kamil Kowol, Dawid Kowol. Specjalne podzi\u0119kowania dla kole\u017canek z biura oddzia\u0142u \u2013 Marii Czy\u017c i Agnieszki Dzi\u0105\u0107ko. Przedsi\u0119wzi\u0119cie by\u0142o realizowane ze \u015brodk\u00f3w w\u0142asnych PTTK przy dofinansowaniu ze \u015brodk\u00f3w starostwa cieszy\u0144skiego. \u017byczliwej pomocy udzielili: powiat cieszy\u0144ski, Urz\u0105d Miasta Cieszyna, Browar Zamkowy w Cieszynie. Patronat honorowy nad przedsi\u0119wzi\u0119ciem obj\u0105\u0142 starosta cieszy\u0144ski, Mieczys\u0142aw Szczurek.<\/p>\n<p>&nbsp;<\/p>\n<p><strong><em>Tekst <\/em><\/strong><strong>Andrzej Kowol <\/strong><\/p>\n\n\t\t<style type=\"text\/css\">\n\t\t\t#gallery-1 {\n\t\t\t\tmargin: auto;\n\t\t\t}\n\t\t\t#gallery-1 .gallery-item {\n\t\t\t\tfloat: left;\n\t\t\t\tmargin-top: 10px;\n\t\t\t\ttext-align: center;\n\t\t\t\twidth: 33%;\n\t\t\t}\n\t\t\t#gallery-1 img {\n\t\t\t\tborder: 2px solid #cfcfcf;\n\t\t\t}\n\t\t\t#gallery-1 .gallery-caption {\n\t\t\t\tmargin-left: 0;\n\t\t\t}\n\t\t\t\/* see gallery_shortcode() in wp-includes\/media.php *\/\n\t\t<\/style>\n\t\t<div id='gallery-1' class='gallery galleryid-28113 gallery-columns-3 gallery-size-thumbnail'><dl class='gallery-item'>\n\t\t\t<dt class='gallery-icon landscape'>\n\t\t\t\t<a href='https:\/\/turysta2.pttk.pl\/?attachment_id=28114'><img loading=\"lazy\" decoding=\"async\" width=\"150\" height=\"150\" src=\"https:\/\/turysta2.pttk.pl\/wp-content\/uploads\/2022\/10\/1.-Forum-Cieszyn.2022-Czeslaw-Polanski-150x150.jpg\" class=\"attachment-thumbnail size-thumbnail\" alt=\"\" \/><\/a>\n\t\t\t<\/dt><\/dl><dl class='gallery-item'>\n\t\t\t<dt class='gallery-icon landscape'>\n\t\t\t\t<a href='https:\/\/turysta2.pttk.pl\/?attachment_id=28115'><img loading=\"lazy\" decoding=\"async\" width=\"150\" height=\"150\" src=\"https:\/\/turysta2.pttk.pl\/wp-content\/uploads\/2022\/10\/2.-Aleksandra-Kowol-150x150.jpg\" class=\"attachment-thumbnail size-thumbnail\" alt=\"\" \/><\/a>\n\t\t\t<\/dt><\/dl><dl class='gallery-item'>\n\t\t\t<dt class='gallery-icon landscape'>\n\t\t\t\t<a href='https:\/\/turysta2.pttk.pl\/?attachment_id=28116'><img loading=\"lazy\" decoding=\"async\" width=\"150\" height=\"150\" src=\"https:\/\/turysta2.pttk.pl\/wp-content\/uploads\/2022\/10\/3.-Aleksandra-Kowol-150x150.jpg\" class=\"attachment-thumbnail size-thumbnail\" alt=\"\" \/><\/a>\n\t\t\t<\/dt><\/dl><br style=\"clear: both\" \/><dl class='gallery-item'>\n\t\t\t<dt class='gallery-icon landscape'>\n\t\t\t\t<a href='https:\/\/turysta2.pttk.pl\/?attachment_id=28117'><img loading=\"lazy\" decoding=\"async\" width=\"150\" height=\"150\" src=\"https:\/\/turysta2.pttk.pl\/wp-content\/uploads\/2022\/10\/5.-Andrzej-Kowol.-150x150.jpg\" class=\"attachment-thumbnail size-thumbnail\" alt=\"\" \/><\/a>\n\t\t\t<\/dt><\/dl><dl class='gallery-item'>\n\t\t\t<dt class='gallery-icon landscape'>\n\t\t\t\t<a href='https:\/\/turysta2.pttk.pl\/?attachment_id=28118'><img loading=\"lazy\" decoding=\"async\" width=\"150\" height=\"150\" src=\"https:\/\/turysta2.pttk.pl\/wp-content\/uploads\/2022\/10\/logo_pieczatka-01-2-150x150.png\" class=\"attachment-thumbnail size-thumbnail\" alt=\"\" srcset=\"https:\/\/turysta2.pttk.pl\/wp-content\/uploads\/2022\/10\/logo_pieczatka-01-2-150x150.png 150w, https:\/\/turysta2.pttk.pl\/wp-content\/uploads\/2022\/10\/logo_pieczatka-01-2-300x298.png 300w, https:\/\/turysta2.pttk.pl\/wp-content\/uploads\/2022\/10\/logo_pieczatka-01-2-1024x1016.png 1024w, https:\/\/turysta2.pttk.pl\/wp-content\/uploads\/2022\/10\/logo_pieczatka-01-2-768x762.png 768w, https:\/\/turysta2.pttk.pl\/wp-content\/uploads\/2022\/10\/logo_pieczatka-01-2.png 1092w\" sizes=\"auto, (max-width: 150px) 100vw, 150px\" \/><\/a>\n\t\t\t<\/dt><\/dl>\n\t\t\t<br style='clear: both' \/>\n\t\t<\/div>\n\n<p>&nbsp;<\/p>\n<p><strong>Zdj\u0119cia: <\/strong><\/p>\n<ol>\n<li><strong>Od lewej: Inga Nowakowska, Krzysztof Gre\u0144, Izabela Ruci\u0144ska, Jakub Nowak, Andrzej Kowol, Julia Raszka, Aleksandra Kowol, Renata Zi\u0119ba, Irena Gre\u0144 <\/strong><em>(fot. Czes\u0142aw Pola\u0144ski)\n<p><\/em><\/li>\n<\/ol>\n<p><strong>2 i 3. fot. <\/strong><strong>Wyst\u0119p dzieci z przedszkola nr 20 w Cieszynie (<\/strong><em>fot. Aleksandra Kowol)<\/em><\/p>\n<p><strong>4 i 5. fot. <\/strong><strong>\u00a0Instruktorzy oraz sympatycy fotografii krajoznawczej z ca\u0142ej Polski<\/strong> <em>(fot. Andrzej Kowol)<\/em><\/p>\n<p>&nbsp;<\/p>\n<p><strong>Afiliacja<\/strong><\/p>\n<p><strong>Andrzej Kowol<\/strong><\/p>\n<p><strong>Wiceprzewodnicz\u0105cy Komisji Fotografii Krajoznawczej przy ZG PTTK, sekretarz Oddzia\u0142u PTTK \u201eBeskid \u015al\u0105ski\u201d, prezes Ko\u0142a Miejskiego PTTK w Cieszynie oraz Klubu Fotograficznego \u201eSTART\u201d.<\/strong><\/p>\n<p>&nbsp;<\/p>\n","protected":false},"excerpt":{"rendered":"\u015awi\u0119to fotografii w Cieszynie Dawno, dawno temu, a b\u0119dzie to ponad 1200 lat, przy \u017ar\u00f3de\u0142ku nieopodal rzeki Olzy po d\u0142ugiej podr\u00f3\u017cy spotka\u0142o si\u0119 trzech braci: Bolko, Leszko i Cieszko. I tak si\u0119 cieszyli ze spotkania, \u017ce od tej rado\u015bci powsta\u0142o miasto Cieszyn. Czy to prawda, nie wiadomo, ale pewne jest, \u017ce w dniach 3\u20135 czerwca 2022 roku w Cieszynie spotkali&nbsp;<a href=\"https:\/\/turysta2.pttk.pl\/?p=28113\" class=\"read-more\">Continue Reading<\/a>","protected":false},"author":4,"featured_media":28118,"comment_status":"closed","ping_status":"closed","sticky":false,"template":"","format":"standard","meta":{"footnotes":""},"categories":[73,41],"tags":[],"class_list":["post-28113","post","type-post","status-publish","format-standard","has-post-thumbnail","hentry","category-turystyka-srodowiskowa","category-turystyka-pttk","cat-73-id","cat-41-id"],"aioseo_notices":[],"_links":{"self":[{"href":"https:\/\/turysta2.pttk.pl\/index.php?rest_route=\/wp\/v2\/posts\/28113","targetHints":{"allow":["GET"]}}],"collection":[{"href":"https:\/\/turysta2.pttk.pl\/index.php?rest_route=\/wp\/v2\/posts"}],"about":[{"href":"https:\/\/turysta2.pttk.pl\/index.php?rest_route=\/wp\/v2\/types\/post"}],"author":[{"embeddable":true,"href":"https:\/\/turysta2.pttk.pl\/index.php?rest_route=\/wp\/v2\/users\/4"}],"replies":[{"embeddable":true,"href":"https:\/\/turysta2.pttk.pl\/index.php?rest_route=%2Fwp%2Fv2%2Fcomments&post=28113"}],"version-history":[{"count":1,"href":"https:\/\/turysta2.pttk.pl\/index.php?rest_route=\/wp\/v2\/posts\/28113\/revisions"}],"predecessor-version":[{"id":28119,"href":"https:\/\/turysta2.pttk.pl\/index.php?rest_route=\/wp\/v2\/posts\/28113\/revisions\/28119"}],"wp:featuredmedia":[{"embeddable":true,"href":"https:\/\/turysta2.pttk.pl\/index.php?rest_route=\/wp\/v2\/media\/28118"}],"wp:attachment":[{"href":"https:\/\/turysta2.pttk.pl\/index.php?rest_route=%2Fwp%2Fv2%2Fmedia&parent=28113"}],"wp:term":[{"taxonomy":"category","embeddable":true,"href":"https:\/\/turysta2.pttk.pl\/index.php?rest_route=%2Fwp%2Fv2%2Fcategories&post=28113"},{"taxonomy":"post_tag","embeddable":true,"href":"https:\/\/turysta2.pttk.pl\/index.php?rest_route=%2Fwp%2Fv2%2Ftags&post=28113"}],"curies":[{"name":"wp","href":"https:\/\/api.w.org\/{rel}","templated":true}]}}