{"id":28106,"date":"2022-10-11T19:06:39","date_gmt":"2022-10-11T17:06:39","guid":{"rendered":"https:\/\/turysta2.pttk.pl\/?p=28106"},"modified":"2023-03-27T11:35:48","modified_gmt":"2023-03-27T09:35:48","slug":"poznajemy-ojcowizne-w-2022-roku","status":"publish","type":"post","link":"https:\/\/turysta2.pttk.pl\/?p=28106","title":{"rendered":"\u201ePoznajemy Ojcowizn\u0119\u201d w 2022 roku"},"content":{"rendered":"<p><strong>\u201ePoznajemy Ojcowizn\u0119\u201d w 2022 roku<\/strong><\/p>\n<p>&nbsp;<\/p>\n<p><strong>W dniach 10\u201312 czerwca 2022 roku w Kozienicach odby\u0142 si\u0119 pierwszy po pandemicznej przerwie Centralny Zlot Laureat\u00f3w XXIX Og\u00f3lnopolskiego M\u0142odzie\u017cowego Konkursu Krajoznawczego \u201ePoznajemy Ojcowizn\u0119\u201d.\u00a0<\/strong><\/p>\n<p>&nbsp;<\/p>\n<p>Uczestnicy dw\u00f3ch poprzednich konkurs\u00f3w otrzymywali nagrody poczt\u0105 ze wzgl\u0119du na pandemiczne obostrzenia, jednak ci\u0105g\u0142o\u015b\u0107 imprezy zosta\u0142a zachowana. Tegoroczny zlot organizowali przedstawiciele oddzia\u0142u PTTK w Kozienicach. Honorowym patronatem obj\u0119li konkurs minister edukacji i nauki, marsza\u0142ek wojew\u00f3dztwa mazowieckiego, starosta kozienicki, burmistrz Kozienic i w\u00f3jt gminy Magnuszew.<\/p>\n<p>Na fina\u0142owe rozstrzygni\u0119cie przys\u0142ano w tym roku 38 prac w kategorii szk\u00f3\u0142 podstawowych oraz 15 prac ze szk\u00f3\u0142 ponadpodstawowych. Prezentowa\u0142y szeroki wachlarz temat\u00f3w. Jury mia\u0142o nie\u0142atwe zadanie, ale i niezmiernie ciekawe zadanie: prace przybli\u017ca\u0142y niezwyk\u0142e biografie, historie regionalne, zapomniane zwyczaje oraz miejsca niezwyk\u0142e przyrodniczo.<\/p>\n<p>W Muzeum Regionalnym im. prof. Tomasza Mikockiego w Kozienicach, znajduj\u0105cym si\u0119 w dawnym budynku przypa\u0142acowym, przywitali uczestnik\u00f3w i ich opiekun\u00f3w: prezes Oddzia\u0142u PTTK w Kozienicach Arkadiusz Nowakowski i wiceprezes Miros\u0142aw Mazur oraz dyrektor muzeum dr Maciej Kordas. Nast\u0119pnie m\u0142odzie\u017c wyruszy\u0142a na zwiedzanie okolicy. Przewodnicy ciekawie opowiadali o budowie mostu pontonowego w Kozienicach, kt\u00f3ry przys\u0142u\u017cy\u0142 si\u0119 wojskom W\u0142adys\u0142awa Jagie\u0142\u0142y podczas przeprawy przez Wis\u0142\u0119 w 1410 roku. Uczestnicy zwiedzili pa\u0142ac, zabudow\u0119 ma\u0142omiasteczkow\u0105, ko\u015bci\u00f3\u0142 \u015bw. Krzy\u017ca i klasztor bezhabitowych Si\u00f3str Franciszkanek od Cierpi\u0105cych, kt\u00f3re za\u0142o\u017cy\u0142a w XIX wieku kozieniczanka, matka Kazimiera Gruszczy\u0144ska. Byli r\u00f3wnie\u017c nad Jeziorem Kozienickim, powsta\u0142ym w wyniku odci\u0119cia zakola starorzecza Wis\u0142y.<\/p>\n<p>W sobotni poranek 11 czerwca, w Centrum Kulturalno-Artystycznym w Kozienicach, odby\u0142o si\u0119 podsumowanie konkursu i wr\u0119czenie nagr\u00f3d. Przyby\u0142o wielu znakomitych go\u015bci: Izabela Stelma\u0144ska, zast\u0119pca dyrektora Departamentu Kultury, Promocji i Turystyki Urz\u0119du Marsza\u0142kowskiego Wojew\u00f3dztwa Mazowieckiego w Warszawie i prezes Mazowieckiej Regionalnej Organizacji Turystycznej, Adrianna Grych, naczelnik Wydzia\u0142u Zdrowia, Edukacji i Sportu starostwa powiatowego w Kozienicach, Sylwia W\u0105sik, sekretarz gminy Kozienice, Andrzej Gordon, dziekan Kr\u0119gu Senior\u00f3w PTTK i jednocze\u015bnie przewodnicz\u0105cy jury konkursowego, Waldemar Osypiuk, wiceprezes Zarz\u0105du G\u0142\u00f3wnego PTTK, Pawe\u0142 Za\u0144, cz\u0142onek Zarz\u0105du G\u0142\u00f3wnego PTTK, oraz Joanna Lipi\u0144ska, sekretarz Zarz\u0105du Mazowieckiego Forum Oddzia\u0142\u00f3w PTTK.<\/p>\n<p>Andrzej Gordon odczyta\u0142 nazwiska wyr\u00f3\u017cnionych.<\/p>\n<ul>\n<li><strong>Grand Prix w kategorii szk\u00f3\u0142 podstawowych<\/strong> otrzyma\u0142 Aleksander Sikorski ze Szko\u0142y Podstawowej nr 13 w Szczecinie za prac\u0119 \u201eBabcia Ela i jej chi\u0144skie tajemnice\u201d, napisan\u0105 pod opiek\u0105 Joanny Sikorskiej. Jest to niezwykle ciekawa praca o zapomnianym fenomenie Polonii zamieszkuj\u0105cej mand\u017curski Harbin przed II wojn\u0105 \u015bwiatow\u0105.<\/li>\n<li><strong>Grand Prix w kategorii szk\u00f3\u0142 ponadpodstawowych<\/strong> otrzyma\u0142a Wiktoria Cytryniak z II Liceum Og\u00f3lnokszta\u0142c\u0105cego w Zespole Szk\u00f3\u0142 nr 1 im. Legion\u00f3w Polskich w Kozienicach za prac\u0119 \u201eKozienice i okolice \u2013 szlaki przyrodniczo-historyczne\u201d napisan\u0105 pod kierunkiem Miros\u0142awa Mazura.<\/li>\n<\/ul>\n<p>Wr\u0119czono r\u00f3wnie\u017c cztery nagrody specjalne.<\/p>\n<ul>\n<li><strong>Nagrod\u0119 Komisji Krajoznawczej ZG PTTK<\/strong> otrzyma\u0142 Grzegorz Roda ze Szko\u0142y Podstawowej nr 50 im. Emilii Plater w Gda\u0144sku za prac\u0119 \u201eOdznaka Turystyczno-Krajoznawcza \u00bb\u00abMi\u0142o\u015bnik Sopotu\u00ab\u00bb\u201d powsta\u0142\u0105 pod opiek\u0105 Hanny Jarosz.<\/li>\n<li>Mazowieckie Forum Oddzia\u0142\u00f3w PTTK co roku funduje <strong>Nagrod\u0119 im. \u0141ukasza Wojeckiego<\/strong>, tragicznie zmar\u0142ego uczestnika konkursu; tym razem otrzyma\u0142a j\u0105 Malwina Dendewicz z Zespo\u0142u Szkolno-Przedszkolnego, Publicznej Szko\u0142y Podstawowej im. Orl\u0105t Lwowskich w Szybowicach za prac\u0119 \u201eBusia, czyli moja prababcia Malwina\u201d, kt\u00f3r\u0105 przygotowa\u0142a pod opiek\u0105 Franciszka Dendewicza.<\/li>\n<li><strong>Komisja Ochrony nad Zabytkami ZG PTTK<\/strong> nagrodzi\u0142a Karolin\u0119 Sobaszkiewicz ze Szko\u0142y Podstawowej nr 2 im. Jana \u015aniadeckiego w \u017bninie, kt\u00f3ra pod kierunkiem Sylwii Trojan napisa\u0142a prac\u0119 \u201eBez przysz\u0142o\u015bci nie ma przysz\u0142o\u015bci. Historia miasta w mie\u015bcie, czyli fabryki cukru w \u017bninie\u201d.<\/li>\n<li><strong>Nagrod\u0119 Polskiego Komitetu Olimpijskiego<\/strong> otrzyma\u0142y Karolina i Kacper Stasiakowie ze Szko\u0142y Podstawowej im. Adama Mickiewicza w Bia\u0142aczowie za prac\u0119 \u201eSport \u0142\u0105czy pokolenia\u201d, nad kt\u00f3r\u0105 opiek\u0119 dzier\u017cy\u0142a Joanna \u015awi\u0105tek.<\/li>\n<li>Nagrodzono r\u00f3wnie\u017c nauczycieli, kt\u00f3rych podopieczni ju\u017c kilkukrotnie docierali ze swymi pracami do fina\u0142u centralnego \u2013 tym razem <strong>Nagrod\u0119 im. Heleny Cie\u015blak<\/strong> otrzyma\u0142y Anna Tasak i Miros\u0142awa Zwierzchowska.<\/li>\n<\/ul>\n<p>Po cz\u0119\u015bci oficjalnej przyszed\u0142 czas na dalsze poznawanie urok\u00f3w krajoznawczych ziemi kozienickiej. Uczniowie wraz z opiekunami i rodzicami zwiedzili Muzeum Or\u0119\u017ca Polskiego im. 1 Brygady Pancernej Bohater\u00f3w Westerplatte oraz pomnik-mauzoleum \u017co\u0142nierzy Wojska Polskiego w Studziankach Pancernych. W Magnuszewie spotkali si\u0119 z w\u00f3jtem gminy Markiem Drapa\u0142\u0105, kt\u00f3ry by\u0142 przewodnikiem po swej gminie i zorganizowa\u0142 kr\u00f3tkie spotkanie z ks. Florianem Rafa\u0142owskim, sybirakiem urodzonym w Pi\u0144sku. Dalsze punkty programu obejmowa\u0142y zwiedzanie kwatery \u017co\u0142nierskiej na miejscowym cmentarzu, pomnik upami\u0119tniaj\u0105cy biwak powsta\u0144c\u00f3w styczniowych w K\u0119pie-Anielinie; w Ro\u017cniszewie uwag\u0119 zwr\u00f3ci\u0142 niewielki kopiec usypany ku czci Tadeusza Ko\u015bciuszki. Uczestnicy dotarli te\u017c do skansenu bojowego I Armii Wojska Polskiego w Mniszewie, gdzie w\u00f3jt Drapa\u0142a opowiedzia\u0142 o walkach na przycz\u00f3\u0142ku warecko-magnuszewskim. Z wie\u017cy widokowej mo\u017cna by\u0142o zobaczy\u0107 panoram\u0119 nadwi\u015bla\u0144sk\u0105 \u2013 miejsce walk z sierpnia 1944 r.<\/p>\n<p>Na niedzielny poranek zaplanowano przej\u015bcie urokliwym szlakiem przez Puszcz\u0119 Kozienick\u0105 do rezerwatu \u201eKr\u00f3lewskie \u0179r\u00f3d\u0142a\u201d. Na koniec wszyscy otrzymali z r\u0105k Miros\u0142awa Mazura br\u0105zowy stopie\u0144 odznaki \u201eTurysta Ziemi Kozienickiej\u201d.<\/p>\n<p>&nbsp;<\/p>\n<p>&nbsp;<\/p>\n<p>Pe\u0142na lista nagrodzonych dost\u0119pna jest na stronie <a href=\"http:\/\/www.mlodziez.pttk.pl\/\">www.mlodziez.pttk.pl<\/a><\/p>\n<p>KOD QR (JEST OSOBNO JPG)<\/p>\n<p>&nbsp;<\/p>\n<p>&nbsp;<\/p>\n<p>&nbsp;<\/p>\n<p><em>Tekst<\/em>: Lucyna Ma\u0144kowska, Marcin A. Klemenski (przewodnicz\u0105ca i sekretarz Rady Programowej ds. M\u0142odzie\u017cy Szkolnej ZG PTTK)<\/p>\n<p>&nbsp;<\/p>\n<p><em>Zdj\u0119cia:<\/em> Miros\u0142aw Mazur<\/p>\n\n\t\t<style type=\"text\/css\">\n\t\t\t#gallery-1 {\n\t\t\t\tmargin: auto;\n\t\t\t}\n\t\t\t#gallery-1 .gallery-item {\n\t\t\t\tfloat: left;\n\t\t\t\tmargin-top: 10px;\n\t\t\t\ttext-align: center;\n\t\t\t\twidth: 33%;\n\t\t\t}\n\t\t\t#gallery-1 img {\n\t\t\t\tborder: 2px solid #cfcfcf;\n\t\t\t}\n\t\t\t#gallery-1 .gallery-caption {\n\t\t\t\tmargin-left: 0;\n\t\t\t}\n\t\t\t\/* see gallery_shortcode() in wp-includes\/media.php *\/\n\t\t<\/style>\n\t\t<div id='gallery-1' class='gallery galleryid-28106 gallery-columns-3 gallery-size-thumbnail'><dl class='gallery-item'>\n\t\t\t<dt class='gallery-icon landscape'>\n\t\t\t\t<a href='https:\/\/turysta2.pttk.pl\/?attachment_id=28107'><img loading=\"lazy\" decoding=\"async\" width=\"150\" height=\"150\" src=\"https:\/\/turysta2.pttk.pl\/wp-content\/uploads\/2022\/10\/1PRZEW1-150x150.jpg\" class=\"attachment-thumbnail size-thumbnail\" alt=\"\" \/><\/a>\n\t\t\t<\/dt><\/dl><dl class='gallery-item'>\n\t\t\t<dt class='gallery-icon landscape'>\n\t\t\t\t<a href='https:\/\/turysta2.pttk.pl\/?attachment_id=28108'><img loading=\"lazy\" decoding=\"async\" width=\"150\" height=\"150\" src=\"https:\/\/turysta2.pttk.pl\/wp-content\/uploads\/2022\/10\/2WJTGM1-150x150.jpg\" class=\"attachment-thumbnail size-thumbnail\" alt=\"\" \/><\/a>\n\t\t\t<\/dt><\/dl><dl class='gallery-item'>\n\t\t\t<dt class='gallery-icon landscape'>\n\t\t\t\t<a href='https:\/\/turysta2.pttk.pl\/?attachment_id=28109'><img loading=\"lazy\" decoding=\"async\" width=\"150\" height=\"150\" src=\"https:\/\/turysta2.pttk.pl\/wp-content\/uploads\/2022\/10\/3UCZES1-150x150.jpg\" class=\"attachment-thumbnail size-thumbnail\" alt=\"\" \/><\/a>\n\t\t\t<\/dt><\/dl><br style=\"clear: both\" \/><dl class='gallery-item'>\n\t\t\t<dt class='gallery-icon landscape'>\n\t\t\t\t<a href='https:\/\/turysta2.pttk.pl\/?attachment_id=28110'><img loading=\"lazy\" decoding=\"async\" width=\"150\" height=\"150\" src=\"https:\/\/turysta2.pttk.pl\/wp-content\/uploads\/2022\/10\/4PIECZ1-150x150.jpg\" class=\"attachment-thumbnail size-thumbnail\" alt=\"\" \/><\/a>\n\t\t\t<\/dt><\/dl><dl class='gallery-item'>\n\t\t\t<dt class='gallery-icon landscape'>\n\t\t\t\t<a href='https:\/\/turysta2.pttk.pl\/?attachment_id=28111'><img loading=\"lazy\" decoding=\"async\" width=\"150\" height=\"150\" src=\"https:\/\/turysta2.pttk.pl\/wp-content\/uploads\/2022\/10\/Laureaci-150x150.jpeg\" class=\"attachment-thumbnail size-thumbnail\" alt=\"\" srcset=\"https:\/\/turysta2.pttk.pl\/wp-content\/uploads\/2022\/10\/Laureaci-150x150.jpeg 150w, https:\/\/turysta2.pttk.pl\/wp-content\/uploads\/2022\/10\/Laureaci-300x300.jpeg 300w, https:\/\/turysta2.pttk.pl\/wp-content\/uploads\/2022\/10\/Laureaci-1024x1024.jpeg 1024w, https:\/\/turysta2.pttk.pl\/wp-content\/uploads\/2022\/10\/Laureaci-768x768.jpeg 768w, https:\/\/turysta2.pttk.pl\/wp-content\/uploads\/2022\/10\/Laureaci-1536x1536.jpeg 1536w, https:\/\/turysta2.pttk.pl\/wp-content\/uploads\/2022\/10\/Laureaci.jpeg 2000w\" sizes=\"auto, (max-width: 150px) 100vw, 150px\" \/><\/a>\n\t\t\t<\/dt><\/dl>\n\t\t\t<br style='clear: both' \/>\n\t\t<\/div>\n\n<p><strong>Podpisy pod zdj\u0119cia<\/strong><\/p>\n<ol>\n<li>Przewodnik prezentuje replik\u0119 sztucera produkowanego w Kozienicach w XVIII wieku<\/li>\n<li>W\u00f3jt gminy Magnuszew Marek Drapa\u0142a opowiada o zbiorach w muzeum militarnym w Mniszewie<\/li>\n<li>Uczestnicy Ojcowizny w rezerwacie \u201eKr\u00f3lewskie \u0179r\u00f3d\u0142a\u201d<\/li>\n<li>Pieczenie kie\u0142basek w Mniszewie<\/li>\n<\/ol>\n<p>&nbsp;<\/p>\n","protected":false},"excerpt":{"rendered":"\u201ePoznajemy Ojcowizn\u0119\u201d w 2022 roku &nbsp; W dniach 10\u201312 czerwca 2022 roku w Kozienicach odby\u0142 si\u0119 pierwszy po pandemicznej przerwie Centralny Zlot Laureat\u00f3w XXIX Og\u00f3lnopolskiego M\u0142odzie\u017cowego Konkursu Krajoznawczego \u201ePoznajemy Ojcowizn\u0119\u201d.\u00a0 &nbsp; Uczestnicy dw\u00f3ch poprzednich konkurs\u00f3w otrzymywali nagrody poczt\u0105 ze wzgl\u0119du na pandemiczne obostrzenia, jednak ci\u0105g\u0142o\u015b\u0107 imprezy zosta\u0142a zachowana. Tegoroczny zlot organizowali przedstawiciele oddzia\u0142u PTTK w Kozienicach. Honorowym patronatem obj\u0119li konkurs&nbsp;<a href=\"https:\/\/turysta2.pttk.pl\/?p=28106\" class=\"read-more\">Continue Reading<\/a>","protected":false},"author":4,"featured_media":28107,"comment_status":"closed","ping_status":"closed","sticky":false,"template":"","format":"standard","meta":{"footnotes":""},"categories":[73,41],"tags":[],"class_list":["post-28106","post","type-post","status-publish","format-standard","has-post-thumbnail","hentry","category-turystyka-srodowiskowa","category-turystyka-pttk","cat-73-id","cat-41-id"],"aioseo_notices":[],"_links":{"self":[{"href":"https:\/\/turysta2.pttk.pl\/index.php?rest_route=\/wp\/v2\/posts\/28106","targetHints":{"allow":["GET"]}}],"collection":[{"href":"https:\/\/turysta2.pttk.pl\/index.php?rest_route=\/wp\/v2\/posts"}],"about":[{"href":"https:\/\/turysta2.pttk.pl\/index.php?rest_route=\/wp\/v2\/types\/post"}],"author":[{"embeddable":true,"href":"https:\/\/turysta2.pttk.pl\/index.php?rest_route=\/wp\/v2\/users\/4"}],"replies":[{"embeddable":true,"href":"https:\/\/turysta2.pttk.pl\/index.php?rest_route=%2Fwp%2Fv2%2Fcomments&post=28106"}],"version-history":[{"count":1,"href":"https:\/\/turysta2.pttk.pl\/index.php?rest_route=\/wp\/v2\/posts\/28106\/revisions"}],"predecessor-version":[{"id":28112,"href":"https:\/\/turysta2.pttk.pl\/index.php?rest_route=\/wp\/v2\/posts\/28106\/revisions\/28112"}],"wp:featuredmedia":[{"embeddable":true,"href":"https:\/\/turysta2.pttk.pl\/index.php?rest_route=\/wp\/v2\/media\/28107"}],"wp:attachment":[{"href":"https:\/\/turysta2.pttk.pl\/index.php?rest_route=%2Fwp%2Fv2%2Fmedia&parent=28106"}],"wp:term":[{"taxonomy":"category","embeddable":true,"href":"https:\/\/turysta2.pttk.pl\/index.php?rest_route=%2Fwp%2Fv2%2Fcategories&post=28106"},{"taxonomy":"post_tag","embeddable":true,"href":"https:\/\/turysta2.pttk.pl\/index.php?rest_route=%2Fwp%2Fv2%2Ftags&post=28106"}],"curies":[{"name":"wp","href":"https:\/\/api.w.org\/{rel}","templated":true}]}}