{"id":28099,"date":"2022-10-11T19:03:34","date_gmt":"2022-10-11T17:03:34","guid":{"rendered":"https:\/\/turysta2.pttk.pl\/?p=28099"},"modified":"2023-03-27T11:35:48","modified_gmt":"2023-03-27T09:35:48","slug":"mlodzi-przewodnicy-w-szczecinku","status":"publish","type":"post","link":"https:\/\/turysta2.pttk.pl\/?p=28099","title":{"rendered":"M\u0142odzi przewodnicy w Szczecinku"},"content":{"rendered":"<p><strong>M\u0142odzi przewodnicy w Szczecinku<\/strong><\/p>\n<p>&nbsp;<\/p>\n<p>Szczecinek to 36-tysi\u0119czne miasto w wojew\u00f3dztwie zachodniopomorskim, z ponad 700-letni\u0105 histori\u0105. Jest ono ch\u0119tnie odwiedzane przez turyst\u00f3w, kt\u00f3rzy doceniaj\u0105 atrakcyjne po\u0142o\u017cenie miasta nad pi\u0119knym, otoczonym lasami, jeziorem Trzesiecko. Posiada tak\u017ce zadbane obiekty sportowe. S\u0105 tu korty tenisowe, basen, hale sportowe, boiska do gier zespo\u0142owych, stadion lekkoatletyczny, strzelnica, wytyczone trasy biegowe czy ponadkilometrowy tor do nart wodnych. Co roku w mie\u015bcie organizowane s\u0105 atrakcyjne imprezy kulturalne i sportowe, tj.. Art Piknik Festiwal, biegi o memoria\u0142 Winanda Osi\u0144skiego, fiesta balonowa, regaty \u017ceglarskie, zawody w\u0119dkarskie i strzeleckie.<\/p>\n<p>W kalendarz imprez Szczecinka od ponad p\u00f3\u0142 wieku aktywnie wpisuje si\u0119 ko\u0142o Polskiego Towarzystwa Turystyczno-Krajoznawczego. Proponowane przez Zarz\u0105d WK PTTK \u201eWiarusy\u201d rajdy piesze i rowerowe, wycieczki autokarowe czy sp\u0142ywy kajakowe promuj\u0105 nasze miasto, region i wojew\u00f3dztwo.<\/p>\n<p>Ostatnio po blisko 15 latach przerwy reaktywowano wsp\u00f3\u0142zawodnictwo turystyczne szk\u00f3\u0142. W konkursie, kt\u00f3ry trwa\u0142 ca\u0142y rok szkolny, w 27 przedsi\u0119wzi\u0119ciach turystycznych wzi\u0119\u0142o udzia\u0142 402 uczni\u00f3w. Ze wst\u0119pnych oblicze\u0144 punkt\u00f3w konkursowych wynika, \u017ce czo\u0142owe miejsca we wsp\u00f3\u0142zawodnictwie zaj\u0119\u0142y szko\u0142y podstawowe nr 1, 6 i 7. Z oficjalnym og\u0142oszeniem wynik\u00f3w trzeba jednak poczeka\u0107 do 27 wrze\u015bnia \u2013 miejskich obchod\u00f3w \u015awiatowego Dnia Turystyki.<\/p>\n<p>30 czerwca zako\u0144czy\u0142 si\u0119 I etap projektu \u201eSzczecinecki Wagabunda\u201d \u2013 wsp\u00f3\u0142zawodnictwo, a ju\u017c 1 lipca rozpocz\u0105\u0142 si\u0119 etap II \u2013 dzia\u0142anie dwuosobowych patroli turystycznych z\u0142o\u017conych z uczni\u00f3w, kt\u00f3rzy na zako\u0144czenie I etapu projektu uzyskali tytu\u0142 Szczecineckiego M\u0142odzie\u017cowego Przewodnika PTTK. We wrze\u015bniu patrole kontynuowano w soboty i\u00a0 niedziele. W tegorocznym sezonie wielu turyst\u00f3w skorzysta\u0142o z pomocy m\u0142odych adept\u00f3w przewodnictwa, ch\u0119tnie udzielaj\u0105cych informacji o mie\u015bcie, rozdaj\u0105cych bezp\u0142atne mapki oraz foldery.<\/p>\n<p>Aby dotrze\u0107 do atrakcji w Szczecinku, trzeba zjecha\u0107 z krajowej 11 i skierowa\u0107 si\u0119 do centrum. Uwierzcie by\u0142emu Wielkopolaninowi, a od ponad 36 lat mieszka\u0144cowi Szczecinka, \u017ce naprawd\u0119 warto odwiedzi\u0107 nasze miasto.<\/p>\n<p><strong>Tekst: Wojciech Jerzy Knapik<\/strong><\/p>\n<p><strong>Zdj\u0119cia: Jerzy Kieruj<\/strong><\/p>\n\n\t\t<style type=\"text\/css\">\n\t\t\t#gallery-1 {\n\t\t\t\tmargin: auto;\n\t\t\t}\n\t\t\t#gallery-1 .gallery-item {\n\t\t\t\tfloat: left;\n\t\t\t\tmargin-top: 10px;\n\t\t\t\ttext-align: center;\n\t\t\t\twidth: 33%;\n\t\t\t}\n\t\t\t#gallery-1 img {\n\t\t\t\tborder: 2px solid #cfcfcf;\n\t\t\t}\n\t\t\t#gallery-1 .gallery-caption {\n\t\t\t\tmargin-left: 0;\n\t\t\t}\n\t\t\t\/* see gallery_shortcode() in wp-includes\/media.php *\/\n\t\t<\/style>\n\t\t<div id='gallery-1' class='gallery galleryid-28099 gallery-columns-3 gallery-size-thumbnail'><dl class='gallery-item'>\n\t\t\t<dt class='gallery-icon landscape'>\n\t\t\t\t<a href='https:\/\/turysta2.pttk.pl\/?attachment_id=28100'><img loading=\"lazy\" decoding=\"async\" width=\"150\" height=\"150\" src=\"https:\/\/turysta2.pttk.pl\/wp-content\/uploads\/2022\/10\/1.-_DSC1362-fot.-Jerzy-Kieruj-150x150.jpg\" class=\"attachment-thumbnail size-thumbnail\" alt=\"\" \/><\/a>\n\t\t\t<\/dt><\/dl><dl class='gallery-item'>\n\t\t\t<dt class='gallery-icon landscape'>\n\t\t\t\t<a href='https:\/\/turysta2.pttk.pl\/?attachment_id=28101'><img loading=\"lazy\" decoding=\"async\" width=\"150\" height=\"150\" src=\"https:\/\/turysta2.pttk.pl\/wp-content\/uploads\/2022\/10\/2.-_DSC1372-fot.-Jerzy-Kieruj-150x150.jpg\" class=\"attachment-thumbnail size-thumbnail\" alt=\"\" \/><\/a>\n\t\t\t<\/dt><\/dl><dl class='gallery-item'>\n\t\t\t<dt class='gallery-icon landscape'>\n\t\t\t\t<a href='https:\/\/turysta2.pttk.pl\/?attachment_id=28102'><img loading=\"lazy\" decoding=\"async\" width=\"150\" height=\"150\" src=\"https:\/\/turysta2.pttk.pl\/wp-content\/uploads\/2022\/10\/3a.-_DSC1350-fot.-Jerzy-Kieruj-150x150.jpg\" class=\"attachment-thumbnail size-thumbnail\" alt=\"\" \/><\/a>\n\t\t\t<\/dt><\/dl><br style=\"clear: both\" \/><dl class='gallery-item'>\n\t\t\t<dt class='gallery-icon landscape'>\n\t\t\t\t<a href='https:\/\/turysta2.pttk.pl\/?attachment_id=28103'><img loading=\"lazy\" decoding=\"async\" width=\"150\" height=\"150\" src=\"https:\/\/turysta2.pttk.pl\/wp-content\/uploads\/2022\/10\/3b._DSC1342-fot.-Jerzy-Kieruj-150x150.jpg\" class=\"attachment-thumbnail size-thumbnail\" alt=\"\" \/><\/a>\n\t\t\t<\/dt><\/dl><dl class='gallery-item'>\n\t\t\t<dt class='gallery-icon landscape'>\n\t\t\t\t<a href='https:\/\/turysta2.pttk.pl\/?attachment_id=28104'><img loading=\"lazy\" decoding=\"async\" width=\"150\" height=\"150\" src=\"https:\/\/turysta2.pttk.pl\/wp-content\/uploads\/2022\/10\/4.-_DSC1363-fot.-Jerzy-Kieruj-150x150.jpg\" class=\"attachment-thumbnail size-thumbnail\" alt=\"\" \/><\/a>\n\t\t\t<\/dt><\/dl>\n\t\t\t<br style='clear: both' \/>\n\t\t<\/div>\n\n<p><strong>Podpisy pod zdj\u0119cia<\/strong><\/p>\n<ol>\n<li>Tytu\u0142 Szczecineckiego M\u0142odzie\u017cowego Przewodnika PTTK uzyskali Micha\u0142 Tylu\u015b, Kacper Anyszewski, Martyna i Zuzanna Jurczy\u0144skie, Nadia Go\u0142ubowicz i Zuzanna Ochremczuk; na zdj\u0119ciu z Wojciechem Jerzym Knapikiem \u2013 koordynatorem projektu \u201eSzczecinecki Wagabunda\u201d<\/li>\n<li>Na okres letni zosta\u0142 rozstawiony namiot przy Centrum Informacji Turystycznej. Tu w\u0142a\u015bnie odby\u0142o si\u0119 pasowanie uczni\u00f3w na Szczecineckich M\u0142odzie\u017cowych Przewodnik\u00f3w PTTK. Pasowa\u0142 prezes ko\u0142a PTTK, Bogdan Bereszy\u0144ski (w niebieskiej koszuli)<\/li>\n<li>Warsztaty\u00a0 przewodnickie poprowadzi\u0142 Wojciech Jerzy Knapik<\/li>\n<li>M\u0142odzi przewodnicy to uczniowie starszych klas szczecineckich szk\u00f3\u0142 podstawowych i jeden ucze\u0144 szko\u0142y ponadpodstawowej<\/li>\n<\/ol>\n<p>&nbsp;<\/p>\n<p>Afiliacja<\/p>\n<p><strong>Wojciech Jerzy Knapik<\/strong><\/p>\n<p>Dzia\u0142acz PTTK ze Szczecinka.<\/p>\n<p><strong>\u00a0<\/strong><\/p>\n","protected":false},"excerpt":{"rendered":"M\u0142odzi przewodnicy w Szczecinku &nbsp; Szczecinek to 36-tysi\u0119czne miasto w wojew\u00f3dztwie zachodniopomorskim, z ponad 700-letni\u0105 histori\u0105. Jest ono ch\u0119tnie odwiedzane przez turyst\u00f3w, kt\u00f3rzy doceniaj\u0105 atrakcyjne po\u0142o\u017cenie miasta nad pi\u0119knym, otoczonym lasami, jeziorem Trzesiecko. Posiada tak\u017ce zadbane obiekty sportowe. S\u0105 tu korty tenisowe, basen, hale sportowe, boiska do gier zespo\u0142owych, stadion lekkoatletyczny, strzelnica, wytyczone trasy biegowe czy ponadkilometrowy tor do nart&nbsp;<a href=\"https:\/\/turysta2.pttk.pl\/?p=28099\" class=\"read-more\">Continue Reading<\/a>","protected":false},"author":4,"featured_media":28101,"comment_status":"closed","ping_status":"closed","sticky":false,"template":"","format":"standard","meta":{"footnotes":""},"categories":[73,41],"tags":[],"class_list":["post-28099","post","type-post","status-publish","format-standard","has-post-thumbnail","hentry","category-turystyka-srodowiskowa","category-turystyka-pttk","cat-73-id","cat-41-id"],"aioseo_notices":[],"_links":{"self":[{"href":"https:\/\/turysta2.pttk.pl\/index.php?rest_route=\/wp\/v2\/posts\/28099","targetHints":{"allow":["GET"]}}],"collection":[{"href":"https:\/\/turysta2.pttk.pl\/index.php?rest_route=\/wp\/v2\/posts"}],"about":[{"href":"https:\/\/turysta2.pttk.pl\/index.php?rest_route=\/wp\/v2\/types\/post"}],"author":[{"embeddable":true,"href":"https:\/\/turysta2.pttk.pl\/index.php?rest_route=\/wp\/v2\/users\/4"}],"replies":[{"embeddable":true,"href":"https:\/\/turysta2.pttk.pl\/index.php?rest_route=%2Fwp%2Fv2%2Fcomments&post=28099"}],"version-history":[{"count":1,"href":"https:\/\/turysta2.pttk.pl\/index.php?rest_route=\/wp\/v2\/posts\/28099\/revisions"}],"predecessor-version":[{"id":28105,"href":"https:\/\/turysta2.pttk.pl\/index.php?rest_route=\/wp\/v2\/posts\/28099\/revisions\/28105"}],"wp:featuredmedia":[{"embeddable":true,"href":"https:\/\/turysta2.pttk.pl\/index.php?rest_route=\/wp\/v2\/media\/28101"}],"wp:attachment":[{"href":"https:\/\/turysta2.pttk.pl\/index.php?rest_route=%2Fwp%2Fv2%2Fmedia&parent=28099"}],"wp:term":[{"taxonomy":"category","embeddable":true,"href":"https:\/\/turysta2.pttk.pl\/index.php?rest_route=%2Fwp%2Fv2%2Fcategories&post=28099"},{"taxonomy":"post_tag","embeddable":true,"href":"https:\/\/turysta2.pttk.pl\/index.php?rest_route=%2Fwp%2Fv2%2Ftags&post=28099"}],"curies":[{"name":"wp","href":"https:\/\/api.w.org\/{rel}","templated":true}]}}