{"id":28092,"date":"2022-10-11T19:01:01","date_gmt":"2022-10-11T17:01:01","guid":{"rendered":"https:\/\/turysta2.pttk.pl\/?p=28092"},"modified":"2023-03-27T11:35:48","modified_gmt":"2023-03-27T09:35:48","slug":"turniejowe-zmagania-w-swidnicy","status":"publish","type":"post","link":"https:\/\/turysta2.pttk.pl\/?p=28092","title":{"rendered":"Turniejowe zmagania w \u015awidnicy"},"content":{"rendered":"<p><strong>Turniejowe zmagania w \u015awidnicy<\/strong><\/p>\n<p>&nbsp;<\/p>\n<p><strong>Fina\u0142 Centralny 48. <\/strong><strong>Og\u00f3lnopolskiego M\u0142odzie\u017cowego Turnieju Turystyczno-Krajoznawczego<\/strong><strong> mia\u0142 si\u0119 odby\u0107 dwa lata temu<\/strong><strong>. Niestety, COVID-19\u00a0 pokrzy\u017cowa\u0142 plany i trzeba by\u0142o imprez\u0119 prze\u0142o\u017cy\u0107. W ko\u0144cu w 2022 roku uda\u0142o si\u0119! <\/strong><\/p>\n<p><strong>\u00a0<\/strong><\/p>\n<p>Laureaci etap\u00f3w wojew\u00f3dzkich dotarli do go\u015bcinnej \u015awidnicy 16 czerwca, w Bo\u017ce Cia\u0142o. Po kolacji organizatorzy zaprosili ich na spacer po pi\u0119knej okolicy. Zwiedzili katedr\u0119 pw. \u015bw. Stanis\u0142awa i \u015bw. Wac\u0142awa, obejrzeli te\u017c lutera\u0144ski Ko\u015bci\u00f3\u0142 Pokoju, jeden z najcenniejszych drewnianych ko\u015bcio\u0142\u00f3w Dolnego \u015al\u0105ska, gdzie spotkali si\u0119 z Bo\u017cen\u0105 Pytel, \u017con\u0105 biskupa diecezji wroc\u0142awskiej Ko\u015bcio\u0142a Ewangelicko-Augsburskiego.<\/p>\n<p>W pi\u0105tkowy poranek odby\u0142o si\u0119 uroczyste rozpocz\u0119cie turnieju. Uczestnik\u00f3w i ich opiekun\u00f3w powitali Zbigniew Cury\u0142, organizator fina\u0142u, Jacek Potocki, cz\u0142onek Zarz\u0105du G\u0142\u00f3wnego PTTK, i Lucyna Ma\u0144kowska, przewodnicz\u0105ca Rady Programowej ds. M\u0142odzie\u017cy Szkolnej, oraz Wojciech Kr\u00f3l, s\u0119dzia g\u0142\u00f3wny. Nauczyciele udali si\u0119 na wycieczk\u0119 do K\u0142odzka, a ich podopieczni rozpocz\u0119li zmagania w konkurencjach turniejowych \u2013 testach z wiedzy krajoznawczej, pierwszej pomocy przedmedycznej i przepis\u00f3w ruchu drogowego. Kolejnym punktem konkursu by\u0142o turystyczne ABC, czyli rozpoznawanie ska\u0142 i minera\u0142\u00f3w, trop\u00f3w i ro\u015blin, a tak\u017ce kolarski tor przeszk\u00f3d.<\/p>\n<p>Po przerwie obiadowej m\u0142odzie\u017c pojecha\u0142a do Bystrzycy G\u00f3rnej, gdzie uczestniczy\u0142a w ostatniej konkurencji tego dnia: marszu na orientacj\u0119, kt\u00f3ry by\u0142 trudny ze wzgl\u0119du na warunki pogodowe i\u2026 liczne komary.<\/p>\n<p>W sobot\u0119 m\u0142odzie\u017c i jej opiekunowie zwiedzili Muzeum Kolejnictwa w Jaworzynie \u015al\u0105skiej, kompleks W\u0142odarz w Jugowicach, czyli fragment podziemi s\u0142ynnego projektu o kryptonimie Riese (z niem. olbrzym), a tak\u017ce per\u0142\u0119 Dolnego \u015al\u0105ska \u2013 zamek Ksi\u0105\u017c w Wa\u0142brzychu. Wieczorem na uczestnik\u00f3w czeka\u0142a \u00a0kolacja w dawnym folwarku w Piotrowicach \u015awidnickich, gdzie obecnie trwaj\u0105 prace nad utworzeniem Muzeum Rolnictwa.<\/p>\n<p>W niedzielny poranek odby\u0142o si\u0119 uroczyste podsumowanie 48. OMTTK i przyszed\u0142 czas na og\u0142oszenie wynik\u00f3w.<\/p>\n<ul>\n<li><strong>W kategorii szk\u00f3\u0142 podstawowych<\/strong> I miejsce zaj\u0119\u0142a dru\u017cyna \u201eToTuToTam\u201d z M\u0142odzie\u017cowego Domu Kultury w \u015awidnicy w sk\u0142adzie: Agata Hruszowiec, Jan Wojewodzic i Piotr Ziarnowski (opiekun \u0141ukasz Ziarnowski). II miejsce przyznano dru\u017cynie ze Szko\u0142y Podstawowej nr 1 w Bi\u0142goraju (opiekun Urszula G\u00f3rniak), a III \u2013 zespo\u0142owi ze Szko\u0142y Podstawowej nr 2 w K\u0142odzku (opiekun Bernadeta \u017buk).<\/li>\n<li><strong>W kategorii szk\u00f3\u0142 ponadpodstawowych<\/strong> zwyci\u0119\u017cy\u0142 zesp\u00f3\u0142 z M\u0142odzie\u017cowego Klubu Krajoznawczo-Turystycznego \u201eTramp\u201d skupiaj\u0105cy uczni\u00f3w z lice\u00f3w w Bogatyni i Zgorzelcu w sk\u0142adzie: Hubert Olech, Wojciech Paj\u0105k, Marcelina Szymaniak (opiekun Aneta Strojanowska). II miejsce zaj\u0105\u0142 SKKT \u201eProtektory\u201d z Kozienic (opiekun Miros\u0142aw Mazur), a III \u2013 dru\u017cyna \u201eKsi\u0105\u017c\u0119ta\u201d z 1 LO im. Ksi\u0105\u017c\u0105t Pomorskich w Rumi (opiekun Jacek Pa\u0142ubicki).<\/li>\n<li><strong>Przyznano te\u017c nagrody indywidualne<\/strong>: nagrod\u0119 dla najm\u0142odszego uczestnika otrzyma\u0142 Piotr Ziarnowski ze \u015awidnicy; za ocen\u0119 odznak i uprawnie\u0144 turystycznych wyr\u00f3\u017cniono Agat\u0119 Hruszowiec ze \u015awidnicy i Karolin\u0119 Stok\u0142os\u0119 z Prudnika; w te\u015bcie wiedzy zwyci\u0119\u017cy\u0142y Agata Hruszowiec i Sara Smagol z Kozienic. W kategorii turystyczny rower (tor przeszk\u00f3d) najlepsi byli Jan Wojewodzic ze \u015awidnicy, Filip Kuba z K\u0142odzka, Eryk \u0141o\u0144ski i Kacper Pawluk z Bi\u0142goraja, Miko\u0142aj Wojcieszek z Janikowa oraz Karol Okr\u00f3j z Wejherowa. Zesp\u00f3\u0142 Park\u00f3w Krajobrazowych Wojew\u00f3dztwa Dolno\u015bl\u0105skiego i Nadle\u015bnictwo \u015awidnica r\u00f3wnie\u017c przyzna\u0142y nagrody za najlepsze wyniki w konkurencji fauny i flory park\u00f3w krajobrazowych Dolnego \u015al\u0105ska \u2013 otrzyma\u0142y je bezkonkurencyjne dru\u017cyny \u201eToTuToTam\u201d i \u201eProtektory\u201d oraz zespo\u0142y z XIII LO w Szczecinie i z ZSO nr 1 w Prudniku.<\/li>\n<\/ul>\n<p>Atmosfera imprezy by\u0142a niezwyk\u0142a, najwyra\u017aniej uczestnicy turnieju i nauczyciele byli spragnieni wra\u017ce\u0144 turniejowych po dwuletniej, pandemicznej przerwie. Zbigniewowi Curyle i jego zespo\u0142owi nale\u017c\u0105 si\u0119 s\u0142owa podzi\u0119kowania \u2013 mimo obiektywnych trudno\u015bci tegoroczny turniej zosta\u0142 przygotowany na wysokim poziomie.<\/p>\n<p>Miejscem przysz\u0142orocznego turnieju b\u0119dzie to Rumia w wojew\u00f3dztwie pomorskim. Fina\u0142 przygotuj\u0105 Jacek Pa\u0142ubicki i Danuta Sosnowska z Oddzia\u0142u Regionalnego PTTK w Gda\u0144sku.<\/p>\n<p><em>\u00a0<\/em><\/p>\n<p><strong><em>Tekst<\/em><\/strong> Lucyna Ma\u0144kowska, Marcin A. Klemenski (przewodnicz\u0105ca i sekretarz Rady Programowej ds. M\u0142odzie\u017cy Szkolnej ZG PTTK)<\/p>\n<p>&nbsp;<\/p>\n<p><strong><em>Zdj\u0119cia<\/em><\/strong> Zbigniew Cury\u0142<\/p>\n<p>&nbsp;<\/p>\n<p><strong>\u00a0<\/strong><\/p>\n\n\t\t<style type=\"text\/css\">\n\t\t\t#gallery-1 {\n\t\t\t\tmargin: auto;\n\t\t\t}\n\t\t\t#gallery-1 .gallery-item {\n\t\t\t\tfloat: left;\n\t\t\t\tmargin-top: 10px;\n\t\t\t\ttext-align: center;\n\t\t\t\twidth: 33%;\n\t\t\t}\n\t\t\t#gallery-1 img {\n\t\t\t\tborder: 2px solid #cfcfcf;\n\t\t\t}\n\t\t\t#gallery-1 .gallery-caption {\n\t\t\t\tmargin-left: 0;\n\t\t\t}\n\t\t\t\/* see gallery_shortcode() in wp-includes\/media.php *\/\n\t\t<\/style>\n\t\t<div id='gallery-1' class='gallery galleryid-28092 gallery-columns-3 gallery-size-thumbnail'><dl class='gallery-item'>\n\t\t\t<dt class='gallery-icon landscape'>\n\t\t\t\t<a href='https:\/\/turysta2.pttk.pl\/?attachment_id=28093'><img loading=\"lazy\" decoding=\"async\" width=\"150\" height=\"150\" src=\"https:\/\/turysta2.pttk.pl\/wp-content\/uploads\/2022\/10\/1JEDNA1-150x150.jpg\" class=\"attachment-thumbnail size-thumbnail\" alt=\"\" \/><\/a>\n\t\t\t<\/dt><\/dl><dl class='gallery-item'>\n\t\t\t<dt class='gallery-icon landscape'>\n\t\t\t\t<a href='https:\/\/turysta2.pttk.pl\/?attachment_id=28094'><img loading=\"lazy\" decoding=\"async\" width=\"150\" height=\"150\" src=\"https:\/\/turysta2.pttk.pl\/wp-content\/uploads\/2022\/10\/2JEDNA1-150x150.jpg\" class=\"attachment-thumbnail size-thumbnail\" alt=\"\" \/><\/a>\n\t\t\t<\/dt><\/dl><dl class='gallery-item'>\n\t\t\t<dt class='gallery-icon landscape'>\n\t\t\t\t<a href='https:\/\/turysta2.pttk.pl\/?attachment_id=28095'><img loading=\"lazy\" decoding=\"async\" width=\"150\" height=\"150\" src=\"https:\/\/turysta2.pttk.pl\/wp-content\/uploads\/2022\/10\/3JEDNA1-150x150.jpg\" class=\"attachment-thumbnail size-thumbnail\" alt=\"\" \/><\/a>\n\t\t\t<\/dt><\/dl><br style=\"clear: both\" \/><dl class='gallery-item'>\n\t\t\t<dt class='gallery-icon landscape'>\n\t\t\t\t<a href='https:\/\/turysta2.pttk.pl\/?attachment_id=28096'><img loading=\"lazy\" decoding=\"async\" width=\"150\" height=\"150\" src=\"https:\/\/turysta2.pttk.pl\/wp-content\/uploads\/2022\/10\/4GRUPO1-150x150.jpg\" class=\"attachment-thumbnail size-thumbnail\" alt=\"\" \/><\/a>\n\t\t\t<\/dt><\/dl><dl class='gallery-item'>\n\t\t\t<dt class='gallery-icon portrait'>\n\t\t\t\t<a href='https:\/\/turysta2.pttk.pl\/?attachment_id=28097'><img loading=\"lazy\" decoding=\"async\" width=\"150\" height=\"150\" src=\"https:\/\/turysta2.pttk.pl\/wp-content\/uploads\/2022\/10\/5.-Swidnica_5-fot.-Zbigniew-Curyl-150x150.jpg\" class=\"attachment-thumbnail size-thumbnail\" alt=\"\" \/><\/a>\n\t\t\t<\/dt><\/dl>\n\t\t\t<br style='clear: both' \/>\n\t\t<\/div>\n\n<p><strong>Podpisy pod zdj\u0119cia<\/strong><\/p>\n<p><strong>Zdj\u0119cia 1\u2013 3 <\/strong><\/p>\n<p>Cz\u0119\u015b\u0107 teoretyczna konkurencji obejmowa\u0142a test z zagadnie\u0144 krajoznawczych, turystycznych,\u00a0\u00a0 i zasad udzielania pierwszej pomocy<\/p>\n<p>&nbsp;<\/p>\n<ul>\n<li>Uczestnicy na tle zamku w Piotrowicach \u015awidnickich<\/li>\n<\/ul>\n<p>&nbsp;<\/p>\n<ul>\n<li>Zbigniew Cury\u0142 z najlepsz\u0105 dru\u017cyn\u0105 w kategorii szk\u00f3\u0142 podstawowych - ko\u0142em \u201eToTuToTam\u201d ze \u015awidnicy<\/li>\n<\/ul>\n","protected":false},"excerpt":{"rendered":"Turniejowe zmagania w \u015awidnicy &nbsp; Fina\u0142 Centralny 48. Og\u00f3lnopolskiego M\u0142odzie\u017cowego Turnieju Turystyczno-Krajoznawczego mia\u0142 si\u0119 odby\u0107 dwa lata temu. Niestety, COVID-19\u00a0 pokrzy\u017cowa\u0142 plany i trzeba by\u0142o imprez\u0119 prze\u0142o\u017cy\u0107. W ko\u0144cu w 2022 roku uda\u0142o si\u0119! \u00a0 Laureaci etap\u00f3w wojew\u00f3dzkich dotarli do go\u015bcinnej \u015awidnicy 16 czerwca, w Bo\u017ce Cia\u0142o. Po kolacji organizatorzy zaprosili ich na spacer po pi\u0119knej okolicy. Zwiedzili katedr\u0119 pw.&nbsp;<a href=\"https:\/\/turysta2.pttk.pl\/?p=28092\" class=\"read-more\">Continue Reading<\/a>","protected":false},"author":4,"featured_media":28093,"comment_status":"closed","ping_status":"closed","sticky":false,"template":"","format":"standard","meta":{"footnotes":""},"categories":[73,41],"tags":[],"class_list":["post-28092","post","type-post","status-publish","format-standard","has-post-thumbnail","hentry","category-turystyka-srodowiskowa","category-turystyka-pttk","cat-73-id","cat-41-id"],"aioseo_notices":[],"_links":{"self":[{"href":"https:\/\/turysta2.pttk.pl\/index.php?rest_route=\/wp\/v2\/posts\/28092","targetHints":{"allow":["GET"]}}],"collection":[{"href":"https:\/\/turysta2.pttk.pl\/index.php?rest_route=\/wp\/v2\/posts"}],"about":[{"href":"https:\/\/turysta2.pttk.pl\/index.php?rest_route=\/wp\/v2\/types\/post"}],"author":[{"embeddable":true,"href":"https:\/\/turysta2.pttk.pl\/index.php?rest_route=\/wp\/v2\/users\/4"}],"replies":[{"embeddable":true,"href":"https:\/\/turysta2.pttk.pl\/index.php?rest_route=%2Fwp%2Fv2%2Fcomments&post=28092"}],"version-history":[{"count":1,"href":"https:\/\/turysta2.pttk.pl\/index.php?rest_route=\/wp\/v2\/posts\/28092\/revisions"}],"predecessor-version":[{"id":28098,"href":"https:\/\/turysta2.pttk.pl\/index.php?rest_route=\/wp\/v2\/posts\/28092\/revisions\/28098"}],"wp:featuredmedia":[{"embeddable":true,"href":"https:\/\/turysta2.pttk.pl\/index.php?rest_route=\/wp\/v2\/media\/28093"}],"wp:attachment":[{"href":"https:\/\/turysta2.pttk.pl\/index.php?rest_route=%2Fwp%2Fv2%2Fmedia&parent=28092"}],"wp:term":[{"taxonomy":"category","embeddable":true,"href":"https:\/\/turysta2.pttk.pl\/index.php?rest_route=%2Fwp%2Fv2%2Fcategories&post=28092"},{"taxonomy":"post_tag","embeddable":true,"href":"https:\/\/turysta2.pttk.pl\/index.php?rest_route=%2Fwp%2Fv2%2Ftags&post=28092"}],"curies":[{"name":"wp","href":"https:\/\/api.w.org\/{rel}","templated":true}]}}