{"id":28078,"date":"2022-10-11T18:59:14","date_gmt":"2022-10-11T16:59:14","guid":{"rendered":"https:\/\/turysta2.pttk.pl\/?p=28078"},"modified":"2023-03-27T11:35:49","modified_gmt":"2023-03-27T09:35:49","slug":"hubal-viii-rajd","status":"publish","type":"post","link":"https:\/\/turysta2.pttk.pl\/?p=28078","title":{"rendered":"Hubal VIII Rajd"},"content":{"rendered":"<p><strong>Rajd historycznym szlakiem po ziemi koneckiej<\/strong><\/p>\n<p><strong>\u00a0<\/strong><\/p>\n<p><strong>9\u201310 kwietnia 2022 roku ju\u017c po raz \u00f3smy odby\u0142 si\u0119 wojskowy Og\u00f3lnopolski Rajd Pieszy \u201eMajor Hubal\u201d zorganizowany przez Wojskowe Ko\u0142o PTTK przy Klubie 25. Brygady Kawalerii Powietrznej z Tomaszowa Mazowieckiego we wsp\u00f3\u0142pracy z Oddzia\u0142em \u0141\u00f3dzkim PTTK im. Jana Czeraszkiewicza pod patronatem honorowym Muzeum Niepodleg\u0142o\u015bci w Warszawie. <\/strong><\/p>\n<p>&nbsp;<\/p>\n<p>W zwi\u0105zku z obchodami 125. rocznicy urodzin mjr. Henryka Dobrza\u0144skiego \u201eHubala\u201d do wsparcia i pomocy w organizacji rajdu w\u0142\u0105czy\u0142y si\u0119: miasto Radoszyce, miasto Ko\u0144skie, Regionalna Organizacja Turystyczna Wojew\u00f3dztwa \u015awi\u0119tokrzyskiego, Instytut Pami\u0119ci Narodowej Oddzia\u0142 w Krakowie Delegatura w Kielcach, Lasy Pa\u0144stwowe Nadle\u015bnictwo Radoszyce oraz 25. Brygada Kawalerii Powietrznej z Tomaszowa Mazowieckiego.<\/p>\n<p>W tym roku rajd przebiega\u0142 po ziemi koneckiej. Trasa rozpocz\u0119\u0142a si\u0119 w Cisach, przy pomniku po\u015bwi\u0119conym pami\u0119ci Marianny Cel ps. Tereska. Uczestnicy rajdu poznali histori\u0119 jedynej kobiety s\u0142u\u017c\u0105cej w Oddziale Wydzielonym Wojska Polskiego mjr. Dobrza\u0144skiego \u201eHubala\u201d. Nast\u0119pnie udali si\u0119 do Zych, gdzie przy by\u0142ym domu gajowego Jana Barana, pod pomnikiem upami\u0119tniaj\u0105cy pobyt mjr. \u201eHubala\u201d we wsi oraz represjonowanych mieszka\u0144c\u00f3w udzielaj\u0105cych hubalczykom pomocy, wraz z w\u0142adzami samorz\u0105dowymi Radoszyc, z\u0142o\u017cyli wieniec i zapalili \u201eP\u0142omie\u0144 Pami\u0119ci\u201d. Poznali te\u017c histori\u0119 powstania Oddzia\u0142u Wydzielonego WP, po czym udali si\u0119 w stron\u0119 Radoszyc. Pierwszy dzie\u0144 rajdu zako\u0144czy\u0142o spotkanie autorskie w Ko\u0144skich z Andrzejem Dyszy\u0144skim, prezesem Stowarzyszenia \u201eHubalowa Rodzina\u201d, wsp\u00f3\u0142autorem najnowszej publikacji <em>Krubki. Mjr Hubal \u2013 munduru nie zdejm\u0119, broni nie z\u0142o\u017c\u0119\u2026<\/em><\/p>\n<p>Drugiego dnia grupa najpierw uda\u0142a si\u0119 pod pomnik po\u015bwi\u0119cony pami\u0119ci mjr. Henryka Dobrza\u0144skiego w Ko\u0144skich, po czym zwiedzi\u0142a klasycystyczny zesp\u00f3\u0142 parkowo-pa\u0142acowy wzniesiony przez <a href=\"https:\/\/pl.wikipedia.org\/wiki\/Jan_Ma%C5%82achowski_(kanclerz_wielki_koronny)\">Jana Ma\u0142achowskiego<\/a> w latach 40. XVIII wieku. Uczestnicy rajdu byli te\u017c w rezerwacie przyrody nieo\u017cywionej \u201eGagaty So\u0142tykowskie\u201d oraz rezerwacie \u201eSka\u0142ki\u00a0Piek\u0142o\u201d\u00a0pod\u00a0Niek\u0142aniem, aby podziwia\u0107 zachowane jurajskie osta\u0144ce piaskowe.<\/p>\n<p>Rajd zako\u0144czono w Furmanowie pod D\u0119bem Hubal, gdzie uroczy\u015bcie wr\u0119czono zdobyte przez uczestnik\u00f3w kolejne stopnie Odznaki Turystyczno-Krajoznawczej PTTK \u015aladami mjr. Henryka Dobrza\u0144skiego \u201eHubala\u201d oraz wr\u0119czono podzi\u0119kowania i wyr\u00f3\u017cnienia. Ostatnim wydarzeniem rajdu by\u0142o spotkanie autorskie z Jackiem Lombarskim, autorem publikacji <em>Major Hubal. Fakty, legendy i mity<\/em>, podczas kt\u00f3rego autor przedstawi\u0142 jej drugi tom.<\/p>\n<p>W tym roku w rajdzie uczestniczy\u0142o oko\u0142o 60 os\u00f3b z ca\u0142ej Polski, w tym z Dziwnowa, \u017byrardowa, \u0141odzi, Lublina, Cycowa, W\u0142odawy oraz Tomaszowa Mazowieckiego.<\/p>\n<p><em>Tekst i zdj\u0119cia<\/em> Marcin Reczycki<\/p>\n<p><strong><a href=\"https:\/\/turysta2.pttk.pl\/wp-content\/uploads\/2022\/10\/Oswiadczenie.pdf\">O\u015bwiadczenie<\/a><\/strong><\/p>\n\n\t\t<style type=\"text\/css\">\n\t\t\t#gallery-1 {\n\t\t\t\tmargin: auto;\n\t\t\t}\n\t\t\t#gallery-1 .gallery-item {\n\t\t\t\tfloat: left;\n\t\t\t\tmargin-top: 10px;\n\t\t\t\ttext-align: center;\n\t\t\t\twidth: 33%;\n\t\t\t}\n\t\t\t#gallery-1 img {\n\t\t\t\tborder: 2px solid #cfcfcf;\n\t\t\t}\n\t\t\t#gallery-1 .gallery-caption {\n\t\t\t\tmargin-left: 0;\n\t\t\t}\n\t\t\t\/* see gallery_shortcode() in wp-includes\/media.php *\/\n\t\t<\/style>\n\t\t<div id='gallery-1' class='gallery galleryid-28078 gallery-columns-3 gallery-size-thumbnail'><dl class='gallery-item'>\n\t\t\t<dt class='gallery-icon landscape'>\n\t\t\t\t<a href='https:\/\/turysta2.pttk.pl\/?attachment_id=28082'><img loading=\"lazy\" decoding=\"async\" width=\"150\" height=\"150\" src=\"https:\/\/turysta2.pttk.pl\/wp-content\/uploads\/2022\/10\/1-Foto_-Marcin-Reczycki-150x150.jpg\" class=\"attachment-thumbnail size-thumbnail\" alt=\"\" \/><\/a>\n\t\t\t<\/dt><\/dl><dl class='gallery-item'>\n\t\t\t<dt class='gallery-icon landscape'>\n\t\t\t\t<a href='https:\/\/turysta2.pttk.pl\/?attachment_id=28083'><img loading=\"lazy\" decoding=\"async\" width=\"150\" height=\"150\" src=\"https:\/\/turysta2.pttk.pl\/wp-content\/uploads\/2022\/10\/2-Foto_-Marcin-Reczycki-150x150.jpg\" class=\"attachment-thumbnail size-thumbnail\" alt=\"\" \/><\/a>\n\t\t\t<\/dt><\/dl><dl class='gallery-item'>\n\t\t\t<dt class='gallery-icon landscape'>\n\t\t\t\t<a href='https:\/\/turysta2.pttk.pl\/?attachment_id=28084'><img loading=\"lazy\" decoding=\"async\" width=\"150\" height=\"150\" src=\"https:\/\/turysta2.pttk.pl\/wp-content\/uploads\/2022\/10\/3-Foto_-Marcin-Reczycki-150x150.jpg\" class=\"attachment-thumbnail size-thumbnail\" alt=\"\" \/><\/a>\n\t\t\t<\/dt><\/dl><br style=\"clear: both\" \/><dl class='gallery-item'>\n\t\t\t<dt class='gallery-icon landscape'>\n\t\t\t\t<a href='https:\/\/turysta2.pttk.pl\/?attachment_id=28085'><img loading=\"lazy\" decoding=\"async\" width=\"150\" height=\"150\" src=\"https:\/\/turysta2.pttk.pl\/wp-content\/uploads\/2022\/10\/6-Foto_-Marcin-Reczycki-150x150.jpg\" class=\"attachment-thumbnail size-thumbnail\" alt=\"\" \/><\/a>\n\t\t\t<\/dt><\/dl><dl class='gallery-item'>\n\t\t\t<dt class='gallery-icon landscape'>\n\t\t\t\t<a href='https:\/\/turysta2.pttk.pl\/?attachment_id=28086'><img loading=\"lazy\" decoding=\"async\" width=\"150\" height=\"150\" src=\"https:\/\/turysta2.pttk.pl\/wp-content\/uploads\/2022\/10\/7-Foto_-Marcin-Reczycki-150x150.jpg\" class=\"attachment-thumbnail size-thumbnail\" alt=\"\" \/><\/a>\n\t\t\t<\/dt><\/dl><dl class='gallery-item'>\n\t\t\t<dt class='gallery-icon landscape'>\n\t\t\t\t<a href='https:\/\/turysta2.pttk.pl\/?attachment_id=28087'><img loading=\"lazy\" decoding=\"async\" width=\"150\" height=\"150\" src=\"https:\/\/turysta2.pttk.pl\/wp-content\/uploads\/2022\/10\/8-Foto_-Marcin-Reczycki-150x150.jpg\" class=\"attachment-thumbnail size-thumbnail\" alt=\"\" \/><\/a>\n\t\t\t<\/dt><\/dl><br style=\"clear: both\" \/><dl class='gallery-item'>\n\t\t\t<dt class='gallery-icon landscape'>\n\t\t\t\t<a href='https:\/\/turysta2.pttk.pl\/?attachment_id=28088'><img loading=\"lazy\" decoding=\"async\" width=\"150\" height=\"150\" src=\"https:\/\/turysta2.pttk.pl\/wp-content\/uploads\/2022\/10\/9-Foto_-Marcin-Reczycki-150x150.jpg\" class=\"attachment-thumbnail size-thumbnail\" alt=\"\" \/><\/a>\n\t\t\t<\/dt><\/dl><dl class='gallery-item'>\n\t\t\t<dt class='gallery-icon landscape'>\n\t\t\t\t<a href='https:\/\/turysta2.pttk.pl\/?attachment_id=28089'><img loading=\"lazy\" decoding=\"async\" width=\"150\" height=\"150\" src=\"https:\/\/turysta2.pttk.pl\/wp-content\/uploads\/2022\/10\/10-Foto_-Marcin-Reczycki-150x150.png\" class=\"attachment-thumbnail size-thumbnail\" alt=\"\" srcset=\"https:\/\/turysta2.pttk.pl\/wp-content\/uploads\/2022\/10\/10-Foto_-Marcin-Reczycki-150x150.png 150w, https:\/\/turysta2.pttk.pl\/wp-content\/uploads\/2022\/10\/10-Foto_-Marcin-Reczycki-300x300.png 300w, https:\/\/turysta2.pttk.pl\/wp-content\/uploads\/2022\/10\/10-Foto_-Marcin-Reczycki-1024x1022.png 1024w, https:\/\/turysta2.pttk.pl\/wp-content\/uploads\/2022\/10\/10-Foto_-Marcin-Reczycki-768x766.png 768w, https:\/\/turysta2.pttk.pl\/wp-content\/uploads\/2022\/10\/10-Foto_-Marcin-Reczycki-1536x1533.png 1536w, https:\/\/turysta2.pttk.pl\/wp-content\/uploads\/2022\/10\/10-Foto_-Marcin-Reczycki-2048x2044.png 2048w\" sizes=\"auto, (max-width: 150px) 100vw, 150px\" \/><\/a>\n\t\t\t<\/dt><\/dl><dl class='gallery-item'>\n\t\t\t<dt class='gallery-icon landscape'>\n\t\t\t\t<a href='https:\/\/turysta2.pttk.pl\/?attachment_id=28090'><img loading=\"lazy\" decoding=\"async\" width=\"150\" height=\"150\" src=\"https:\/\/turysta2.pttk.pl\/wp-content\/uploads\/2022\/10\/20220409_113557-150x150.jpg\" class=\"attachment-thumbnail size-thumbnail\" alt=\"\" \/><\/a>\n\t\t\t<\/dt><\/dl><br style=\"clear: both\" \/>\n\t\t<\/div>\n\n","protected":false},"excerpt":{"rendered":"Rajd historycznym szlakiem po ziemi koneckiej \u00a0 9\u201310 kwietnia 2022 roku ju\u017c po raz \u00f3smy odby\u0142 si\u0119 wojskowy Og\u00f3lnopolski Rajd Pieszy \u201eMajor Hubal\u201d zorganizowany przez Wojskowe Ko\u0142o PTTK przy Klubie 25. Brygady Kawalerii Powietrznej z Tomaszowa Mazowieckiego we wsp\u00f3\u0142pracy z Oddzia\u0142em \u0141\u00f3dzkim PTTK im. Jana Czeraszkiewicza pod patronatem honorowym Muzeum Niepodleg\u0142o\u015bci w Warszawie. &nbsp; W zwi\u0105zku z obchodami 125. rocznicy&nbsp;<a href=\"https:\/\/turysta2.pttk.pl\/?p=28078\" class=\"read-more\">Continue Reading<\/a>","protected":false},"author":4,"featured_media":28089,"comment_status":"closed","ping_status":"closed","sticky":false,"template":"","format":"standard","meta":{"footnotes":""},"categories":[68,41],"tags":[],"class_list":["post-28078","post","type-post","status-publish","format-standard","has-post-thumbnail","hentry","category-turystyka-piesza","category-turystyka-pttk","cat-68-id","cat-41-id"],"aioseo_notices":[],"_links":{"self":[{"href":"https:\/\/turysta2.pttk.pl\/index.php?rest_route=\/wp\/v2\/posts\/28078","targetHints":{"allow":["GET"]}}],"collection":[{"href":"https:\/\/turysta2.pttk.pl\/index.php?rest_route=\/wp\/v2\/posts"}],"about":[{"href":"https:\/\/turysta2.pttk.pl\/index.php?rest_route=\/wp\/v2\/types\/post"}],"author":[{"embeddable":true,"href":"https:\/\/turysta2.pttk.pl\/index.php?rest_route=\/wp\/v2\/users\/4"}],"replies":[{"embeddable":true,"href":"https:\/\/turysta2.pttk.pl\/index.php?rest_route=%2Fwp%2Fv2%2Fcomments&post=28078"}],"version-history":[{"count":3,"href":"https:\/\/turysta2.pttk.pl\/index.php?rest_route=\/wp\/v2\/posts\/28078\/revisions"}],"predecessor-version":[{"id":28091,"href":"https:\/\/turysta2.pttk.pl\/index.php?rest_route=\/wp\/v2\/posts\/28078\/revisions\/28091"}],"wp:featuredmedia":[{"embeddable":true,"href":"https:\/\/turysta2.pttk.pl\/index.php?rest_route=\/wp\/v2\/media\/28089"}],"wp:attachment":[{"href":"https:\/\/turysta2.pttk.pl\/index.php?rest_route=%2Fwp%2Fv2%2Fmedia&parent=28078"}],"wp:term":[{"taxonomy":"category","embeddable":true,"href":"https:\/\/turysta2.pttk.pl\/index.php?rest_route=%2Fwp%2Fv2%2Fcategories&post=28078"},{"taxonomy":"post_tag","embeddable":true,"href":"https:\/\/turysta2.pttk.pl\/index.php?rest_route=%2Fwp%2Fv2%2Ftags&post=28078"}],"curies":[{"name":"wp","href":"https:\/\/api.w.org\/{rel}","templated":true}]}}