{"id":28067,"date":"2022-10-11T18:55:28","date_gmt":"2022-10-11T16:55:28","guid":{"rendered":"https:\/\/turysta2.pttk.pl\/?p=28067"},"modified":"2023-03-27T11:35:49","modified_gmt":"2023-03-27T09:35:49","slug":"czak-na-ziemi-jeleniogorskiej","status":"publish","type":"post","link":"https:\/\/turysta2.pttk.pl\/?p=28067","title":{"rendered":"CZAK na ziemi jeleniog\u00f3rskiej"},"content":{"rendered":"<p><strong>CZAK 2022 na ziemi jeleniog\u00f3rskiej<\/strong><\/p>\n<p>&nbsp;<\/p>\n<p><strong>Cztery czy nawet pi\u0119\u0107 dni zlotowych to stanowczo za ma\u0142o, aby zwiedzi\u0107 najciekawsze obiekty ziemi jeleniog\u00f3rskiej. Spo\u015br\u00f3d wielu mo\u017cliwo\u015bci wybrali\u015bmy dla uczestnik\u00f3w Centralnego Zlotu Krajoznawc\u00f3w w dniach 18\u201321 sierpnia tylko kilkana\u015bcie, bardzo r\u00f3\u017cnorodnych atrakcji. Oczywi\u015bcie jako komandor 50. jubileuszowego CZAK-a, organizowanego przez Oddzia\u0142 PTTK \u201eSudety Zachodnie\u201d w Jeleniej G\u00f3rze, odczuwam niedosyt, bo chcia\u0142oby si\u0119 pokaza\u0107 znacznie wi\u0119cej.<\/strong><\/p>\n<p>&nbsp;<\/p>\n<p>Ach, te spotkania dawno niewidzianych znajomych, te serdeczne powitania i nieko\u0144cz\u0105ce si\u0119 rozmowy! Wa\u017cne, aby podczas pierwszego dnia zlotu da\u0107 wszystkim nieco swobody, a jednocze\u015bnie zaproponowa\u0107 co\u015b wyj\u0105tkowego, co uczestnik\u00f3w zaskoczy i zainteresuje. Ze wzgl\u0119du na usytuowanie naszej bazy w Przesiece zdecydowali\u015bmy si\u0119 na pocz\u0105tku pokaza\u0107 bajecznie kolorowy \u015bwiat wyczarowany dzi\u0119ki wyrobom Huty Szk\u0142a Kryszta\u0142owego \u201eJulia\u201d w Piechowicach. Do programu dodali\u015bmy wizyt\u0119 w Centrum Muzealno-Edukacyjnym Karkonoskiego Parku Narodowego w Jeleniej G\u00f3rze, kt\u00f3re powsta\u0142o w Sobieszowie, w zabudowaniach pa\u0142acowo-gospodarczych dawnych w\u0142a\u015bcicieli tych teren\u00f3w, rodziny Schaffgotsch\u00f3w.<\/p>\n<p>Podczas 50. CZAK-u nie mog\u0142o zabrakn\u0105\u0107 jubileuszowych akcent\u00f3w. Postanowili\u015bmy przygotowa\u0107 spotkanie niesztampowe, takie, kt\u00f3re wszyscy b\u0119d\u0105 d\u0142ugo wspomina\u0107. Udali\u015bmy si\u0119 do Sza\u0142asu Sielanka przy Kamie\u0144czyku, kt\u00f3ry ma opini\u0119 miejsca magicznego. A to dzi\u0119ki w\u0142a\u015bcicielom, pa\u0144stwu Sieleckim, dzi\u0119ki ich pracy i wielkiemu sercu dla go\u015bci. To tutaj mia\u0142y miejsce powa\u017cne przem\u00f3wienia, powitania, wr\u0119czanie wyr\u00f3\u017cnie\u0144, ale i weso\u0142a zabawa. Poznali\u015bmy zwyczaje Walo\u0144czyk\u00f3w, wys\u0142uchali\u015bmy piosenek napisanych przez miejscowego lekarza-poet\u0119 w wykonaniu zespo\u0142u folkowego \u201eSzyszak\u201d.<\/p>\n<p>Drugiego dnia wybrali\u015bmy si\u0119 do Lubomierza, urokliwego miasteczka, aby obejrze\u0107 Muzeum Kargula i Pawlaka. To w\u0142a\u015bnie tu organizowany jest, ciesz\u0105cy si\u0119 wielk\u0105 popularno\u015bci\u0105, Og\u00f3lnopolski Festiwal Film\u00f3w Komediowych.<\/p>\n<p>Po drodze nie mo\u017cna by\u0142o pomin\u0105\u0107 Lw\u00f3wka \u015al\u0105skiego, jednego z najstarszych miast w Polsce. To tu dzia\u0142a nieprzerwanie od roku 1209 najstarszy w Polsce browar. Kolejna miejscowo\u015b\u0107 \u2013 Wle\u0144 \u2013 to miasto maj\u0105ce a\u017c dwa pa\u0142ace i zamek, uwa\u017cany za najstarszy murowany tego typu obiekt w Polsce. Tu uczestnicy dowiedzieli si\u0119, \u017ce w 2022 roku Rada Miasta i Gminy Wle\u0144, na wniosek Oddzia\u0142u PTTK \u201eSudety Zachodnie\u201d w Jeleniej G\u00f3rze, podj\u0119\u0142a uchwa\u0142\u0119 o nadaniu obwodnicy miasta nazwy \u201eAleja 70-lecia PTTK\u201d. Dzi\u0119ki temu 19 sierpnia 2022 roku zorganizowano uroczysto\u015b\u0107 ods\u0142oni\u0119cia tablicy z nadan\u0105 nazw\u0105 oraz tablicy informacyjnej ufundowanej przez PTTK. By\u0142a to dla wszystkich mi\u0142a niespodzianka. Uroczystego ods\u0142oni\u0119cia tablicy i przeci\u0119cia wst\u0119gi dokonali: Artur Zych, burmistrz gminy i miasta Wle\u0144, Jerzy Kap\u0142on, prezes ZG PTTK oraz Krzysztof T\u0119cza, prezes Oddzia\u0142u PTTK \u201eSudety Zachodnie\u201d w Jeleniej G\u00f3rze.<\/p>\n<p>Po jubileuszowej uroczysto\u015bci pojechali\u015bmy obejrze\u0107 wie\u017c\u0119 ksi\u0105\u017c\u0119c\u0105 w Siedl\u0119cinie, wewn\u0105trz kt\u00f3rej znajduj\u0105 si\u0119 niezwykle cenne, i to w skali \u015bwiatowej, XIV-wieczne malowid\u0142a przedstawiaj\u0105ce legend\u0119 o sir Lancelocie z Jeziora, jednym z legendarnych rycerzy kr\u00f3la Artura.<\/p>\n<p>Program trzeciego dnia zlotu by\u0142 jeszcze bogatszy, cho\u0107 mog\u0142oby si\u0119 to wydawa\u0107 niemo\u017cliwe.<\/p>\n<p>Lokalni przewodnicy oprowadzali uczestnik\u00f3w po najwi\u0119kszych pere\u0142kach regionu. Na pocz\u0105tek \u2013 Bukowiec, s\u0142awny dzi\u0119ki hrabiemu Fryderykowi von Reden, kt\u00f3ry naby\u0142 wie\u015b w 1785 roku. To rozpocz\u0119te przez niego, a doko\u0144czone po jego \u015bmierci przez \u017con\u0119 Fryderyk\u0119 za\u0142o\u017cenie romantyczne (Ornamental Farm) sta\u0142o si\u0119 dla w\u0142a\u015bcicieli s\u0105siednich posiad\u0142o\u015bci wzorem do na\u015bladowania.<\/p>\n<p>Kolejnym cacuszkiem by\u0142y Kowary, a w\u0142a\u015bciwie utworzony w 2003 roku Park Miniatur Zabytk\u00f3w Dolnego \u015al\u0105ska. Zgodnie z za\u0142o\u017ceniem jego tw\u00f3rcy park sta\u0142 si\u0119 centrum informacyjnym euroregionu. Kolejnym punktem by\u0142o pocysterskie opactwo w Krzeszowie, kompleks najwy\u017cszej klasy zabytk\u00f3w okre\u015blany mianem europejskiej per\u0142y baroku. To tutaj mo\u017cna podziwia\u0107 kunszt znakomitego malarza Micha\u0142a Willmanna, kt\u00f3rego okrzykni\u0119to \u015bl\u0105skim Rembrandtem.<\/p>\n<p>Program zako\u0144czyli\u015bmy w Che\u0142msku \u015al\u0105skim, mie\u015bcie, kt\u00f3re po ponad 700 latach utraci\u0142o prawa miejskie i ponownie sta\u0142o si\u0119 wsi\u0105 (<em>szerzej piszemy o historii tej miejscowo\u015bci na str. 13<\/em>).<\/p>\n<p>Na ostatni dzie\u0144 zlotu zaplanowali\u015bmy dwa miejsca do zwiedzenia. Pierwsze to ogr\u00f3d japo\u0144ski \u201eSiruwia\u201d w Przesiece za\u0142o\u017cony przez miejscowych przewodnik\u00f3w. Sta\u0142 si\u0119 on miejscem, do kt\u00f3rego przybywaj\u0105 niemal wszystkie wycieczki zmierzaj\u0105ce w Karkonosze. Stworzony z mi\u0142o\u015bci do pi\u0119kna zyska\u0142 miano \u201ema\u0142ej Japonii\u201d.<\/p>\n<p>Druga atrakcja to Muzeum Karkonoskie w Jeleniej G\u00f3rze, kt\u00f3re powsta\u0142o dzi\u0119ki pasjonatom zrzeszonym w Towarzystwie Karkonoskim RGV za\u0142o\u017conym w 1888 roku. Cz\u0142onkowie tego towarzystwa, chc\u0105c dzieli\u0107 si\u0119 swoimi zbiorami z miejscow\u0105 spo\u0142eczno\u015bci\u0105, wznie\u015bli gmach muzeum w 1914 roku. Dzisiaj obiekt ma najwi\u0119ksze zbiory szk\u0142a w Polsce oraz linoryty wybitnego grafika J\u00f3zefa Gielniaka. W celu uatrakcyjnienia ekspozycji przy muzeum dobudowano pomieszczenie z przeznaczeniem na laboratorium szk\u0142a. Podczas licznych warsztat\u00f3w pokazywana jest tu sztuka tworzenia pi\u0119knych wyrob\u00f3w.<\/p>\n<p>To tutaj pad\u0142o trudne do wypowiedzenia zdanie: \u201e50. Jubileuszowy Centralny Zlot Krajoznawc\u00f3w CZAK 2022 w Jeleniej G\u00f3rze uwa\u017cam za zamkni\u0119ty\u201d.<\/p>\n<p>Uczestnicy zlotu mogli si\u0119 przekona\u0107, jak bogata jest oferta turystyczna ziemi jeleniog\u00f3rskiej. Mo\u017cna tu spacerowa\u0107 pi\u0119knymi szlakami pieszymi, poznawa\u0107 okolice na rowerze, samochodem, kajakiem, ruszy\u0107 w g\u00f3ry. Mo\u017cna odwiedzi\u0107 liczne podziemia, skorzysta\u0107 z lotni, wzbi\u0107 si\u0119 w przestworza balonem, polecie\u0107 szybowcem, samolotem czy helikopterem. Albo po prostu wypocz\u0105\u0107 w licznych o\u015brodkach wypoczynkowych, schroniskach turystycznych czy gospodarstwach agroturystycznych.<\/p>\n<p>&nbsp;<\/p>\n<p>&nbsp;<\/p>\n<p><strong>\u00a0<\/strong><\/p>\n<p><strong>CZAK 2022: liczby, patronaty i wyr\u00f3\u017cnienia<\/strong><\/p>\n<ul>\n<li>W zlocie wzi\u0119\u0142o udzia\u0142 108 krajoznawc\u00f3w z 50 miejscowo\u015bci. Najwi\u0119cej os\u00f3b przyjecha\u0142o z Gda\u0144ska, \u017bar, Gdyni i Warszawy. Najstarszy uczestnik mia\u0142 85 lat, a najm\u0142odsza uczestniczka \u2013 31. Po\u0142owa go\u015bci urodzi\u0142a si\u0119 w latach 50. XX wieku.<\/li>\n<li>Centralny Zlot Krajoznawc\u00f3w zosta\u0142 wsparty finansowo i obj\u0119ty patronatem honorowym przez: marsza\u0142ka wojew\u00f3dztwa dolno\u015bl\u0105skiego Cezarego Przybylskiego, starost\u0119 powiatu karkonoskiego Krzysztofa Wi\u015bniewskiego, prezydenta Jeleniej G\u00f3ry Jerzego \u0141u\u017cniaka i prezesa ZG PTTK Jerzego Kap\u0142ona.<\/li>\n<li>Wiele instytucji udzieli\u0142o wsparcia, nie pobieraj\u0105c bilet\u00f3w wst\u0119pu. S\u0105 to: Huta \u201eJulia\u201d w Piechowicach, Karkonoski Park Narodowy, zamek Czocha, Wie\u017ca Ksi\u0105\u017c\u0119ca w Siedl\u0119cinie, Dolina Pa\u0142ac\u00f3w i Ogrod\u00f3w Kotliny Jeleniog\u00f3rskiej, Park Miniatur Zabytk\u00f3w Dolnego \u015al\u0105ska, Ogr\u00f3d Japo\u0144ski \u201eSiruwia\u201d, Muzeum Karkonoskie.<\/li>\n<li>Podczas uroczysto\u015bci otwarcia zlotu marsza\u0142ek Cezary Przybylski wr\u0119czy\u0142 dzia\u0142aczom wyr\u00f3\u017cniaj\u0105cym si\u0119 w pracy na rzecz miejscowej spo\u0142eczno\u015bci przyznane przez ministra sportu i turystyki odznaki honorowe \u201eZa Zas\u0142ugi dla Turystyki\u201d. Otrzymali je: Maria Marcinkowska, Andrzej Ciosa\u0144ski, Robert Paw\u0142owski, Arkadiusz Wichniak, Jacek Potocki i Krzysztof T\u0119cza.<\/li>\n<li>Na wniosek Oddzia\u0142u PTTK \u201eSudety Zachodnie\u201d w Jeleniej G\u00f3rze ZG PTTK przyzna\u0142 medale PTTK \u201eZa Pomoc i Wsp\u00f3\u0142prac\u0119\u201d: Cezaremu Przybylskiemu, Krzysztofowi Wi\u015bniewskiemu, Jerzemu \u0141u\u017cniakowi, Julicie Izabeli Zapruckiej, Stanis\u0142awowi Firsztowi oraz Janinie i Jerzemu Sieleckim. Medale wr\u0119czy\u0142 prezes ZG PTTK Jerzy Kap\u0142on, a asystowa\u0142 mu Dariusz Nazarczy<\/li>\n<li>W sk\u0142ad komitetu organizacyjnego zlotu weszli: Krzysztof T\u0119cza (komandor), Andrzej Mateusiak (wicekomandor), Maria Marcinkowska (sekretarz), Anna T\u0119cza (obs\u0142uga biura) oraz Ewa Parafinowicz, Janusz Turakiewicz i Janusz Milewski (obs\u0142uga techniczna).<\/li>\n<\/ul>\n<p>&nbsp;<\/p>\n<p>&nbsp;<\/p>\n<p><strong>A dla ch\u0119tnych \u2013 wycieczki przed zlotem<\/strong><\/p>\n<p>Dla tych, kt\u00f3rzy mogli przyjecha\u0107 wcze\u015bniej, aby zwiedzi\u0107 jeszcze wi\u0119cej wspania\u0142ych obiekt\u00f3w, przygotowali\u015bmy program specjalny. Uczestnicy pojechali do Cieplic \u015al\u0105skich-Zdroju, jednego z najstarszych uzdrowisk sudeckich. Widzieli Wodospad Szklarki, drugi co do wysoko\u015bci w polskich Karkonoszach, o wysoko\u015bci 13 metr\u00f3w. W \u015awieradowie-Zdroju spacerowali w krytej hali maj\u0105cej 80 metr\u00f3w d\u0142ugo\u015bci. W celu nabrania si\u0142 udali si\u0119 do Czarciego M\u0142yna w Czerniawie-Zdroju, powsta\u0142ego pod koniec XIX wieku. W dzia\u0142aj\u0105cym tu Muzeum Chleba zwiedzaj\u0105cy mog\u0105 zapozna\u0107 si\u0119 z technologi\u0105 produkcji chleba.<\/p>\n<p>Najbardziej jednak tajemniczym obiektem na trasie by\u0142 Zamek Czocha w miejscowo\u015bci Sucha nad Jeziorem Le\u015bnia\u0144skim. Historia, kt\u00f3ra przyci\u0105ga tutaj turyst\u00f3w, zaczyna si\u0119 w 1909 roku, kiedy to naby\u0142 go drezde\u0144ski przemys\u0142owiec Ernst G\u00fctschow. Cho\u0107 nie ma na to dowod\u00f3w, przyjmuje si\u0119, \u017ce w czasie II wojny \u015bwiatowej w zamku mie\u015bci\u0142a si\u0119 szko\u0142a szyfrant\u00f3w Abwehry. Temat ten by\u0142 kanw\u0105 filmu \u201eTajemnica twierdzy szyfr\u00f3w\u201d. W zamku kr\u0119cono tak\u017ce \u201eWied\u017amina\u201d. Pierwszym znanym filmem, w kt\u00f3rym zaprezentowano tajne przej\u015bcia i ukryte klatki schodowe, by\u0142 obraz \u201eGdzie jest genera\u0142?\u201d Tadeusza Chmielewskiego z 1963 roku.<\/p>\n<p>&nbsp;<\/p>\n<p>Krzysztof T\u0119cza<\/p>\n<p>&nbsp;<\/p>\n\n\t\t<style type=\"text\/css\">\n\t\t\t#gallery-1 {\n\t\t\t\tmargin: auto;\n\t\t\t}\n\t\t\t#gallery-1 .gallery-item {\n\t\t\t\tfloat: left;\n\t\t\t\tmargin-top: 10px;\n\t\t\t\ttext-align: center;\n\t\t\t\twidth: 33%;\n\t\t\t}\n\t\t\t#gallery-1 img {\n\t\t\t\tborder: 2px solid #cfcfcf;\n\t\t\t}\n\t\t\t#gallery-1 .gallery-caption {\n\t\t\t\tmargin-left: 0;\n\t\t\t}\n\t\t\t\/* see gallery_shortcode() in wp-includes\/media.php *\/\n\t\t<\/style>\n\t\t<div id='gallery-1' class='gallery galleryid-28067 gallery-columns-3 gallery-size-thumbnail'><dl class='gallery-item'>\n\t\t\t<dt class='gallery-icon landscape'>\n\t\t\t\t<a href='https:\/\/turysta2.pttk.pl\/?attachment_id=28068'><img loading=\"lazy\" decoding=\"async\" width=\"150\" height=\"150\" src=\"https:\/\/turysta2.pttk.pl\/wp-content\/uploads\/2022\/10\/1.-Fot.-K.-Tecza--150x150.jpg\" class=\"attachment-thumbnail size-thumbnail\" alt=\"\" \/><\/a>\n\t\t\t<\/dt><\/dl><dl class='gallery-item'>\n\t\t\t<dt class='gallery-icon landscape'>\n\t\t\t\t<a href='https:\/\/turysta2.pttk.pl\/?attachment_id=28069'><img loading=\"lazy\" decoding=\"async\" width=\"150\" height=\"150\" src=\"https:\/\/turysta2.pttk.pl\/wp-content\/uploads\/2022\/10\/2.-fot.-Andrzej-Mateusiak--150x150.jpg\" class=\"attachment-thumbnail size-thumbnail\" alt=\"\" \/><\/a>\n\t\t\t<\/dt><\/dl><dl class='gallery-item'>\n\t\t\t<dt class='gallery-icon landscape'>\n\t\t\t\t<a href='https:\/\/turysta2.pttk.pl\/?attachment_id=28070'><img loading=\"lazy\" decoding=\"async\" width=\"150\" height=\"150\" src=\"https:\/\/turysta2.pttk.pl\/wp-content\/uploads\/2022\/10\/3.-fot.-K.-Tecza-150x150.jpg\" class=\"attachment-thumbnail size-thumbnail\" alt=\"\" \/><\/a>\n\t\t\t<\/dt><\/dl><br style=\"clear: both\" \/><dl class='gallery-item'>\n\t\t\t<dt class='gallery-icon landscape'>\n\t\t\t\t<a href='https:\/\/turysta2.pttk.pl\/?attachment_id=28071'><img loading=\"lazy\" decoding=\"async\" width=\"150\" height=\"150\" src=\"https:\/\/turysta2.pttk.pl\/wp-content\/uploads\/2022\/10\/4.-Fot.-K.-Tecza--150x150.jpg\" class=\"attachment-thumbnail size-thumbnail\" alt=\"\" \/><\/a>\n\t\t\t<\/dt><\/dl><dl class='gallery-item'>\n\t\t\t<dt class='gallery-icon landscape'>\n\t\t\t\t<a href='https:\/\/turysta2.pttk.pl\/?attachment_id=28072'><img loading=\"lazy\" decoding=\"async\" width=\"150\" height=\"150\" src=\"https:\/\/turysta2.pttk.pl\/wp-content\/uploads\/2022\/10\/5.-Fot.-K.-Tecza--150x150.jpg\" class=\"attachment-thumbnail size-thumbnail\" alt=\"\" \/><\/a>\n\t\t\t<\/dt><\/dl><dl class='gallery-item'>\n\t\t\t<dt class='gallery-icon landscape'>\n\t\t\t\t<a href='https:\/\/turysta2.pttk.pl\/?attachment_id=28073'><img loading=\"lazy\" decoding=\"async\" width=\"150\" height=\"150\" src=\"https:\/\/turysta2.pttk.pl\/wp-content\/uploads\/2022\/10\/6.-Fot.-K-Tecza--150x150.jpg\" class=\"attachment-thumbnail size-thumbnail\" alt=\"\" \/><\/a>\n\t\t\t<\/dt><\/dl><br style=\"clear: both\" \/><dl class='gallery-item'>\n\t\t\t<dt class='gallery-icon landscape'>\n\t\t\t\t<a href='https:\/\/turysta2.pttk.pl\/?attachment_id=28074'><img loading=\"lazy\" decoding=\"async\" width=\"150\" height=\"150\" src=\"https:\/\/turysta2.pttk.pl\/wp-content\/uploads\/2022\/10\/7.-K.-Tecza--150x150.jpg\" class=\"attachment-thumbnail size-thumbnail\" alt=\"\" \/><\/a>\n\t\t\t<\/dt><\/dl><dl class='gallery-item'>\n\t\t\t<dt class='gallery-icon landscape'>\n\t\t\t\t<a href='https:\/\/turysta2.pttk.pl\/?attachment_id=28075'><img loading=\"lazy\" decoding=\"async\" width=\"150\" height=\"150\" src=\"https:\/\/turysta2.pttk.pl\/wp-content\/uploads\/2022\/10\/FOT.-.-Andrzej-Mateusiak-150x150.jpg\" class=\"attachment-thumbnail size-thumbnail\" alt=\"\" \/><\/a>\n\t\t\t<\/dt><\/dl><dl class='gallery-item'>\n\t\t\t<dt class='gallery-icon landscape'>\n\t\t\t\t<a href='https:\/\/turysta2.pttk.pl\/?attachment_id=28076'><img loading=\"lazy\" decoding=\"async\" width=\"150\" height=\"150\" src=\"https:\/\/turysta2.pttk.pl\/wp-content\/uploads\/2022\/10\/LOGA-150x150.jpg\" class=\"attachment-thumbnail size-thumbnail\" alt=\"\" \/><\/a>\n\t\t\t<\/dt><\/dl><br style=\"clear: both\" \/>\n\t\t<\/div>\n\n<p><strong>Krzysztof T\u0119cza<\/strong><\/p>\n<p><strong>Zas\u0142u\u017cony instruktor krajoznawstwa, przodownik turystyki pieszej i g\u00f3rskiej, regionalista, prezes Oddzia\u0142u\u00a0 \u201eSudety Zachodnie\u201d w Jeleniej G\u00f3rze.<\/p>\n<p><\/strong><\/p>\n<ol>\n<li>Jednym z punkt\u00f3w programu by\u0142a wizyta w Muzeum Karkonoskim<\/li>\n<li>Uroczyste nadanie obwodnicy nazwy \u201eAlei 70-lecia PTTK\u201d; wst\u0119g\u0119 przecinaj\u0105: Jerzy Kap\u0142on, prezes ZG PTTK, Artur Zych, burmistrz gminy i miasta Wle\u0144 i Krzysztof T\u0119cza, prezes O\/PTTK \u201eSudety Zachodnie\u201d w Jeleniej G\u00f3rze<strong> (fot. Andrzej Mateusiak)\n<p><\/strong><\/li>\n<li>Przy mikrofonie Jerzy Kap\u0142on, prezes ZG PTTK; od lewej: Jerzy \u0141u\u017cniak, prezydent Jeleniej G\u00f3ry, Cezary Przybylski, marsza\u0142ek wojew\u00f3dztwa dolno\u015bl\u0105skiego, Julita Izabela Zaprucka, dyrektor Muzeum Karkonoskiego w Jeleniej G\u00f3rze i Krzysztof Wi\u015bniewski, starosta powiatu karkonoskiego<\/li>\n<li>Cz\u0142onkowie Sudeckiego Bractwa Walo\u0144skiego podczas zlotowej imprezy w sza\u0142asie Sielanka przy wodospadzie Kamie\u0144czyka<\/li>\n<li>Du\u017cym zainteresowaniem cieszy\u0142a si\u0119 wystawa zbior\u00f3w kolekcjonerskich uczestnik\u00f3w zlotu<\/li>\n<li>Na handpanie gra\u0142 Jaros\u0142aw Szczy\u017cowski, przewodnik sudecki<\/li>\n<li>Podczas wycieczki do Ogrodu Japo\u0144skiego \u201eSiruwia\u201d w Przesiece nie dopisa\u0142a pogoda<\/li>\n<\/ol>\n","protected":false},"excerpt":{"rendered":"CZAK 2022 na ziemi jeleniog\u00f3rskiej &nbsp; Cztery czy nawet pi\u0119\u0107 dni zlotowych to stanowczo za ma\u0142o, aby zwiedzi\u0107 najciekawsze obiekty ziemi jeleniog\u00f3rskiej. Spo\u015br\u00f3d wielu mo\u017cliwo\u015bci wybrali\u015bmy dla uczestnik\u00f3w Centralnego Zlotu Krajoznawc\u00f3w w dniach 18\u201321 sierpnia tylko kilkana\u015bcie, bardzo r\u00f3\u017cnorodnych atrakcji. Oczywi\u015bcie jako komandor 50. jubileuszowego CZAK-a, organizowanego przez Oddzia\u0142 PTTK \u201eSudety Zachodnie\u201d w Jeleniej G\u00f3rze, odczuwam niedosyt, bo chcia\u0142oby si\u0119&nbsp;<a href=\"https:\/\/turysta2.pttk.pl\/?p=28067\" class=\"read-more\">Continue Reading<\/a>","protected":false},"author":4,"featured_media":28068,"comment_status":"closed","ping_status":"closed","sticky":false,"template":"","format":"standard","meta":{"footnotes":""},"categories":[68,41],"tags":[],"class_list":["post-28067","post","type-post","status-publish","format-standard","has-post-thumbnail","hentry","category-turystyka-piesza","category-turystyka-pttk","cat-68-id","cat-41-id"],"aioseo_notices":[],"_links":{"self":[{"href":"https:\/\/turysta2.pttk.pl\/index.php?rest_route=\/wp\/v2\/posts\/28067","targetHints":{"allow":["GET"]}}],"collection":[{"href":"https:\/\/turysta2.pttk.pl\/index.php?rest_route=\/wp\/v2\/posts"}],"about":[{"href":"https:\/\/turysta2.pttk.pl\/index.php?rest_route=\/wp\/v2\/types\/post"}],"author":[{"embeddable":true,"href":"https:\/\/turysta2.pttk.pl\/index.php?rest_route=\/wp\/v2\/users\/4"}],"replies":[{"embeddable":true,"href":"https:\/\/turysta2.pttk.pl\/index.php?rest_route=%2Fwp%2Fv2%2Fcomments&post=28067"}],"version-history":[{"count":1,"href":"https:\/\/turysta2.pttk.pl\/index.php?rest_route=\/wp\/v2\/posts\/28067\/revisions"}],"predecessor-version":[{"id":28077,"href":"https:\/\/turysta2.pttk.pl\/index.php?rest_route=\/wp\/v2\/posts\/28067\/revisions\/28077"}],"wp:featuredmedia":[{"embeddable":true,"href":"https:\/\/turysta2.pttk.pl\/index.php?rest_route=\/wp\/v2\/media\/28068"}],"wp:attachment":[{"href":"https:\/\/turysta2.pttk.pl\/index.php?rest_route=%2Fwp%2Fv2%2Fmedia&parent=28067"}],"wp:term":[{"taxonomy":"category","embeddable":true,"href":"https:\/\/turysta2.pttk.pl\/index.php?rest_route=%2Fwp%2Fv2%2Fcategories&post=28067"},{"taxonomy":"post_tag","embeddable":true,"href":"https:\/\/turysta2.pttk.pl\/index.php?rest_route=%2Fwp%2Fv2%2Ftags&post=28067"}],"curies":[{"name":"wp","href":"https:\/\/api.w.org\/{rel}","templated":true}]}}