{"id":28063,"date":"2022-10-11T18:53:05","date_gmt":"2022-10-11T16:53:05","guid":{"rendered":"https:\/\/turysta2.pttk.pl\/?p=28063"},"modified":"2023-03-27T11:35:49","modified_gmt":"2023-03-27T09:35:49","slug":"motorowcy-w-podlesicach","status":"publish","type":"post","link":"https:\/\/turysta2.pttk.pl\/?p=28063","title":{"rendered":"Motorowcy w Podlesicach"},"content":{"rendered":"<p><strong>M<\/strong><strong>otorowcy<\/strong><strong> w Podlesicach<\/strong><\/p>\n<p><strong>\u00a0<\/strong><\/p>\n<p>20\u201322 maja 2022 r. w jurajskich Podlesicach odby\u0142 si\u0119 52. Centralny Zlot Turyst\u00f3w Motorowych PTTK. Imprez\u0119 przygotowali organizatorzy zrzeszeni w Klubie Turystyki Motorowej \u201eTajfun\u201d dzia\u0142aj\u0105cym w strukturze Oddzia\u0142u PTTK w Poraju, Zlotem pokierowa\u0142 komandor, a zarazem prezes oddzia\u0142u, Micha\u0142 Ca\u0142ka.<\/p>\n<p>Na imprez\u0119 przyby\u0142o 76 os\u00f3b, w\u015br\u00f3d nich cz\u0142onkowie Komisji Turystyki Motorowej ZG PTTK i jej przewodnicz\u0105cy Jan Popiel. Najliczniejsz\u0105 ekip\u0105 by\u0142 zesp\u00f3\u0142 z D\u0105browskiego Klubu Turystyki Motorowej PTTK w D\u0105browie G\u00f3rniczej kierowany przez prezesa tamtejszego Oddzia\u0142u PTTK Piotra Targowskiego.<\/p>\n<p>Tury\u015bci zwiedzili odkryt\u0105 w 1942 roku jaskini\u0119 G\u0142\u0119bok\u0105 zlokalizowan\u0105 w rezerwacie przyrody nieo\u017cywionej \u201eG\u00f3ra Zbor\u00f3w\u2019, byli na wystawie kamieni w Centrum Dziedzictwa Przyrodniczego i Kulturowego Jury w Podlesicach, a tak\u017ce w Kromo\u0142owie, by obejrze\u0107 \u017ar\u00f3d\u0142o Warty. Pokonuj\u0105c liczne schody i strome wzniesienia, dotarli do bliskich sercu ka\u017cdego cz\u0142onka PTTK monumentalnych ruin zamku ogrodzienieckiego w Podzamczu. Nie omieszkali te\u017c odwiedzi\u0107 odnowionych mur\u00f3w zamkowych g\u00f3ruj\u0105cych nad rezerwatem przyrody \u201eSmole\u0144\u201d.<\/p>\n<p>W trakcie zlotu odby\u0142o si\u0119 posiedzenie g\u0142\u00f3wnej Komisji Turystyki Motorowej. Odby\u0142 si\u0119 te\u017c egzamin dla kandydat\u00f3w na przodownika, kt\u00f3ry z pozytywnym wynikiem z\u0142o\u017cy\u0142o sze\u015b\u0107 os\u00f3b. Narady zdominowa\u0142y kwestie zbli\u017caj\u0105cej si\u0119 konferencji sprawozdawczo-wyborczej \u015brodowiska motorowego wst\u0119pnie zaplanowanej na marzec 2023 roku w \u0141odzi.<\/p>\n<p>Zlot zako\u0144czono wr\u0119czeniem wyr\u00f3\u017cnie\u0144. Upominkami obdarowano najm\u0142odsze turystki i najbardziej do\u015bwiadczon\u0105. W\u00f3jt gminy Poraj, Katarzyna Kazimierczak, wr\u0119czy\u0142 puchary: zwyci\u0119zcy wieloboju konkursowego Antoniemu Kubikowi z Pszczyny, zdobywcom II miejsca Renacie Wilczy\u0144skiej i Paw\u0142owi Ku\u015bmierczykowi z D\u0105browy G\u00f3rniczej oraz III miejsca Ma\u0142gorzacie i Ferdynandowi Jab\u0142o\u0144skim z Torunia.<\/p>\n<p>Puchary dla najlepszych klub\u00f3w w dorocznym wsp\u00f3\u0142zawodnictwie zespo\u0142owym za 2021 rok uzyska\u0142y: I miejsce \u2013 KTM PTTK \u201eTajfun\u201d Poraj, II miejsce \u2013 D\u0105browski Klub Turystyki Motorowej PTTK w D\u0105browie G\u00f3rniczej, III miejsce \u2013 KTM PTTK \u201eFlisak\u201d w Toruniu.<\/p>\n<p><strong><em>\u00a0<\/em><\/strong><\/p>\n<p><strong><em>Tekst i zdj\u0119cia<\/em><\/strong><strong> Marian Kotarski <\/strong><\/p>\n<p><strong>\u00a0<\/strong><\/p>\n\n\t\t<style type=\"text\/css\">\n\t\t\t#gallery-1 {\n\t\t\t\tmargin: auto;\n\t\t\t}\n\t\t\t#gallery-1 .gallery-item {\n\t\t\t\tfloat: left;\n\t\t\t\tmargin-top: 10px;\n\t\t\t\ttext-align: center;\n\t\t\t\twidth: 33%;\n\t\t\t}\n\t\t\t#gallery-1 img {\n\t\t\t\tborder: 2px solid #cfcfcf;\n\t\t\t}\n\t\t\t#gallery-1 .gallery-caption {\n\t\t\t\tmargin-left: 0;\n\t\t\t}\n\t\t\t\/* see gallery_shortcode() in wp-includes\/media.php *\/\n\t\t<\/style>\n\t\t<div id='gallery-1' class='gallery galleryid-28063 gallery-columns-3 gallery-size-thumbnail'><dl class='gallery-item'>\n\t\t\t<dt class='gallery-icon landscape'>\n\t\t\t\t<a href='https:\/\/turysta2.pttk.pl\/?attachment_id=28064'><img loading=\"lazy\" decoding=\"async\" width=\"150\" height=\"150\" src=\"https:\/\/turysta2.pttk.pl\/wp-content\/uploads\/2022\/10\/1.-Smolen-zamek-fot.-Marian-Kotarski--150x150.jpg\" class=\"attachment-thumbnail size-thumbnail\" alt=\"\" \/><\/a>\n\t\t\t<\/dt><\/dl><dl class='gallery-item'>\n\t\t\t<dt class='gallery-icon landscape'>\n\t\t\t\t<a href='https:\/\/turysta2.pttk.pl\/?attachment_id=28065'><img loading=\"lazy\" decoding=\"async\" width=\"150\" height=\"150\" src=\"https:\/\/turysta2.pttk.pl\/wp-content\/uploads\/2022\/10\/2.-Podlesice-fot.-Marian-Kotarski--150x150.jpg\" class=\"attachment-thumbnail size-thumbnail\" alt=\"\" \/><\/a>\n\t\t\t<\/dt><\/dl>\n\t\t\t<br style='clear: both' \/>\n\t\t<\/div>\n\n<p><strong>\u00a0<\/strong><\/p>\n<p><strong>Podpisy pod zdj\u0119cia <\/strong><\/p>\n<ol>\n<li>Motorowcy, tym razem pieszo, zwiedzaj\u0105 zamek w Smoleniu<\/li>\n<li>Przygotowania do zwiedzenia jaskini G\u0142\u0119bokiej w Podlesicach nadzoruje komandor zlotu Micha\u0142 Ca\u0142ka<\/li>\n<\/ol>\n<p>&nbsp;<\/p>\n<p><strong>\u00a0<\/strong><\/p>\n<p><strong>Marian Kotarski<\/strong><\/p>\n<p><strong>Pasjonat turystyki rowerowej, prezes Klubu PTTK M2 w Myszkowie.<\/strong><\/p>\n","protected":false},"excerpt":{"rendered":"Motorowcy w Podlesicach \u00a0 20\u201322 maja 2022 r. w jurajskich Podlesicach odby\u0142 si\u0119 52. Centralny Zlot Turyst\u00f3w Motorowych PTTK. Imprez\u0119 przygotowali organizatorzy zrzeszeni w Klubie Turystyki Motorowej \u201eTajfun\u201d dzia\u0142aj\u0105cym w strukturze Oddzia\u0142u PTTK w Poraju, Zlotem pokierowa\u0142 komandor, a zarazem prezes oddzia\u0142u, Micha\u0142 Ca\u0142ka. Na imprez\u0119 przyby\u0142o 76 os\u00f3b, w\u015br\u00f3d nich cz\u0142onkowie Komisji Turystyki Motorowej ZG PTTK i jej przewodnicz\u0105cy&nbsp;<a href=\"https:\/\/turysta2.pttk.pl\/?p=28063\" class=\"read-more\">Continue Reading<\/a>","protected":false},"author":4,"featured_media":28064,"comment_status":"closed","ping_status":"closed","sticky":false,"template":"","format":"standard","meta":{"footnotes":""},"categories":[74,41],"tags":[],"class_list":["post-28063","post","type-post","status-publish","format-standard","has-post-thumbnail","hentry","category-turystyka-motorowa","category-turystyka-pttk","cat-74-id","cat-41-id"],"aioseo_notices":[],"_links":{"self":[{"href":"https:\/\/turysta2.pttk.pl\/index.php?rest_route=\/wp\/v2\/posts\/28063","targetHints":{"allow":["GET"]}}],"collection":[{"href":"https:\/\/turysta2.pttk.pl\/index.php?rest_route=\/wp\/v2\/posts"}],"about":[{"href":"https:\/\/turysta2.pttk.pl\/index.php?rest_route=\/wp\/v2\/types\/post"}],"author":[{"embeddable":true,"href":"https:\/\/turysta2.pttk.pl\/index.php?rest_route=\/wp\/v2\/users\/4"}],"replies":[{"embeddable":true,"href":"https:\/\/turysta2.pttk.pl\/index.php?rest_route=%2Fwp%2Fv2%2Fcomments&post=28063"}],"version-history":[{"count":1,"href":"https:\/\/turysta2.pttk.pl\/index.php?rest_route=\/wp\/v2\/posts\/28063\/revisions"}],"predecessor-version":[{"id":28066,"href":"https:\/\/turysta2.pttk.pl\/index.php?rest_route=\/wp\/v2\/posts\/28063\/revisions\/28066"}],"wp:featuredmedia":[{"embeddable":true,"href":"https:\/\/turysta2.pttk.pl\/index.php?rest_route=\/wp\/v2\/media\/28064"}],"wp:attachment":[{"href":"https:\/\/turysta2.pttk.pl\/index.php?rest_route=%2Fwp%2Fv2%2Fmedia&parent=28063"}],"wp:term":[{"taxonomy":"category","embeddable":true,"href":"https:\/\/turysta2.pttk.pl\/index.php?rest_route=%2Fwp%2Fv2%2Fcategories&post=28063"},{"taxonomy":"post_tag","embeddable":true,"href":"https:\/\/turysta2.pttk.pl\/index.php?rest_route=%2Fwp%2Fv2%2Ftags&post=28063"}],"curies":[{"name":"wp","href":"https:\/\/api.w.org\/{rel}","templated":true}]}}