{"id":27992,"date":"2022-10-11T17:49:17","date_gmt":"2022-10-11T15:49:17","guid":{"rendered":"https:\/\/turysta2.pttk.pl\/?p=27992"},"modified":"2023-03-27T11:36:39","modified_gmt":"2023-03-27T09:36:39","slug":"zjazd-milosnikow-fotografii-w-malborku","status":"publish","type":"post","link":"https:\/\/turysta2.pttk.pl\/?p=27992","title":{"rendered":"Zjazd Mi\u0142o\u015bnik\u00f3w Fotografii w Malborku"},"content":{"rendered":"<p><strong>Dla mi\u0142o\u015bnik\u00f3w fotografii<\/strong><\/p>\n<p>II Og\u00f3lnopolski Zjazd Klub\u00f3w i Komisji Fotografii Krajoznawczych odb\u0119dzie si\u0119 w dniach 14\u201316 pa\u017adziernika w Malborku. Program zjazdu przewiduje m.in. plenery fotograficzne w Muzeum Zamkowym w Malborku i \u017bu\u0142awach Malborskich, zwiedzanie okolicy, spotkanie integracyjne przy ognisku<strong>.<\/strong><\/p>\n<p>Organizatorem imprezy jest Oddzia\u0142 Przewodnicki PTTK\u00a0 im. Stefana Dubyny w Malborku, wsp\u00f3\u0142organizatorem \u2013 Komisja Fotografii Krajoznawczej ZG PTTK. W sprawie zjazdu nale\u017cy kontaktowa\u0107 si\u0119 z Bogdanem M\u0105derem, e-mail: bmader@wp.pl<\/p>\n<p><a href=\"https:\/\/turysta2.pttk.pl\/wp-content\/uploads\/2022\/10\/plakacik.png\"><img loading=\"lazy\" decoding=\"async\" class=\"alignnone size-medium wp-image-27993\" src=\"https:\/\/turysta2.pttk.pl\/wp-content\/uploads\/2022\/10\/plakacik-300x212.png\" alt=\"\" width=\"300\" height=\"212\" srcset=\"https:\/\/turysta2.pttk.pl\/wp-content\/uploads\/2022\/10\/plakacik-300x212.png 300w, https:\/\/turysta2.pttk.pl\/wp-content\/uploads\/2022\/10\/plakacik-1024x724.png 1024w, https:\/\/turysta2.pttk.pl\/wp-content\/uploads\/2022\/10\/plakacik-768x543.png 768w, https:\/\/turysta2.pttk.pl\/wp-content\/uploads\/2022\/10\/plakacik-1536x1086.png 1536w, https:\/\/turysta2.pttk.pl\/wp-content\/uploads\/2022\/10\/plakacik.png 2048w\" sizes=\"auto, (max-width: 300px) 100vw, 300px\" \/><\/a><\/p>\n","protected":false},"excerpt":{"rendered":"Dla mi\u0142o\u015bnik\u00f3w fotografii II Og\u00f3lnopolski Zjazd Klub\u00f3w i Komisji Fotografii Krajoznawczych odb\u0119dzie si\u0119 w dniach 14\u201316 pa\u017adziernika w Malborku. Program zjazdu przewiduje m.in. plenery fotograficzne w Muzeum Zamkowym w Malborku i \u017bu\u0142awach Malborskich, zwiedzanie okolicy, spotkanie integracyjne przy ognisku. Organizatorem imprezy jest Oddzia\u0142 Przewodnicki PTTK\u00a0 im. Stefana Dubyny w Malborku, wsp\u00f3\u0142organizatorem \u2013 Komisja Fotografii Krajoznawczej ZG PTTK. W sprawie zjazdu&nbsp;<a href=\"https:\/\/turysta2.pttk.pl\/?p=27992\" class=\"read-more\">Continue Reading<\/a>","protected":false},"author":4,"featured_media":27993,"comment_status":"closed","ping_status":"closed","sticky":false,"template":"","format":"standard","meta":{"footnotes":""},"categories":[90,11],"tags":[],"class_list":["post-27992","post","type-post","status-publish","format-standard","has-post-thumbnail","hentry","category-kalendarz-imprez","category-turysta-poleca","cat-90-id","cat-11-id"],"aioseo_notices":[],"_links":{"self":[{"href":"https:\/\/turysta2.pttk.pl\/index.php?rest_route=\/wp\/v2\/posts\/27992","targetHints":{"allow":["GET"]}}],"collection":[{"href":"https:\/\/turysta2.pttk.pl\/index.php?rest_route=\/wp\/v2\/posts"}],"about":[{"href":"https:\/\/turysta2.pttk.pl\/index.php?rest_route=\/wp\/v2\/types\/post"}],"author":[{"embeddable":true,"href":"https:\/\/turysta2.pttk.pl\/index.php?rest_route=\/wp\/v2\/users\/4"}],"replies":[{"embeddable":true,"href":"https:\/\/turysta2.pttk.pl\/index.php?rest_route=%2Fwp%2Fv2%2Fcomments&post=27992"}],"version-history":[{"count":1,"href":"https:\/\/turysta2.pttk.pl\/index.php?rest_route=\/wp\/v2\/posts\/27992\/revisions"}],"predecessor-version":[{"id":27994,"href":"https:\/\/turysta2.pttk.pl\/index.php?rest_route=\/wp\/v2\/posts\/27992\/revisions\/27994"}],"wp:featuredmedia":[{"embeddable":true,"href":"https:\/\/turysta2.pttk.pl\/index.php?rest_route=\/wp\/v2\/media\/27993"}],"wp:attachment":[{"href":"https:\/\/turysta2.pttk.pl\/index.php?rest_route=%2Fwp%2Fv2%2Fmedia&parent=27992"}],"wp:term":[{"taxonomy":"category","embeddable":true,"href":"https:\/\/turysta2.pttk.pl\/index.php?rest_route=%2Fwp%2Fv2%2Fcategories&post=27992"},{"taxonomy":"post_tag","embeddable":true,"href":"https:\/\/turysta2.pttk.pl\/index.php?rest_route=%2Fwp%2Fv2%2Ftags&post=27992"}],"curies":[{"name":"wp","href":"https:\/\/api.w.org\/{rel}","templated":true}]}}