{"id":27983,"date":"2022-10-11T17:47:20","date_gmt":"2022-10-11T15:47:20","guid":{"rendered":"https:\/\/turysta2.pttk.pl\/?p=27983"},"modified":"2023-03-27T11:36:40","modified_gmt":"2023-03-27T09:36:40","slug":"o-kosciele-ktory-powstal-w-jedna-noc","status":"publish","type":"post","link":"https:\/\/turysta2.pttk.pl\/?p=27983","title":{"rendered":"O ko\u015bciele, kt\u00f3ry powsta\u0142 w jedn\u0105 noc"},"content":{"rendered":"<p><strong>O ko\u015bciele, kt\u00f3ry powsta\u0142 w jedn\u0105 noc<\/strong><\/p>\n<p><strong>Mieszka\u0144cy Ci\u015bca od dawna pragn\u0119li mie\u0107 w\u0142asny ko\u015bci\u00f3\u0142, bo do parafialnego w Mil\u00f3wce trzeba by\u0142o chodzi\u0107 5\u20137 kilometr\u00f3w. Starania nabra\u0142y tempa, gdy<\/strong><strong> do Mil\u00f3wki trafi\u0142 w 1971 roku m\u0142ody ksi\u0105dz, W\u0142adys\u0142aw Nowobilski. <\/strong><strong>\u2013 Wysy\u0142ali\u015bmy wnioski do r\u00f3\u017cnych urz\u0119d\u00f3w w Krakowie i \u017bywcu, ci\u0105gle jednak otrzymywali\u015bmy odmowy, dlatego wymy\u015blili\u015bmy, \u017ce stworzymy kaplic\u0119 w domu mieszkalnym \u2013 wspomina dzisiaj. <\/strong><\/p>\n<p>&nbsp;<\/p>\n<p>Wyb\u00f3r pad\u0142 na star\u0105 piekarni\u0119, niestety budynek nie nadawa\u0142 si\u0119 do przerobienia i komitet mieszka\u0144c\u00f3w postanowi\u0142 wybudowa\u0107 kaplic\u0119 od podstaw. Parcel\u0119 na ten cel oddali Maria i W\u0142adys\u0142aw \u015aleziakowie. Wykonano plan budynku z dwoma mieszkaniami i tak\u0105 dokumentacj\u0119 przes\u0142ano w\u0142adzom, nie zdradzaj\u0105c przeznaczenia obiektu. By\u0142a wiosna 1972 roku, wylano ju\u017c fundamenty i postawiono jedn\u0105 \u015bcian\u0119. Niestety, kto\u015b doni\u00f3s\u0142 bezpiece, co naprawd\u0119 planuj\u0105 w Ci\u015bcu. Urz\u0119dnicy zakazali dalszej budowy pod pretekstem jej niezgodno\u015bci z projektem. W\u0142a\u015bciciela gruntu pr\u00f3bowano przekona\u0107, aby odsprzeda\u0142 teren wraz z rozpocz\u0119t\u0105 inwestycj\u0105. W ko\u0144cu w\u0142adze postawi\u0142y ultimatum: odsprzeda\u017c albo rozbi\u00f3rka.<\/p>\n<p>\u2013 Opatrzno\u015b\u0107 sprawi\u0142a, \u017ce w tym czasie spotka\u0142em na rekolekcjach ks. Mariana Przewrockiego z diecezji przemyskiej \u2013 opowiada ks. Nowobilski. \u2013 Kilka miesi\u0119cy wcze\u015bniej bez zezwolenia w\u0142adz w ci\u0105gu 24 godzin wybudowa\u0142 u siebie kaplic\u0119 na przygotowanych ju\u017c wcze\u015bniej fundamentach. To samo postanowili\u015bmy zrobi\u0107 u nas.<\/p>\n<p>W tajemnicy zacz\u0119to gromadzi\u0107 materia\u0142y budowlane, jednak skala przygotowa\u0144 by\u0142a du\u017ca, wi\u0119c i tym razem w\u0142adza o wszystkim dowiedzia\u0142a si\u0119 z donos\u00f3w. Urz\u0119dnicy z gminy grozili\u00a0 mieszka\u0144com Ci\u015bca wysokimi grzywnami, je\u017celi b\u0119d\u0105 pomaga\u0107 przy budowie \u015bwi\u0105tyni. We wsi pojawi\u0142y si\u0119 patrole milicji. Mimo takiej atmosfery nie zaniechano budowy, zmieniono tylko jej termin. Dat\u0119 zna\u0142o niewiele os\u00f3b.<\/p>\n<p>5 listopada 1972 roku ks. W\u0142adys\u0142aw Nowobilski odprawi\u0142 rano msz\u0119 \u015bwi\u0119t\u0105, a po jej zako\u0144czeniu od prowizorycznego o\u0142tarza wezwa\u0142 mieszka\u0144c\u00f3w do pracy. I ludzie z entuzjazmem zabrali si\u0119 do budowy. Zaskoczenie dla w\u0142adzy by\u0142o ogromne, ko\u0142o po\u0142udnia pojawi\u0142a si\u0119 milicja i bezpieka, nakazali przerwanie budowy. Na pr\u00f3\u017cno. Nawet kiedy wy\u0142\u0105czono we wsi pr\u0105d, mieszka\u0144cy budowali dalej przy pochodniach i pal\u0105cych si\u0119 oponach. Po 24 godzinach stan\u0119\u0142y mury o 5,5-metrowej wysoko\u015bci, a na nich zawis\u0142a gotowa wi\u0119\u017aba. Ludzie m\u00f3wili, \u017ce to po prostu cud.<\/p>\n<p>W\u0142adza kaza\u0142a rozebra\u0107 ko\u015bci\u00f3\u0142, ale ludzie w Ci\u015bcu postanowili go chroni\u0107 i przez dwa lata ka\u017cdej nocy pe\u0142nili warty. By\u0142y gro\u017aby, grzywny, kary s\u0105dowe. W\u0142adze zwraca\u0142y si\u0119 nawet do kurii, aby nakaza\u0142a zamkn\u0105\u0107 kaplic\u0119, ale tu mieszka\u0144cy Ci\u015bca mogli liczy\u0107 na wsparcie kardyna\u0142a Karola Wojty\u0142y. W roku 1973 odwiedza\u0142 ko\u015bci\u00f3\u0142 dwukrotnie, a 1977 roku dokona\u0142 uroczystej konsekracji o\u0142tarza. Wreszcie w 1979 roku w\u0142adze si\u0119 podda\u0142y i dosz\u0142o do legalizacji inwestycji.<\/p>\n<p>Ks. pra\u0142at W\u0142adys\u0142aw Nowobilski jest ju\u017c na emeryturze, ale nadal bardzo mocno anga\u017cuje si\u0119 w rozw\u00f3j ko\u015bcio\u0142a i zajmuj\u0105co opowiada histori\u0119 o cudzie, kt\u00f3rego, jak twierdzi, do\u015bwiadczy\u0142 50 lat temu wraz ze wszystkimi mieszka\u0144cami Ci\u015bca.<\/p>\n<p><strong><em>Tekst i zdj\u0119cia<\/em><\/strong><strong> Andrzej Kowol<\/strong><\/p>\n\n\t\t<style type=\"text\/css\">\n\t\t\t#gallery-1 {\n\t\t\t\tmargin: auto;\n\t\t\t}\n\t\t\t#gallery-1 .gallery-item {\n\t\t\t\tfloat: left;\n\t\t\t\tmargin-top: 10px;\n\t\t\t\ttext-align: center;\n\t\t\t\twidth: 33%;\n\t\t\t}\n\t\t\t#gallery-1 img {\n\t\t\t\tborder: 2px solid #cfcfcf;\n\t\t\t}\n\t\t\t#gallery-1 .gallery-caption {\n\t\t\t\tmargin-left: 0;\n\t\t\t}\n\t\t\t\/* see gallery_shortcode() in wp-includes\/media.php *\/\n\t\t<\/style>\n\t\t<div id='gallery-1' class='gallery galleryid-27983 gallery-columns-3 gallery-size-thumbnail'><dl class='gallery-item'>\n\t\t\t<dt class='gallery-icon landscape'>\n\t\t\t\t<a href='https:\/\/turysta2.pttk.pl\/?attachment_id=27984'><img loading=\"lazy\" decoding=\"async\" width=\"150\" height=\"150\" src=\"https:\/\/turysta2.pttk.pl\/wp-content\/uploads\/2022\/10\/fot.-A.-Kowol-150x150.jpg\" class=\"attachment-thumbnail size-thumbnail\" alt=\"\" \/><\/a>\n\t\t\t<\/dt><\/dl><dl class='gallery-item'>\n\t\t\t<dt class='gallery-icon landscape'>\n\t\t\t\t<a href='https:\/\/turysta2.pttk.pl\/?attachment_id=27985'><img loading=\"lazy\" decoding=\"async\" width=\"150\" height=\"150\" src=\"https:\/\/turysta2.pttk.pl\/wp-content\/uploads\/2022\/10\/fot.-A.-Kowol-JPG1-150x150.jpg\" class=\"attachment-thumbnail size-thumbnail\" alt=\"\" \/><\/a>\n\t\t\t<\/dt><\/dl><dl class='gallery-item'>\n\t\t\t<dt class='gallery-icon landscape'>\n\t\t\t\t<a href='https:\/\/turysta2.pttk.pl\/?attachment_id=27986'><img loading=\"lazy\" decoding=\"async\" width=\"150\" height=\"150\" src=\"https:\/\/turysta2.pttk.pl\/wp-content\/uploads\/2022\/10\/fot.-A.-Kowol-JPG-150x150.jpg\" class=\"attachment-thumbnail size-thumbnail\" alt=\"\" \/><\/a>\n\t\t\t<\/dt><\/dl><br style=\"clear: both\" \/><dl class='gallery-item'>\n\t\t\t<dt class='gallery-icon portrait'>\n\t\t\t\t<a href='https:\/\/turysta2.pttk.pl\/?attachment_id=27987'><img loading=\"lazy\" decoding=\"async\" width=\"150\" height=\"150\" src=\"https:\/\/turysta2.pttk.pl\/wp-content\/uploads\/2022\/10\/fot.-A.-Kowol1-150x150.jpg\" class=\"attachment-thumbnail size-thumbnail\" alt=\"\" \/><\/a>\n\t\t\t<\/dt><\/dl><dl class='gallery-item'>\n\t\t\t<dt class='gallery-icon portrait'>\n\t\t\t\t<a href='https:\/\/turysta2.pttk.pl\/?attachment_id=27988'><img loading=\"lazy\" decoding=\"async\" width=\"150\" height=\"150\" src=\"https:\/\/turysta2.pttk.pl\/wp-content\/uploads\/2022\/10\/fot.-A.-Kowol2-150x150.jpg\" class=\"attachment-thumbnail size-thumbnail\" alt=\"\" \/><\/a>\n\t\t\t<\/dt><\/dl><dl class='gallery-item'>\n\t\t\t<dt class='gallery-icon landscape'>\n\t\t\t\t<a href='https:\/\/turysta2.pttk.pl\/?attachment_id=27989'><img loading=\"lazy\" decoding=\"async\" width=\"150\" height=\"150\" src=\"https:\/\/turysta2.pttk.pl\/wp-content\/uploads\/2022\/10\/fot.-A.-Kowol-1-150x150.jpg\" class=\"attachment-thumbnail size-thumbnail\" alt=\"\" \/><\/a>\n\t\t\t<\/dt><\/dl><br style=\"clear: both\" \/><dl class='gallery-item'>\n\t\t\t<dt class='gallery-icon portrait'>\n\t\t\t\t<a href='https:\/\/turysta2.pttk.pl\/?attachment_id=27990'><img loading=\"lazy\" decoding=\"async\" width=\"150\" height=\"150\" src=\"https:\/\/turysta2.pttk.pl\/wp-content\/uploads\/2022\/10\/KSPRAA1-150x150.jpg\" class=\"attachment-thumbnail size-thumbnail\" alt=\"\" \/><\/a>\n\t\t\t<\/dt><\/dl>\n\t\t\t<br style='clear: both' \/>\n\t\t<\/div>\n\n<p>&nbsp;<\/p>\n","protected":false},"excerpt":{"rendered":"O ko\u015bciele, kt\u00f3ry powsta\u0142 w jedn\u0105 noc Mieszka\u0144cy Ci\u015bca od dawna pragn\u0119li mie\u0107 w\u0142asny ko\u015bci\u00f3\u0142, bo do parafialnego w Mil\u00f3wce trzeba by\u0142o chodzi\u0107 5\u20137 kilometr\u00f3w. Starania nabra\u0142y tempa, gdy do Mil\u00f3wki trafi\u0142 w 1971 roku m\u0142ody ksi\u0105dz, W\u0142adys\u0142aw Nowobilski. \u2013 Wysy\u0142ali\u015bmy wnioski do r\u00f3\u017cnych urz\u0119d\u00f3w w Krakowie i \u017bywcu, ci\u0105gle jednak otrzymywali\u015bmy odmowy, dlatego wymy\u015blili\u015bmy, \u017ce stworzymy kaplic\u0119 w domu&nbsp;<a href=\"https:\/\/turysta2.pttk.pl\/?p=27983\" class=\"read-more\">Continue Reading<\/a>","protected":false},"author":4,"featured_media":27989,"comment_status":"closed","ping_status":"closed","sticky":false,"template":"","format":"standard","meta":{"footnotes":""},"categories":[87,11],"tags":[],"class_list":["post-27983","post","type-post","status-publish","format-standard","has-post-thumbnail","hentry","category-dawniej-bywalo","category-turysta-poleca","cat-87-id","cat-11-id"],"aioseo_notices":[],"_links":{"self":[{"href":"https:\/\/turysta2.pttk.pl\/index.php?rest_route=\/wp\/v2\/posts\/27983","targetHints":{"allow":["GET"]}}],"collection":[{"href":"https:\/\/turysta2.pttk.pl\/index.php?rest_route=\/wp\/v2\/posts"}],"about":[{"href":"https:\/\/turysta2.pttk.pl\/index.php?rest_route=\/wp\/v2\/types\/post"}],"author":[{"embeddable":true,"href":"https:\/\/turysta2.pttk.pl\/index.php?rest_route=\/wp\/v2\/users\/4"}],"replies":[{"embeddable":true,"href":"https:\/\/turysta2.pttk.pl\/index.php?rest_route=%2Fwp%2Fv2%2Fcomments&post=27983"}],"version-history":[{"count":1,"href":"https:\/\/turysta2.pttk.pl\/index.php?rest_route=\/wp\/v2\/posts\/27983\/revisions"}],"predecessor-version":[{"id":27991,"href":"https:\/\/turysta2.pttk.pl\/index.php?rest_route=\/wp\/v2\/posts\/27983\/revisions\/27991"}],"wp:featuredmedia":[{"embeddable":true,"href":"https:\/\/turysta2.pttk.pl\/index.php?rest_route=\/wp\/v2\/media\/27989"}],"wp:attachment":[{"href":"https:\/\/turysta2.pttk.pl\/index.php?rest_route=%2Fwp%2Fv2%2Fmedia&parent=27983"}],"wp:term":[{"taxonomy":"category","embeddable":true,"href":"https:\/\/turysta2.pttk.pl\/index.php?rest_route=%2Fwp%2Fv2%2Fcategories&post=27983"},{"taxonomy":"post_tag","embeddable":true,"href":"https:\/\/turysta2.pttk.pl\/index.php?rest_route=%2Fwp%2Fv2%2Ftags&post=27983"}],"curies":[{"name":"wp","href":"https:\/\/api.w.org\/{rel}","templated":true}]}}