{"id":27960,"date":"2022-10-11T17:40:20","date_gmt":"2022-10-11T15:40:20","guid":{"rendered":"https:\/\/turysta2.pttk.pl\/?p=27960"},"modified":"2023-03-27T11:36:40","modified_gmt":"2023-03-27T09:36:40","slug":"refleksje-krajoznawcy","status":"publish","type":"post","link":"https:\/\/turysta2.pttk.pl\/?p=27960","title":{"rendered":"Refleksje krajoznawcy"},"content":{"rendered":"<p><strong>Przed\u0142u\u017camy sezon?<\/strong><\/p>\n<p><strong>\u00a0<\/strong><\/p>\n<p><strong>Pandemia zmieni\u0142a nieco stosunek do turystyki \u2013 zar\u00f3wno samych turyst\u00f3w, jak te\u017c odpowiedzialnych za jej rozw\u00f3j \u2013 w gminach, miastach i powiatach. Wsz\u0119dzie g\u0142osi si\u0119 potrzeb\u0119 wyd\u0142u\u017cenia sezonu turystycznego cho\u0107by na ca\u0142y rok. Obserwacje, kt\u00f3re poczyni\u0142em w ubieg\u0142ym sezonie w kilkunastu wojew\u00f3dztwach, napawaj\u0105 na og\u00f3\u0142 optymizmem, s\u0105 jednak problemy, z r\u00f3\u017cnych powod\u00f3w niedostrzegane.<\/strong><\/p>\n<p>&nbsp;<\/p>\n<p>Zacznijmy od spraw z pozoru przyziemnych. W niekt\u00f3rych miejscowo\u015bciach wypoczynkowych i to nie tylko na Mierzei Wi\u015blanej, orzeczono z dniem 1 wrze\u015bnia koniec sezonu i... zamkni\u0119to toalety publiczne. Natomiast punkty informacji turystycznej od (ciep\u0142ego i pi\u0119knego) wrze\u015bnia czynne bywaj\u0105 tam tylko w dni powszednie, a w soboty i niedziele, gdy wzmaga si\u0119 weekendowy ruch turystyczny, s\u0105 zamkni\u0119te. \u201eMamy przecie\u017c internet\u201d \u2013 odpowiadaj\u0105 gospodarze. Ale mo\u017ce warto cz\u0119\u015bciej zach\u0119ca\u0107 internaut\u00f3w \u2013\u00a0 nadawc\u00f3w \u2013 do bie\u017c\u0105cego aktualizowania informacji. A z tym jest r\u00f3\u017cnie. Od Tatr do Ba\u0142tyku. Czy\u017cby by\u0142a temu winna pandemia?<\/p>\n<p>W wielu, zw\u0142aszcza mniejszych miejscowo\u015bciach kraju ju\u017c od wrze\u015bnia lokale gastronomiczne otwierane s\u0105 \u201ew kratk\u0119\u201d. \u201eNie ma zbyt wielu konsument\u00f3w, to zamykamy\u201d \u2013\u00a0 m\u00f3wi\u0105 restauratorzy. \u201eNie przyje\u017cd\u017camy, gdy\u017c nie chcemy poca\u0142owa\u0107 klamki (czy te\u017c furtki w gastronomicznych ogr\u00f3dkach)\u201d \u2013 odpowiadaj\u0105 potencjalni go\u015bcie. Potrawy lokalne s\u0105 jednym z magnes\u00f3w przyci\u0105gaj\u0105cych turyst\u00f3w. Znajomo\u015b\u0107 regionalnej kuchni to te\u017c jest krajoznawstwo. Niestety, w wielu miejscach kr\u00f3luje swoista monokultura pizzy i burger\u00f3w. Dla ka\u017cdego co\u015b mi\u0142ego, ale czy po to przemierzamy setki kilometr\u00f3w, aby skonsumowa\u0107 co\u015b, co mamy na co dzie\u0144 w zasi\u0119gu r\u0119ki?<\/p>\n<p>Ale do\u015b\u0107 narzeka\u0144. Niedaleko Nowego Dworu Gda\u0144skiego jest zabytkowy obiekt turystyczno-gastronomiczny \u201eMa\u0142y Holender\u201d propaguj\u0105cy kultur\u0119 dawnych osadnik\u00f3w niderlandzkich. Warto wiedzie\u0107, \u017ce budownictwem holenderskim opiekowali si\u0119 i opiekuj\u0105 spo\u0142eczni opiekunowie zabytk\u00f3w PTTK z wojew\u00f3dztwa pomorskiego. Teraz Krynica Morska. Tu go\u015b\u0107 czuje si\u0119 mile widziany, r\u00f3wnie\u017c po zako\u0144czeniu letnich wakacji. Zadbano o dobr\u0105 informacj\u0119, czyste i bezp\u0142atne toalety, jest bogata oferta gastronomiczna. Pi\u0119kn\u0105, odbudowan\u0105 star\u00f3wk\u0119 Elbl\u0105ga propaguje profesjonalne centrum informacji turystycznej prowadzone przez oddzia\u0142 PTTK na zlecenie w\u0142adz miasta.<\/p>\n<p>I na drugim ko\u0144cu Polski \u2013 zamek Moszna na Opolszczy\u017anie. Cho\u0107 trwaj\u0105 tu prace konserwatorskie, zamek ten wraz z przepi\u0119knym parkiem jest dost\u0119pny dla publiczno\u015bci\u00a0 przez ca\u0142y rok. W niewielkim barze mo\u017cna rozkoszowa\u0107 si\u0119 tradycyjnymi potrawami z rolad\u0105, kluskami \u015bl\u0105skimi na czele. Zadbano o informacj\u0119 turystyczn\u0105. Go\u015bcinne jest Opole ze skansenem, Muzeum Polskiej Piosenki, a tak\u017ce bujn\u0105 zieleni\u0105 i\u2026 setkami koszy na \u015bmieci. Tote\u017c, drogi turysto, nie ujrzysz tu porzuconego papierka.<\/p>\n<p>Dobr\u0105 praktyk\u0105 jest tworzenie punkt\u00f3w informacji turystycznej przy muzeach regionalnych.\u00a0 Chmielnik, Rytwiany i Pi\u0144cz\u00f3w \u2013 w \u015awi\u0119tokrzyskiem, otoczona borami Tuchola, Olesno na Opolszczy\u017anie, chopinowska Szafarnia, chopinowskie mazowieckie Sanniki \u2013 to tylko niekt\u00f3re dobre przyk\u0142ady. Z rozm\u00f3w wynika, \u017ce te punkty wsp\u00f3\u0142pracuj\u0105 z PTTK. Dowodz\u0105 tego cho\u0107by wy\u0142o\u017cone oferty Towarzystwa. Tury\u015bci przychodz\u0105 tu po informacje, a niejako przy okazji odwiedzaj\u0105 muzeum. Po obejrzeniu ekspozycji nabieraj\u0105 apetytu na dalsze krajoznawcze penetracje, przed\u0142u\u017cenie pobytu, kolejne przyjazdy.<\/p>\n<p>Przed\u0142u\u017cajmy sezony. Niech nie wr\u00f3ci z czas\u00f3w PRL taka sytuacja, kiedy to autor tego tekstu musia\u0142 walczy\u0107\u2026 pod Grunwaldem o kupienie czego\u015b picia. A by\u0142o to w pi\u0119kny kwietniowy dzie\u0144. W\u00f3wczas w\u0142adze centralne og\u0142asza\u0142y pocz\u0105tek sezonu 1 maja. Dzi\u015b o terminie otwarcia si\u0119 na turyst\u00f3w powinien decydowa\u0107 rozs\u0105dek!<\/p>\n<div id=\"attachment_27961\" style=\"width: 310px\" class=\"wp-caption alignnone\"><a href=\"https:\/\/turysta2.pttk.pl\/wp-content\/uploads\/2022\/10\/Photogenica-PHX1101235641-scaled.jpg\"><img loading=\"lazy\" decoding=\"async\" aria-describedby=\"caption-attachment-27961\" class=\"size-medium wp-image-27961\" src=\"https:\/\/turysta2.pttk.pl\/wp-content\/uploads\/2022\/10\/Photogenica-PHX1101235641-300x200.jpg\" alt=\"\" width=\"300\" height=\"200\" srcset=\"https:\/\/turysta2.pttk.pl\/wp-content\/uploads\/2022\/10\/Photogenica-PHX1101235641-300x200.jpg 300w, https:\/\/turysta2.pttk.pl\/wp-content\/uploads\/2022\/10\/Photogenica-PHX1101235641-1024x683.jpg 1024w, https:\/\/turysta2.pttk.pl\/wp-content\/uploads\/2022\/10\/Photogenica-PHX1101235641-768x512.jpg 768w, https:\/\/turysta2.pttk.pl\/wp-content\/uploads\/2022\/10\/Photogenica-PHX1101235641-1536x1024.jpg 1536w, https:\/\/turysta2.pttk.pl\/wp-content\/uploads\/2022\/10\/Photogenica-PHX1101235641-2048x1365.jpg 2048w\" sizes=\"auto, (max-width: 300px) 100vw, 300px\" \/><\/a><p id=\"caption-attachment-27961\" class=\"wp-caption-text\">KOLOBRZEG, POLAND - April 08, 2016: People sitting in the outdoor restaurant on the pier in Kolobrzeg<\/p><\/div>\n<p>&nbsp;<\/p>\n<p><strong>Jan Pawe\u0142 Piotrowski<\/strong><\/p>\n<p><strong>Nauczyciel akademicki, dziennikarz, krajoznawca, autor licznych opracowa\u0144 z zakresu historii i wsp\u00f3\u0142czesno\u015bci PTTK.<\/strong><\/p>\n<p>&nbsp;<\/p>\n","protected":false},"excerpt":{"rendered":"Przed\u0142u\u017camy sezon? \u00a0 Pandemia zmieni\u0142a nieco stosunek do turystyki \u2013 zar\u00f3wno samych turyst\u00f3w, jak te\u017c odpowiedzialnych za jej rozw\u00f3j \u2013 w gminach, miastach i powiatach. Wsz\u0119dzie g\u0142osi si\u0119 potrzeb\u0119 wyd\u0142u\u017cenia sezonu turystycznego cho\u0107by na ca\u0142y rok. Obserwacje, kt\u00f3re poczyni\u0142em w ubieg\u0142ym sezonie w kilkunastu wojew\u00f3dztwach, napawaj\u0105 na og\u00f3\u0142 optymizmem, s\u0105 jednak problemy, z r\u00f3\u017cnych powod\u00f3w niedostrzegane. &nbsp; Zacznijmy od spraw&nbsp;<a href=\"https:\/\/turysta2.pttk.pl\/?p=27960\" class=\"read-more\">Continue Reading<\/a>","protected":false},"author":4,"featured_media":27961,"comment_status":"closed","ping_status":"closed","sticky":false,"template":"","format":"standard","meta":{"footnotes":""},"categories":[89,11],"tags":[],"class_list":["post-27960","post","type-post","status-publish","format-standard","has-post-thumbnail","hentry","category-blogi","category-turysta-poleca","cat-89-id","cat-11-id"],"aioseo_notices":[],"_links":{"self":[{"href":"https:\/\/turysta2.pttk.pl\/index.php?rest_route=\/wp\/v2\/posts\/27960","targetHints":{"allow":["GET"]}}],"collection":[{"href":"https:\/\/turysta2.pttk.pl\/index.php?rest_route=\/wp\/v2\/posts"}],"about":[{"href":"https:\/\/turysta2.pttk.pl\/index.php?rest_route=\/wp\/v2\/types\/post"}],"author":[{"embeddable":true,"href":"https:\/\/turysta2.pttk.pl\/index.php?rest_route=\/wp\/v2\/users\/4"}],"replies":[{"embeddable":true,"href":"https:\/\/turysta2.pttk.pl\/index.php?rest_route=%2Fwp%2Fv2%2Fcomments&post=27960"}],"version-history":[{"count":1,"href":"https:\/\/turysta2.pttk.pl\/index.php?rest_route=\/wp\/v2\/posts\/27960\/revisions"}],"predecessor-version":[{"id":27962,"href":"https:\/\/turysta2.pttk.pl\/index.php?rest_route=\/wp\/v2\/posts\/27960\/revisions\/27962"}],"wp:featuredmedia":[{"embeddable":true,"href":"https:\/\/turysta2.pttk.pl\/index.php?rest_route=\/wp\/v2\/media\/27961"}],"wp:attachment":[{"href":"https:\/\/turysta2.pttk.pl\/index.php?rest_route=%2Fwp%2Fv2%2Fmedia&parent=27960"}],"wp:term":[{"taxonomy":"category","embeddable":true,"href":"https:\/\/turysta2.pttk.pl\/index.php?rest_route=%2Fwp%2Fv2%2Fcategories&post=27960"},{"taxonomy":"post_tag","embeddable":true,"href":"https:\/\/turysta2.pttk.pl\/index.php?rest_route=%2Fwp%2Fv2%2Ftags&post=27960"}],"curies":[{"name":"wp","href":"https:\/\/api.w.org\/{rel}","templated":true}]}}