{"id":27956,"date":"2022-10-11T17:38:23","date_gmt":"2022-10-11T15:38:23","guid":{"rendered":"https:\/\/turysta2.pttk.pl\/?p=27956"},"modified":"2023-03-27T11:36:40","modified_gmt":"2023-03-27T09:36:40","slug":"forum-krajoznawcze-w-stacji-kultura","status":"publish","type":"post","link":"https:\/\/turysta2.pttk.pl\/?p=27956","title":{"rendered":"Forum krajoznawcze w Stacji Kultura"},"content":{"rendered":"<p><strong>Forum <\/strong><strong>krajoznawcze w Stacji Kultura <\/strong><\/p>\n<p><strong>28 maja 2022 roku Pomorska Komisja Krajoznawcza PTTK zorganizowa\u0142a VII Forum oraz szkolenie krajoznawc\u00f3w i sympatyk\u00f3w krajoznawstwa z wojew\u00f3dztwa pomorskiego. <\/strong><\/p>\n<p>Tym razem miejscem obrad by\u0142a Stacja Kultura \u2013 Biblioteka Publiczna w Rumi. Jej dyrektor Dariusz Rybacki mi\u0142o\u015bnik, popularyzator historii Rumi, jej okolic i militarnych aspekt\u00f3w tych teren\u00f3w, podj\u0105\u0142 decyzj\u0119 o goszczeniu w progach biblioteki pomorskich krajoznawc\u00f3w. W forum wzi\u0105\u0142 udzia\u0142 cz\u0142onek Zarz\u0105du G\u0142\u00f3wnego PTTK i prezes Pomorskiego Porozumienia Oddzia\u0142\u00f3w PTTK w Gda\u0144sku Stanis\u0142aw Sikora.<\/p>\n<p>My\u015bl\u0105 przewodni\u0105 tegorocznego spotkania by\u0142o ukazanie zakresu przeprowadzonych prac rewitalizacyjnych obiekt\u00f3w fortyfikacyjnych w W\u0105wozie Ostrowickim w Gdyni oraz na G\u00f3rze Markowca w Rumi. Pierwszy temat przybli\u017cy\u0142 s\u0142uchaczom Dariusz D\u0119bski, kt\u00f3ry r\u00f3wnie\u017c przewodniczy\u0142 tegorocznemu forum. Z kolei Dariusz Rybacki om\u00f3wi\u0142 histori\u0119 militarn\u0105 G\u00f3ry Markowca, opowiedzia\u0142 o bitwie polskich \u017co\u0142nierzy z niemieckimi wojskami we wrze\u015bniu 1939 roku oraz o prowadzonych w tym miejscu walkach w marcu 1945 roku.<\/p>\n<p>Kolejnym prelegentem by\u0142 Maksymilian Bronk, kt\u00f3ry przedstawi\u0142 kulisy powstania planu rewitalizacji obiekt\u00f3w fortyfikacyjnych na G\u00f3rze Markowca oraz zapozna\u0142 s\u0142uchaczy ze stanem realizacji przyj\u0119tego projektu.<\/p>\n<p>Po zwiedzeniu biblioteki i wys\u0142uchaniu informacji o planowanych inicjatywach (m.in. utworzenie izby pami\u0119ci o historii Rumi) uczestnicy zwiedzili pi\u0119\u0107 wystaw przygotowanych przez Dariusza D\u0119bskiego: odznak PTTK, medali, przypinek, proporczyk\u00f3w i plakietek PTTK oraz znaczk\u00f3w i kart pocztowych o tematyce niepodleg\u0142o\u015bciowej. Po przerwie wszyscy wyruszyli pod przewodnictwem Dariusza Rybackiego na G\u00f3r\u0119 Markowca, gdzie mogli zapozna\u0107 si\u0119 z post\u0119pem prac rewitalizacyjnych tego miejsca oraz wys\u0142ucha\u0107 ciekawych opowie\u015bci historyczno-krajoznawczych.<\/p>\n<p>Warto doda\u0107, \u017ce Stacja Kultura to naj\u0142adniejsza biblioteka na \u015bwiecie (w 2016 roku otrzyma\u0142a ten presti\u017cowy tytu\u0142 w mi\u0119dzynarodowym konkursie dla najlepiej zaprojektowanych wn\u0119trz bibliotek na \u015bwiecie \u2013 Library Interior Design Awards \u2013 w kategorii bibliotek jednoprzestrzennych). W trakcie obrad forum normalnie funkcjonowa\u0142a, a odwiedzaj\u0105cy j\u0105 czytelnicy z zainteresowaniem przys\u0142uchiwali si\u0119 wyk\u0142adom.<\/p>\n<p><em>Tekst<\/em> Dariusz D\u0119bski<\/p>\n<p><em>Zdj\u0119ci<\/em><em>e<\/em> Krzysztof Licznerski<\/p>\n\n\t\t<style type=\"text\/css\">\n\t\t\t#gallery-1 {\n\t\t\t\tmargin: auto;\n\t\t\t}\n\t\t\t#gallery-1 .gallery-item {\n\t\t\t\tfloat: left;\n\t\t\t\tmargin-top: 10px;\n\t\t\t\ttext-align: center;\n\t\t\t\twidth: 33%;\n\t\t\t}\n\t\t\t#gallery-1 img {\n\t\t\t\tborder: 2px solid #cfcfcf;\n\t\t\t}\n\t\t\t#gallery-1 .gallery-caption {\n\t\t\t\tmargin-left: 0;\n\t\t\t}\n\t\t\t\/* see gallery_shortcode() in wp-includes\/media.php *\/\n\t\t<\/style>\n\t\t<div id='gallery-1' class='gallery galleryid-27956 gallery-columns-3 gallery-size-thumbnail'><dl class='gallery-item'>\n\t\t\t<dt class='gallery-icon landscape'>\n\t\t\t\t<a href='https:\/\/turysta2.pttk.pl\/?attachment_id=27957'><img loading=\"lazy\" decoding=\"async\" width=\"150\" height=\"150\" src=\"https:\/\/turysta2.pttk.pl\/wp-content\/uploads\/2022\/10\/1-1-150x150.png\" class=\"attachment-thumbnail size-thumbnail\" alt=\"\" \/><\/a>\n\t\t\t<\/dt><\/dl><dl class='gallery-item'>\n\t\t\t<dt class='gallery-icon landscape'>\n\t\t\t\t<a href='https:\/\/turysta2.pttk.pl\/?attachment_id=27958'><img loading=\"lazy\" decoding=\"async\" width=\"150\" height=\"150\" src=\"https:\/\/turysta2.pttk.pl\/wp-content\/uploads\/2022\/10\/fot.-Krzysztof-Licznerski-150x150.jpg\" class=\"attachment-thumbnail size-thumbnail\" alt=\"\" \/><\/a>\n\t\t\t<\/dt><\/dl>\n\t\t\t<br style='clear: both' \/>\n\t\t<\/div>\n\n","protected":false},"excerpt":{"rendered":"Forum krajoznawcze w Stacji Kultura 28 maja 2022 roku Pomorska Komisja Krajoznawcza PTTK zorganizowa\u0142a VII Forum oraz szkolenie krajoznawc\u00f3w i sympatyk\u00f3w krajoznawstwa z wojew\u00f3dztwa pomorskiego. Tym razem miejscem obrad by\u0142a Stacja Kultura \u2013 Biblioteka Publiczna w Rumi. Jej dyrektor Dariusz Rybacki mi\u0142o\u015bnik, popularyzator historii Rumi, jej okolic i militarnych aspekt\u00f3w tych teren\u00f3w, podj\u0105\u0142 decyzj\u0119 o goszczeniu w progach biblioteki pomorskich&nbsp;<a href=\"https:\/\/turysta2.pttk.pl\/?p=27956\" class=\"read-more\">Continue Reading<\/a>","protected":false},"author":4,"featured_media":27957,"comment_status":"closed","ping_status":"closed","sticky":false,"template":"","format":"standard","meta":{"footnotes":""},"categories":[78,14],"tags":[],"class_list":["post-27956","post","type-post","status-publish","format-standard","has-post-thumbnail","hentry","category-konferencje-szkolenia","category-krajoznawstwo","cat-78-id","cat-14-id"],"aioseo_notices":[],"_links":{"self":[{"href":"https:\/\/turysta2.pttk.pl\/index.php?rest_route=\/wp\/v2\/posts\/27956","targetHints":{"allow":["GET"]}}],"collection":[{"href":"https:\/\/turysta2.pttk.pl\/index.php?rest_route=\/wp\/v2\/posts"}],"about":[{"href":"https:\/\/turysta2.pttk.pl\/index.php?rest_route=\/wp\/v2\/types\/post"}],"author":[{"embeddable":true,"href":"https:\/\/turysta2.pttk.pl\/index.php?rest_route=\/wp\/v2\/users\/4"}],"replies":[{"embeddable":true,"href":"https:\/\/turysta2.pttk.pl\/index.php?rest_route=%2Fwp%2Fv2%2Fcomments&post=27956"}],"version-history":[{"count":1,"href":"https:\/\/turysta2.pttk.pl\/index.php?rest_route=\/wp\/v2\/posts\/27956\/revisions"}],"predecessor-version":[{"id":27959,"href":"https:\/\/turysta2.pttk.pl\/index.php?rest_route=\/wp\/v2\/posts\/27956\/revisions\/27959"}],"wp:featuredmedia":[{"embeddable":true,"href":"https:\/\/turysta2.pttk.pl\/index.php?rest_route=\/wp\/v2\/media\/27957"}],"wp:attachment":[{"href":"https:\/\/turysta2.pttk.pl\/index.php?rest_route=%2Fwp%2Fv2%2Fmedia&parent=27956"}],"wp:term":[{"taxonomy":"category","embeddable":true,"href":"https:\/\/turysta2.pttk.pl\/index.php?rest_route=%2Fwp%2Fv2%2Fcategories&post=27956"},{"taxonomy":"post_tag","embeddable":true,"href":"https:\/\/turysta2.pttk.pl\/index.php?rest_route=%2Fwp%2Fv2%2Ftags&post=27956"}],"curies":[{"name":"wp","href":"https:\/\/api.w.org\/{rel}","templated":true}]}}