{"id":27953,"date":"2022-10-11T17:36:49","date_gmt":"2022-10-11T15:36:49","guid":{"rendered":"https:\/\/turysta2.pttk.pl\/?p=27953"},"modified":"2023-03-27T11:36:40","modified_gmt":"2023-03-27T09:36:40","slug":"fortyfikacje-swinoujscia","status":"publish","type":"post","link":"https:\/\/turysta2.pttk.pl\/?p=27953","title":{"rendered":"Fortyfikacje \u015awinouj\u015bcia"},"content":{"rendered":"<p><strong>Fortyfikacje \u015awinouj\u015bcia<\/p>\n<p><\/strong><\/p>\n<p><a href=\"https:\/\/turysta2.pttk.pl\/wp-content\/uploads\/2022\/10\/fot.-D.-Debski-scaled.jpg\"><img loading=\"lazy\" decoding=\"async\" class=\"alignnone size-medium wp-image-27954\" src=\"https:\/\/turysta2.pttk.pl\/wp-content\/uploads\/2022\/10\/fot.-D.-Debski-300x135.jpg\" alt=\"\" width=\"300\" height=\"135\" srcset=\"https:\/\/turysta2.pttk.pl\/wp-content\/uploads\/2022\/10\/fot.-D.-Debski-300x135.jpg 300w, https:\/\/turysta2.pttk.pl\/wp-content\/uploads\/2022\/10\/fot.-D.-Debski-1024x461.jpg 1024w, https:\/\/turysta2.pttk.pl\/wp-content\/uploads\/2022\/10\/fot.-D.-Debski-768x345.jpg 768w, https:\/\/turysta2.pttk.pl\/wp-content\/uploads\/2022\/10\/fot.-D.-Debski-1536x691.jpg 1536w, https:\/\/turysta2.pttk.pl\/wp-content\/uploads\/2022\/10\/fot.-D.-Debski-2048x921.jpg 2048w\" sizes=\"auto, (max-width: 300px) 100vw, 300px\" \/><\/a><\/p>\n<p>Ponad sze\u015b\u0107dziesi\u0119ciu krajoznawc\u00f3w ze \u015brodowiska wojskowego PTTK ca\u0142ej Polski wzi\u0119\u0142o udzia\u0142 w XXXIII Seminarium Krajoznawcze Wojska Polskiego \u201eFortyfikacje Twierdzy \u015awinouj\u015bcie\u201d. Gospodarzem tegorocznego seminarium, kt\u00f3re odby\u0142o si\u0119 w dniach 5\u20138 maja 2022 roku w \u0141uk\u0119cinie, by\u0142o Wojskowe Ko\u0142o PTTK \u201eJantar\u201d przy Klubie 8. Batalionu Saper\u00f3w. Do przygotowania imprezy w\u0142\u0105czyli si\u0119 te\u017c \u00a08. Ko\u0142obrzeski Batalion Saper\u00f3w i Komisja ZG PTTK do Wsp\u00f3\u0142pracy z Wojskiem Polskim. Wsparcia udzieli\u0142 r\u00f3wnie\u017c Oddzia\u0142 Wojskowy PTTK przy Klubie 12. Szczeci\u0144skiej Dywizji Zmechanizowanej w Szczecinie, Urz\u0119dy Miejskie w Dziwnowie i Wolinie, Muzeum Obrony Wybrze\u017ca \u2013 Fort Gerharda i 8. dywizjon przeciwlotniczy.<\/p>\n<p>W pierwszym dniu seminarium jego uczestnicy go\u015bcili w 8. Batalionie Saper\u00f3w w Dziwnowie, gdzie z\u0142o\u017cyli wi\u0105zank\u0119 i zapalili znicze pod obeliskiem upami\u0119tniaj\u0105cym saper\u00f3w. Zwiedzili r\u00f3wnie\u017c okr\u0119t desantowy w porcie wojennym, sk\u0105d okr\u0119tem przep\u0142yn\u0119li na nabrze\u017ce pod latarni\u0119 morsk\u0105. Udali si\u0119 te\u017c do XIX-wiecznego pruskiego Fortu Gerharda, jednego z fort\u00f3w Twierdzy \u015awinouj\u015bcie i najlepiej utrzymanego fortu nadbrze\u017cnego w Europie, w kt\u00f3rym od 2010 roku mie\u015bci si\u0119 Muzeum Obrony Wybrze\u017ca. Jego w\u0142odarze zgromadzili w nim ponad 2000 eksponat\u00f3w zwi\u0105zanych z miejscowa twierdz\u0105, a tak\u017ce wiele cennych obiekt\u00f3w militarnych. Spotka\u0107 tam mo\u017cna niezwyk\u0142\u0105 rzadko\u015b\u0107 \u2013\u00a0 \u00a0jedyny w Polsce poniemiecki reflektor 150 cm wraz z agregatem (zachowany w stopniu idealnym). Znajdziemy tam r\u00f3wnie\u017c w pe\u0142ni wyposa\u017con\u0105 armat\u0119 B-13 z powojennej 19. Baterii Artylerii Sta\u0142ej, torped\u0119 F-5b z widocznym i dzia\u0142aj\u0105cym \u017cyroskopem, a tak\u017ce pancerz dalmierza o bazie 4 m. Wizyt\u0119 w Muzeum Obrony Wybrze\u017ca zako\u0144czy\u0142\u00a0 wielki armatni huk. Potem\u00a0 uczestnicy udali si\u0119 do fortyfikacji baterii \u201eVinieta\u201d, gdzie zwiedzili schron dowodzenia i stanowiska ogniowe baterii (dla 4 armat kal. 150 mm).<\/p>\n<p>W drugim dniu zaplanowano przejazd do Wrzosowa i spacer \u015bcie\u017ck\u0105 historyczn\u0105, z\u0142o\u017cenie kwiat\u00f3w pod pomnikiem 5. Pu\u0142ku Piechoty, wizyt\u0119 w dziwnowskim domu kultury i wys\u0142uchanie wyk\u0142adu Militarna historia Dziwnowa\u201d. Opr\u00f3cz dodatkowych atrakcji (np. wiecz\u00f3r z kabaretem) nadprogramowym elementem seminarium by\u0142y przygotowane przez Darka D\u0119bskiego z Pomorskiej Komisji Krajoznawczej i Oddzia\u0142u PTTK Marynarki Wojennej w Gdyni, cztery bardzo interesuj\u0105ce wystawy: odznak PTTK (licz\u0105ca prawie 1100 eksponat\u00f3w), przypinek (buton\u00f3w), medali oraz proporczyk\u00f3w PTTK.<\/p>\n<p>&nbsp;<\/p>\n<p><em>Tekst i zdj\u0119cie<\/em><strong> Dariusz D\u0119bski<\/strong><\/p>\n","protected":false},"excerpt":{"rendered":"Fortyfikacje \u015awinouj\u015bcia Ponad sze\u015b\u0107dziesi\u0119ciu krajoznawc\u00f3w ze \u015brodowiska wojskowego PTTK ca\u0142ej Polski wzi\u0119\u0142o udzia\u0142 w XXXIII Seminarium Krajoznawcze Wojska Polskiego \u201eFortyfikacje Twierdzy \u015awinouj\u015bcie\u201d. Gospodarzem tegorocznego seminarium, kt\u00f3re odby\u0142o si\u0119 w dniach 5\u20138 maja 2022 roku w \u0141uk\u0119cinie, by\u0142o Wojskowe Ko\u0142o PTTK \u201eJantar\u201d przy Klubie 8. Batalionu Saper\u00f3w. Do przygotowania imprezy w\u0142\u0105czyli si\u0119 te\u017c \u00a08. Ko\u0142obrzeski Batalion Saper\u00f3w i Komisja ZG PTTK&nbsp;<a href=\"https:\/\/turysta2.pttk.pl\/?p=27953\" class=\"read-more\">Continue Reading<\/a>","protected":false},"author":4,"featured_media":27954,"comment_status":"closed","ping_status":"closed","sticky":false,"template":"","format":"standard","meta":{"footnotes":""},"categories":[78,14],"tags":[],"class_list":["post-27953","post","type-post","status-publish","format-standard","has-post-thumbnail","hentry","category-konferencje-szkolenia","category-krajoznawstwo","cat-78-id","cat-14-id"],"aioseo_notices":[],"_links":{"self":[{"href":"https:\/\/turysta2.pttk.pl\/index.php?rest_route=\/wp\/v2\/posts\/27953","targetHints":{"allow":["GET"]}}],"collection":[{"href":"https:\/\/turysta2.pttk.pl\/index.php?rest_route=\/wp\/v2\/posts"}],"about":[{"href":"https:\/\/turysta2.pttk.pl\/index.php?rest_route=\/wp\/v2\/types\/post"}],"author":[{"embeddable":true,"href":"https:\/\/turysta2.pttk.pl\/index.php?rest_route=\/wp\/v2\/users\/4"}],"replies":[{"embeddable":true,"href":"https:\/\/turysta2.pttk.pl\/index.php?rest_route=%2Fwp%2Fv2%2Fcomments&post=27953"}],"version-history":[{"count":1,"href":"https:\/\/turysta2.pttk.pl\/index.php?rest_route=\/wp\/v2\/posts\/27953\/revisions"}],"predecessor-version":[{"id":27955,"href":"https:\/\/turysta2.pttk.pl\/index.php?rest_route=\/wp\/v2\/posts\/27953\/revisions\/27955"}],"wp:featuredmedia":[{"embeddable":true,"href":"https:\/\/turysta2.pttk.pl\/index.php?rest_route=\/wp\/v2\/media\/27954"}],"wp:attachment":[{"href":"https:\/\/turysta2.pttk.pl\/index.php?rest_route=%2Fwp%2Fv2%2Fmedia&parent=27953"}],"wp:term":[{"taxonomy":"category","embeddable":true,"href":"https:\/\/turysta2.pttk.pl\/index.php?rest_route=%2Fwp%2Fv2%2Fcategories&post=27953"},{"taxonomy":"post_tag","embeddable":true,"href":"https:\/\/turysta2.pttk.pl\/index.php?rest_route=%2Fwp%2Fv2%2Ftags&post=27953"}],"curies":[{"name":"wp","href":"https:\/\/api.w.org\/{rel}","templated":true}]}}