{"id":27948,"date":"2022-10-11T17:35:26","date_gmt":"2022-10-11T15:35:26","guid":{"rendered":"https:\/\/turysta2.pttk.pl\/?p=27948"},"modified":"2023-03-27T11:36:40","modified_gmt":"2023-03-27T09:36:40","slug":"ludzie-srodkowego-nadpilicza","status":"publish","type":"post","link":"https:\/\/turysta2.pttk.pl\/?p=27948","title":{"rendered":"Ludzie \u015arodkowego Nadpilicza"},"content":{"rendered":"<p><strong>Ludzie \u015arodkowego Nadpilicza <\/strong><\/p>\n<p>&nbsp;<\/p>\n<p><strong>Wa\u017cnym \u015bwiadectwem d\u0142ugoletniej wsp\u00f3\u0142pracy oddzia\u0142u Polskiego Towarzystwa Turystyczno-Krajoznawczego w \u017barnowie z gmin\u0105 Aleksandr\u00f3w s\u0105 m.in. organizowane od kilku lat konferencje popularnonaukowe, kt\u00f3rym towarzysz\u0105 sp\u0142ywy kajakowe Pilic\u0105. Si\u00f3dma z kolei konferencja odby\u0142a si\u0119 16 lipca 2022 roku w \u015awietlicy Wiejskiej w Siucicach pod tytu\u0142em \u201eLudzie \u015arodkowego Nadpilicza na przestrzeni wiek\u00f3w\u201d. <\/strong><\/p>\n<p>&nbsp;<\/p>\n<p>Program obejmowa\u0142 pi\u0119\u0107 prelekcji multimedialnych, koncert instrumentalny oraz wystaw\u0119 prac amator\u00f3w plastyk\u00f3w z Tomaszowa Mazowieckiego. W\u00f3jt gminy Aleksandr\u00f3w, Pawe\u0142 Mamrot, powita\u0142 przyby\u0142ych uczestnik\u00f3w konferencji, w\u015br\u00f3d kt\u00f3rych by\u0142 wicemarsza\u0142ek wojew\u00f3dztwa \u0142\u00f3dzkiego Zbigniew Ziemba. Prezes Zarz\u0105du Oddzia\u0142u PTTK w \u017barnowie, W\u0142odzimierz Szafi\u0144ski, dzia\u0142aj\u0105c z upowa\u017cnienia dyrektora Centrum Turystyki Wodnej PTTK w Warszawie, wr\u0119czy\u0142 na r\u0119ce przewodnicz\u0105cej Rady Gminy Aleksandr\u00f3w i w\u00f3jta Nagrod\u0119 Przyjaznego Brzegu. Zosta\u0142a przyznana gminie \u201eza polityk\u0119 rozwoju turystyki kajakowej, dzia\u0142ania promocyjne zmierzaj\u0105ce do spopularyzowania regionu oraz projekty edukacyjne i wydawnicze wspieraj\u0105ce aktywno\u015b\u0107 wok\u00f3\u0142 Pilicy\u201d.<\/p>\n<p>Dr Piotr Wypych, zast\u0119pca dyrektora Zespo\u0142u Park\u00f3w Krajobrazowych Wojew\u00f3dztwa \u0141\u00f3dzkiego, przedstawi\u0142 temat \u201eZnani naukowcy z terenu \u015arodkowego Nadpilicza\u201d. Dr Krzysztof Nawrocki, w\u00f3jt gminy \u017barn\u00f3w, opowiedzia\u0142 o kasztelanach \u017carnowskich na przestrzeni wiek\u00f3w, a Pawe\u0142 Reising, regionalista, dziennikarz i nauczyciel, przypomnia\u0142 gen. Aleksandra Arkuszy\u0144skiego \u201eMaja\u201d z D\u0105browy nad Czarn\u0105. \u201eSk\u00f3rkowscy w dziejach \u015arodkowego Nadpilicza\u201d to prezentacja multimedialna Konrada Malczyka, regionalisty i nauczyciela. Barbara i Przemys\u0142aw Ciszewscy, instruktorzy krajoznawstwa regionu z O\/PTTK w \u017barnowie, przedstawili sylwetk\u0119 Mariana Rapackiego \u2013 prezesa \u201eSpo\u0142em\u201d.<\/p>\n<p>Pp\u0142k Lech Kozdr\u00f3j wyst\u0105pi\u0142 z koncertem instrumentalnym, graj\u0105c kilka znanych standard\u00f3w muzyki klasycznej i rozrywkowej. Stowarzyszenie Przyjaci\u00f3\u0142 Gminy Aleksandr\u00f3w, Urz\u0105d Gminy w Aleksandrowie i Oddzia\u0142 PTTK w \u017barnowie przygotowali dla uczestnik\u00f3w konferencji pami\u0105tkowe gad\u017cety: notesy, d\u0142ugopisy z nadrukiem, zak\u0142adki do ksi\u0105\u017cek i plakietki na sp\u0142yw kajakowy.<\/p>\n<p>Nast\u0119pnego dnia oko\u0142o stu uczestnik\u00f3w konferencji pop\u0142yn\u0119\u0142o kajakami Pilic\u0105 ze Stobnicy do Ostrowa (12 kilometr\u00f3w). Imprez\u0119 zako\u0144czy\u0142o spotkanie integracyjne przy ognisku, na turyst\u00f3w czeka\u0142y kie\u0142baski z ro\u017cna, odby\u0142 si\u0119 tak\u017ce konkurs krajoznawczy o gminie Aleksandr\u00f3w. Dziesi\u0119\u0107 os\u00f3b, kt\u00f3re udzieli\u0142y prawid\u0142owych odpowiedzi, wyr\u00f3\u017cniono upominkami. Zdaniem uczestnik\u00f3w i organizator\u00f3w konferencj\u0119 nale\u017cy uzna\u0107 za udane przedsi\u0119wzi\u0119cie turystyczno-krajoznawcze.<\/p>\n<p>&nbsp;<\/p>\n<p><em>Tekst <\/em>W\u0142odzimierz Szafi\u0144ski<\/p>\n<p><em>Zdj\u0119cia<\/em> Archiwum PTTK \u017barn\u00f3w<\/p>\n<p>&nbsp;<\/p>\n\n\t\t<style type=\"text\/css\">\n\t\t\t#gallery-1 {\n\t\t\t\tmargin: auto;\n\t\t\t}\n\t\t\t#gallery-1 .gallery-item {\n\t\t\t\tfloat: left;\n\t\t\t\tmargin-top: 10px;\n\t\t\t\ttext-align: center;\n\t\t\t\twidth: 33%;\n\t\t\t}\n\t\t\t#gallery-1 img {\n\t\t\t\tborder: 2px solid #cfcfcf;\n\t\t\t}\n\t\t\t#gallery-1 .gallery-caption {\n\t\t\t\tmargin-left: 0;\n\t\t\t}\n\t\t\t\/* see gallery_shortcode() in wp-includes\/media.php *\/\n\t\t<\/style>\n\t\t<div id='gallery-1' class='gallery galleryid-27948 gallery-columns-3 gallery-size-thumbnail'><dl class='gallery-item'>\n\t\t\t<dt class='gallery-icon landscape'>\n\t\t\t\t<a href='https:\/\/turysta2.pttk.pl\/?attachment_id=27949'><img loading=\"lazy\" decoding=\"async\" width=\"150\" height=\"150\" src=\"https:\/\/turysta2.pttk.pl\/wp-content\/uploads\/2022\/10\/1.-Archiwum-PTTK-Zarnow-150x150.jpg\" class=\"attachment-thumbnail size-thumbnail\" alt=\"\" \/><\/a>\n\t\t\t<\/dt><\/dl><dl class='gallery-item'>\n\t\t\t<dt class='gallery-icon landscape'>\n\t\t\t\t<a href='https:\/\/turysta2.pttk.pl\/?attachment_id=27950'><img loading=\"lazy\" decoding=\"async\" width=\"150\" height=\"150\" src=\"https:\/\/turysta2.pttk.pl\/wp-content\/uploads\/2022\/10\/2..Archiwum-PTTK-Zarnow-150x150.jpg\" class=\"attachment-thumbnail size-thumbnail\" alt=\"\" \/><\/a>\n\t\t\t<\/dt><\/dl><dl class='gallery-item'>\n\t\t\t<dt class='gallery-icon landscape'>\n\t\t\t\t<a href='https:\/\/turysta2.pttk.pl\/?attachment_id=27951'><img loading=\"lazy\" decoding=\"async\" width=\"150\" height=\"150\" src=\"https:\/\/turysta2.pttk.pl\/wp-content\/uploads\/2022\/10\/3..Archiwum-PTTK-Zarnow-150x150.jpg\" class=\"attachment-thumbnail size-thumbnail\" alt=\"\" \/><\/a>\n\t\t\t<\/dt><\/dl><br style=\"clear: both\" \/>\n\t\t<\/div>\n\n<p>&nbsp;<\/p>\n<ol>\n<li>Uczestnicy przed \u015awietlic\u0105 Wiejsk\u0105 w Siucicach<\/li>\n<li><strong>Sp\u0142yw kajakowy dla uczestnik\u00f3w konferencji<\/strong><\/li>\n<li>Prowadz\u0105cy konferencj\u0119: w\u00f3jt gminy Aleksandr\u00f3w, Pawe\u0142 Mamrot, prezes Stowarzyszenia Przyjaci\u00f3\u0142 Gminy Aleksandr\u00f3w, Magdalena Komorowska i prezes ZO PTTK w \u017barnowie - W\u0142odzimierz Szafi\u0144ski<\/li>\n<\/ol>\n<p>&nbsp;<\/p>\n<p><strong>\u00a0<\/strong><\/p>\n<p><strong>W\u0142odzimierz Szafi\u0144ski<\/strong><\/p>\n<p><strong>Emerytowany nauczyciel, przodownik turystyki pieszej, g\u00f3rskiej i kolarskiej, instruktor krajoznawstwa Polski, instruktor ochrony przyrody.<\/strong><\/p>\n","protected":false},"excerpt":{"rendered":"Ludzie \u015arodkowego Nadpilicza &nbsp; Wa\u017cnym \u015bwiadectwem d\u0142ugoletniej wsp\u00f3\u0142pracy oddzia\u0142u Polskiego Towarzystwa Turystyczno-Krajoznawczego w \u017barnowie z gmin\u0105 Aleksandr\u00f3w s\u0105 m.in. organizowane od kilku lat konferencje popularnonaukowe, kt\u00f3rym towarzysz\u0105 sp\u0142ywy kajakowe Pilic\u0105. Si\u00f3dma z kolei konferencja odby\u0142a si\u0119 16 lipca 2022 roku w \u015awietlicy Wiejskiej w Siucicach pod tytu\u0142em \u201eLudzie \u015arodkowego Nadpilicza na przestrzeni wiek\u00f3w\u201d. &nbsp; Program obejmowa\u0142 pi\u0119\u0107 prelekcji multimedialnych, koncert&nbsp;<a href=\"https:\/\/turysta2.pttk.pl\/?p=27948\" class=\"read-more\">Continue Reading<\/a>","protected":false},"author":4,"featured_media":27950,"comment_status":"closed","ping_status":"closed","sticky":false,"template":"","format":"standard","meta":{"footnotes":""},"categories":[78,14],"tags":[],"class_list":["post-27948","post","type-post","status-publish","format-standard","has-post-thumbnail","hentry","category-konferencje-szkolenia","category-krajoznawstwo","cat-78-id","cat-14-id"],"aioseo_notices":[],"_links":{"self":[{"href":"https:\/\/turysta2.pttk.pl\/index.php?rest_route=\/wp\/v2\/posts\/27948","targetHints":{"allow":["GET"]}}],"collection":[{"href":"https:\/\/turysta2.pttk.pl\/index.php?rest_route=\/wp\/v2\/posts"}],"about":[{"href":"https:\/\/turysta2.pttk.pl\/index.php?rest_route=\/wp\/v2\/types\/post"}],"author":[{"embeddable":true,"href":"https:\/\/turysta2.pttk.pl\/index.php?rest_route=\/wp\/v2\/users\/4"}],"replies":[{"embeddable":true,"href":"https:\/\/turysta2.pttk.pl\/index.php?rest_route=%2Fwp%2Fv2%2Fcomments&post=27948"}],"version-history":[{"count":1,"href":"https:\/\/turysta2.pttk.pl\/index.php?rest_route=\/wp\/v2\/posts\/27948\/revisions"}],"predecessor-version":[{"id":27952,"href":"https:\/\/turysta2.pttk.pl\/index.php?rest_route=\/wp\/v2\/posts\/27948\/revisions\/27952"}],"wp:featuredmedia":[{"embeddable":true,"href":"https:\/\/turysta2.pttk.pl\/index.php?rest_route=\/wp\/v2\/media\/27950"}],"wp:attachment":[{"href":"https:\/\/turysta2.pttk.pl\/index.php?rest_route=%2Fwp%2Fv2%2Fmedia&parent=27948"}],"wp:term":[{"taxonomy":"category","embeddable":true,"href":"https:\/\/turysta2.pttk.pl\/index.php?rest_route=%2Fwp%2Fv2%2Fcategories&post=27948"},{"taxonomy":"post_tag","embeddable":true,"href":"https:\/\/turysta2.pttk.pl\/index.php?rest_route=%2Fwp%2Fv2%2Ftags&post=27948"}],"curies":[{"name":"wp","href":"https:\/\/api.w.org\/{rel}","templated":true}]}}