{"id":27906,"date":"2022-10-06T18:43:42","date_gmt":"2022-10-06T16:43:42","guid":{"rendered":"https:\/\/turysta2.pttk.pl\/?p=27906"},"modified":"2023-03-27T11:36:41","modified_gmt":"2023-03-27T09:36:41","slug":"kolej-na-pttk-2","status":"publish","type":"post","link":"https:\/\/turysta2.pttk.pl\/?p=27906","title":{"rendered":"Kolej na PTTK"},"content":{"rendered":"<p><strong>Wsi\u0105\u015b\u0107 do poci\u0105gu i\u2026<\/strong><\/p>\n<p><strong>\u00a0<\/strong><\/p>\n<p><strong>\u2026dotrze\u0107 do nowych szlak\u00f3w i miejsc, kt\u00f3re warto zwiedzi\u0107. Ale najpierw rozejrze\u0107 si\u0119, skierowa\u0107 wzrok na stacyjk\u0119, bo wiele dworc\u00f3w kolejowych w Polsce, po latach zaniedba\u0144, przechodzi lub ju\u017c przesz\u0142o renowacj\u0119.<\/strong><\/p>\n<p><strong>\u00a0<\/strong><\/p>\n<p><strong>\u00a0<\/strong><\/p>\n<p><strong>Szklarska Por\u0119ba G\u00f3rna:<\/strong><\/p>\n<p><strong>do <\/strong><strong>Liberca lub Tanvaldu<\/strong><\/p>\n<p>Niekt\u00f3re dworce zosta\u0142y wzbogacone o nowe funkcje (np. poczekalnie z bibliotek\u0105). R\u00f3wnie\u017c najbli\u017csze otoczenie zosta\u0142o lepiej przystosowane do potrzeb os\u00f3b niepe\u0142nosprawnych czy turyst\u00f3w. Jednym z takich pozytywnych przyk\u0142ad\u00f3w jest dworzec kolejowy Szklarska Por\u0119ba G\u00f3rna, kt\u00f3rego remont zako\u0144czy\u0142 si\u0119 w marcu 2021 roku.<\/p>\n<p>Budynek pochodz\u0105cy z roku 1902 (rozbudowany w 1919), z czas\u00f3w budowanej tu Kolei Izerskiej (Tannwalder Zahnradbahn), uzyska\u0142 odnowion\u0105 hal\u0119 dworcow\u0105, wyremontowane toalety, kasy, mapy dotykowe z planem dworca oraz bogat\u0105 informacj\u0119 dla podr\u00f3\u017cnych. W otoczeniu zewn\u0119trznym pojawi\u0142a si\u0119 kryta wiata dla rower\u00f3w oraz tablica z map\u0105 Karkonoszy i G\u00f3r Izerskich. Samo miejsce jest doskona\u0142ym punktem wypadowym dla mi\u0142o\u015bnik\u00f3w wypraw g\u00f3rskich w tym rejonie Sudet\u00f3w.<\/p>\n<p>Obs\u0142ug\u0119 kolejow\u0105 od strony Jeleniej G\u00f3ry zapewniaj\u0105 poci\u0105gi PKP Intercity, Kolei Dolno\u015bl\u0105skich i POLREGIO. Po wielu latach przerwy spowodowanej politycznymi podzia\u0142ami i przepisami po 1945 roku i d\u0142ugotrwa\u0142ymi (od pocz\u0105tku lat 90. XX wieku) pr\u00f3bami reaktywowania po\u0142\u0105czenia przez granic\u0119 dzi\u015b mo\u017cliwe jest dotarcie kilka razy dziennie ze stacji Szklarska Por\u0119ba G\u00f3rna do takich czeskich miejscowo\u015bci, jak: Harrachov, Tanvald czy Liberec. Kolej Izerska s\u0142u\u017cy przede wszystkim poci\u0105gom pasa\u017cerskim, ale kiedy by\u0142a budowana w latach 1888\u20131902, pe\u0142ni\u0142a tak\u017ce wa\u017cn\u0105 funkcj\u0119 w transporcie towarowym. Umo\u017cliwia\u0142a m.in. eksport w\u0119gla kamiennego z rejonu Wa\u0142brzycha z Cesarstwa Niemieckiego do monarchii austro-w\u0119gierskiej, a tak\u017ce drewna z Karkonoszy i G\u00f3r Izerskich oraz wyrob\u00f3w ze szk\u0142a produkowanych w izerskich hutach szk\u0142a.<\/p>\n<p><a href=\"https:\/\/turysta2.pttk.pl\/wp-content\/uploads\/2022\/10\/1.-Szklarska-Poreba-fot.-Dorota-Kaczmarczyk--scaled.jpg\"><img loading=\"lazy\" decoding=\"async\" class=\"alignnone size-medium wp-image-27909\" src=\"https:\/\/turysta2.pttk.pl\/wp-content\/uploads\/2022\/10\/1.-Szklarska-Poreba-fot.-Dorota-Kaczmarczyk--300x200.jpg\" alt=\"\" width=\"300\" height=\"200\" srcset=\"https:\/\/turysta2.pttk.pl\/wp-content\/uploads\/2022\/10\/1.-Szklarska-Poreba-fot.-Dorota-Kaczmarczyk--300x200.jpg 300w, https:\/\/turysta2.pttk.pl\/wp-content\/uploads\/2022\/10\/1.-Szklarska-Poreba-fot.-Dorota-Kaczmarczyk--1024x683.jpg 1024w, https:\/\/turysta2.pttk.pl\/wp-content\/uploads\/2022\/10\/1.-Szklarska-Poreba-fot.-Dorota-Kaczmarczyk--768x512.jpg 768w, https:\/\/turysta2.pttk.pl\/wp-content\/uploads\/2022\/10\/1.-Szklarska-Poreba-fot.-Dorota-Kaczmarczyk--1536x1024.jpg 1536w, https:\/\/turysta2.pttk.pl\/wp-content\/uploads\/2022\/10\/1.-Szklarska-Poreba-fot.-Dorota-Kaczmarczyk--2048x1365.jpg 2048w\" sizes=\"auto, (max-width: 300px) 100vw, 300px\" \/><\/a> <a href=\"https:\/\/turysta2.pttk.pl\/wp-content\/uploads\/2022\/10\/2.Szklarska-Poreba-fot.-Dorota-Kaczmarczyk-scaled.jpg\"><img loading=\"lazy\" decoding=\"async\" class=\"alignnone size-medium wp-image-27910\" src=\"https:\/\/turysta2.pttk.pl\/wp-content\/uploads\/2022\/10\/2.Szklarska-Poreba-fot.-Dorota-Kaczmarczyk-300x200.jpg\" alt=\"\" width=\"300\" height=\"200\" srcset=\"https:\/\/turysta2.pttk.pl\/wp-content\/uploads\/2022\/10\/2.Szklarska-Poreba-fot.-Dorota-Kaczmarczyk-300x200.jpg 300w, https:\/\/turysta2.pttk.pl\/wp-content\/uploads\/2022\/10\/2.Szklarska-Poreba-fot.-Dorota-Kaczmarczyk-1024x683.jpg 1024w, https:\/\/turysta2.pttk.pl\/wp-content\/uploads\/2022\/10\/2.Szklarska-Poreba-fot.-Dorota-Kaczmarczyk-768x512.jpg 768w, https:\/\/turysta2.pttk.pl\/wp-content\/uploads\/2022\/10\/2.Szklarska-Poreba-fot.-Dorota-Kaczmarczyk-1536x1024.jpg 1536w, https:\/\/turysta2.pttk.pl\/wp-content\/uploads\/2022\/10\/2.Szklarska-Poreba-fot.-Dorota-Kaczmarczyk-2048x1365.jpg 2048w\" sizes=\"auto, (max-width: 300px) 100vw, 300px\" \/><\/a><\/p>\n<p>&nbsp;<\/p>\n<p><strong><em>Tekst i zdj\u0119cie: <\/em><\/strong><strong>Dorota Kaczmarczyk<\/strong><\/p>\n<p>&nbsp;<\/p>\n<p><strong>So\u015bnie Ostrowskie:<\/strong><\/p>\n<p><strong>do Ostrowa Wielkopolskiego lub Wroc\u0142awia<\/strong><\/p>\n<p>So\u015bnie Ostrowskie le\u017cy w Parku Krajobrazowym \u201eDolina Baryczy\u201d. Obecn\u0105 nazw\u0119 nosi od 1951 roku. Historycznie nazywa\u0142o si\u0119 So\u015bnie i nale\u017ca\u0142o do \u015al\u0105ska. Wie\u015b wzmiankowana jest w 1268 roku. W 1323 roku Boles\u0142aw III, ksi\u0105\u017c\u0119 brzesko-legnicki, odst\u0105pi\u0142 wie\u015b Konradowi I, ksi\u0119ciu ole\u015bnickiemu. P\u00f3\u017aniej So\u015bnie by\u0142o w posiadaniu Leszczy\u0144skich. W 1910 roku, w \u00f3wczesnym Suchen, powsta\u0142a stacja kolejowa. W 1919 roku wie\u015b otrzyma\u0142a nazw\u0119 So\u015bnie i by\u0142a przedostatni\u0105 stacj\u0105 przed granic\u0105 z Niemcami, z plac\u00f3wk\u0105 urz\u0119du celnego.<\/p>\n<p>Budynek stacji powsta\u0142 w 1913 roku. Ma dwa perony oraz bocznic\u0119 towarow\u0105. Przechodzi przez ni\u0105 linia kolejowa nr 355 z Ostrowa Wielkopolskiego do Grabowna. Z So\u015bnia Ostrowskiego pojedziemy w kierunku Ostrowa Wielkopolskiego albo Wroc\u0142awia.<\/p>\n<p>Id\u0105c ze stacji w lewo, dojdziemy do osady Moja Wola, gdzie w 1852 roku wybudowano drewniany pa\u0142ac my\u015bliwski dla ksi\u0119cia brunszwicko-ole\u015bnickiego, Wilhelma. Po drodze jest pla\u017ca na Zalewie So\u015bnie. Z Mojej Woli rozpoczyna si\u0119 niebieski szlak rowerowy do Ostrowa Wielkopolskiego. Natomiast szlakiem czerwonym, jad\u0105c w kierunku po\u0142udniowym, dotrzemy przez Cieszyn z barokowym ko\u015bcio\u0142em i Ka\u0142kowskie z drewnianym wiatrakiem do Antonina, a w kierunku p\u00f3\u0142nocnym \u2013 do Odolanowa.<\/p>\n<p>&nbsp;<\/p>\n<p><a href=\"https:\/\/turysta2.pttk.pl\/wp-content\/uploads\/2022\/10\/2.-Sosnie-Ostrowskie-fot.-Tomasz-Rewuski-scaled.jpg\"><img loading=\"lazy\" decoding=\"async\" class=\"alignnone size-medium wp-image-27908\" src=\"https:\/\/turysta2.pttk.pl\/wp-content\/uploads\/2022\/10\/2.-Sosnie-Ostrowskie-fot.-Tomasz-Rewuski-300x169.jpg\" alt=\"\" width=\"300\" height=\"169\" srcset=\"https:\/\/turysta2.pttk.pl\/wp-content\/uploads\/2022\/10\/2.-Sosnie-Ostrowskie-fot.-Tomasz-Rewuski-300x169.jpg 300w, https:\/\/turysta2.pttk.pl\/wp-content\/uploads\/2022\/10\/2.-Sosnie-Ostrowskie-fot.-Tomasz-Rewuski-1024x576.jpg 1024w, https:\/\/turysta2.pttk.pl\/wp-content\/uploads\/2022\/10\/2.-Sosnie-Ostrowskie-fot.-Tomasz-Rewuski-768x432.jpg 768w, https:\/\/turysta2.pttk.pl\/wp-content\/uploads\/2022\/10\/2.-Sosnie-Ostrowskie-fot.-Tomasz-Rewuski-1536x864.jpg 1536w, https:\/\/turysta2.pttk.pl\/wp-content\/uploads\/2022\/10\/2.-Sosnie-Ostrowskie-fot.-Tomasz-Rewuski-2048x1152.jpg 2048w\" sizes=\"auto, (max-width: 300px) 100vw, 300px\" \/><\/a> <a href=\"https:\/\/turysta2.pttk.pl\/wp-content\/uploads\/2022\/10\/1.-Sosnie-Ostrowskie-fot.-Tomasz-Rewuski-scaled.jpg\"><img loading=\"lazy\" decoding=\"async\" class=\"alignnone size-medium wp-image-27907\" src=\"https:\/\/turysta2.pttk.pl\/wp-content\/uploads\/2022\/10\/1.-Sosnie-Ostrowskie-fot.-Tomasz-Rewuski-300x169.jpg\" alt=\"\" width=\"300\" height=\"169\" srcset=\"https:\/\/turysta2.pttk.pl\/wp-content\/uploads\/2022\/10\/1.-Sosnie-Ostrowskie-fot.-Tomasz-Rewuski-300x169.jpg 300w, https:\/\/turysta2.pttk.pl\/wp-content\/uploads\/2022\/10\/1.-Sosnie-Ostrowskie-fot.-Tomasz-Rewuski-1024x576.jpg 1024w, https:\/\/turysta2.pttk.pl\/wp-content\/uploads\/2022\/10\/1.-Sosnie-Ostrowskie-fot.-Tomasz-Rewuski-768x432.jpg 768w, https:\/\/turysta2.pttk.pl\/wp-content\/uploads\/2022\/10\/1.-Sosnie-Ostrowskie-fot.-Tomasz-Rewuski-1536x864.jpg 1536w, https:\/\/turysta2.pttk.pl\/wp-content\/uploads\/2022\/10\/1.-Sosnie-Ostrowskie-fot.-Tomasz-Rewuski-2048x1152.jpg 2048w\" sizes=\"auto, (max-width: 300px) 100vw, 300px\" \/><\/a><\/p>\n<p><strong><em>Tekst i zdj\u0119cie: Tomasz Rzewuski<\/em><\/strong><\/p>\n<p><em>\u00a0<\/em><\/p>\n<p><strong>Zagna\u0144sk: <\/strong><\/p>\n<p><strong>na wycieczk\u0119 do d\u0119bu Bartek<\/strong><\/p>\n<p>&nbsp;<\/p>\n<p>Zagna\u0144sk to wie\u015b gminna w powiecie kieleckim, nale\u017c\u0105ca niegdy\u015b do biskup\u00f3w krakowskich. Kolej dotar\u0142a tu w 1885 roku jako linia z D\u0119blina do Zag\u0142\u0119bia D\u0105browskiego. Obecnie stacja kolejowa po\u0142o\u017cona jest na linii nr 8 Warszawa\u2013Krak\u00f3w. Zatrzymuj\u0105 si\u0119 tu poci\u0105gi POLREGIO jad\u0105ce od strony Kielc i Skar\u017cyska-Kamiennej. To dobre miejsce na rozpocz\u0119cie w\u0119dr\u00f3wki pieszej lub wyprawy rowerowej do takich atrakcji turystycznych, jak d\u0105b Bartek, rezerwat \u201eZache\u0142mie\u201d (ze \u015bladami tetrapod\u00f3w sprzed kilkunastu milion\u00f3w lat) czy Samson\u00f3w. Pocz\u0105tek ma tu r\u00f3wnie\u017c zielony szlak PTTK do Bli\u017cyna. W samym Zagna\u0144sku warte odwiedzenia s\u0105 m.in. ko\u015bci\u00f3\u0142 \u015bw. Rozalii i Marcina z II po\u0142owy XVII wieku oraz miejscowy cmentarz z mogi\u0142ami polskich \u017co\u0142nierzy z 1939 roku.<\/p>\n<p>&nbsp;<\/p>\n<p><a href=\"https:\/\/turysta2.pttk.pl\/wp-content\/uploads\/2022\/10\/1.-Zagnansk.-Dariusz-ChmielinskiJPG-scaled.jpg\"><img loading=\"lazy\" decoding=\"async\" class=\"alignnone size-medium wp-image-27914\" src=\"https:\/\/turysta2.pttk.pl\/wp-content\/uploads\/2022\/10\/1.-Zagnansk.-Dariusz-ChmielinskiJPG-300x225.jpg\" alt=\"\" width=\"300\" height=\"225\" srcset=\"https:\/\/turysta2.pttk.pl\/wp-content\/uploads\/2022\/10\/1.-Zagnansk.-Dariusz-ChmielinskiJPG-300x225.jpg 300w, https:\/\/turysta2.pttk.pl\/wp-content\/uploads\/2022\/10\/1.-Zagnansk.-Dariusz-ChmielinskiJPG-1024x768.jpg 1024w, https:\/\/turysta2.pttk.pl\/wp-content\/uploads\/2022\/10\/1.-Zagnansk.-Dariusz-ChmielinskiJPG-768x576.jpg 768w, https:\/\/turysta2.pttk.pl\/wp-content\/uploads\/2022\/10\/1.-Zagnansk.-Dariusz-ChmielinskiJPG-1536x1152.jpg 1536w, https:\/\/turysta2.pttk.pl\/wp-content\/uploads\/2022\/10\/1.-Zagnansk.-Dariusz-ChmielinskiJPG-2048x1536.jpg 2048w, https:\/\/turysta2.pttk.pl\/wp-content\/uploads\/2022\/10\/1.-Zagnansk.-Dariusz-ChmielinskiJPG-200x150.jpg 200w\" sizes=\"auto, (max-width: 300px) 100vw, 300px\" \/><\/a> <a href=\"https:\/\/turysta2.pttk.pl\/wp-content\/uploads\/2022\/10\/2.-Zagnansk.Dariusz-ChmielinskiJPG-scaled.jpg\"><img loading=\"lazy\" decoding=\"async\" class=\"alignnone size-medium wp-image-27915\" src=\"https:\/\/turysta2.pttk.pl\/wp-content\/uploads\/2022\/10\/2.-Zagnansk.Dariusz-ChmielinskiJPG-225x300.jpg\" alt=\"\" width=\"225\" height=\"300\" srcset=\"https:\/\/turysta2.pttk.pl\/wp-content\/uploads\/2022\/10\/2.-Zagnansk.Dariusz-ChmielinskiJPG-225x300.jpg 225w, https:\/\/turysta2.pttk.pl\/wp-content\/uploads\/2022\/10\/2.-Zagnansk.Dariusz-ChmielinskiJPG-768x1024.jpg 768w, https:\/\/turysta2.pttk.pl\/wp-content\/uploads\/2022\/10\/2.-Zagnansk.Dariusz-ChmielinskiJPG-1152x1536.jpg 1152w, https:\/\/turysta2.pttk.pl\/wp-content\/uploads\/2022\/10\/2.-Zagnansk.Dariusz-ChmielinskiJPG-1536x2048.jpg 1536w, https:\/\/turysta2.pttk.pl\/wp-content\/uploads\/2022\/10\/2.-Zagnansk.Dariusz-ChmielinskiJPG-scaled.jpg 1920w\" sizes=\"auto, (max-width: 225px) 100vw, 225px\" \/><\/a><\/p>\n<p><strong><em>Tekst i zdj\u0119cie: Dariusz Chmieli\u0144ski<\/em><\/strong><\/p>\n<p>&nbsp;<\/p>\n<p>&nbsp;<\/p>\n<p><strong>Wierzchowice:<\/strong><\/p>\n<p><strong>po przygod\u0119 w Dolinie Baryczy<\/strong><\/p>\n<p>Wierzchowice to jedna ze stacji na linii kolejowej nr 281 z Ole\u015bnicy do Chojnic. \u0141atwo si\u0119 tu dosta\u0107 poci\u0105gami Kolei Dolno\u015bl\u0105skich z Wroc\u0142awia, jak r\u00f3wnie\u017c od strony Jarocina, Milicza i Krotoszyna. Po\u0142o\u017cona w le\u015bnym otoczeniu, niemal\u017ce w sercu Parku Krajobrazowego \u201eDolina Baryczy\u201d, nie wydaje si\u0119, ze wzgl\u0119du na stan budynku dworcowego, atrakcyjnym miejscem.\u00a0 Sama wie\u015b Wierzchowice oddalona jest od dworca jakie\u015b 4 kilometry, ale po drodze, du\u017co bli\u017cej stacji, mija si\u0119 ma\u0142e W\u0105bnice. I cho\u0107 brzmi to ma\u0142o zach\u0119caj\u0105co, to w\u0142a\u015bnie st\u0105d mo\u017cna wyruszy\u0107 we wszystkie kierunki, aby rozpocz\u0105\u0107 kolejn\u0105 turystyczn\u0105 przygod\u0119 w Dolinie Baryczy. Atrakcje historyczne splataj\u0105 si\u0119 tu z pi\u0119knem natury. Kieruj\u0105c si\u0119 na po\u0142udnie do W\u0105bnicy, wchodz\u0105c na niebieski szlak, zwiedzi\u0107 mo\u017cna Mauzoleum Hochberg\u00f3w, za\u015b w Wierzchowicach \u2013 pi\u0119kny ko\u015bci\u00f3\u0142 poewangelicki pw. NMP. Tutaj, na przyko\u015bcielnym cmentarzu, znalaz\u0142 sw\u00f3j wieczny spok\u00f3j Ryszard Szurkowski, legenda naszego kolarstwa. Dalej niebieskim szlakiem mo\u017cna dotrze\u0107 do Kro\u015bnic, gdzie obok dostojnego pa\u0142acu wije si\u0119 kolejka w\u0105skotorowa, powsta\u0142a w 2013 roku. Z Kro\u015bnic mo\u017cna wyruszy\u0107 czerwonym szlakiem w kierunku p\u00f3\u0142nocnego zachodu lub p\u00f3\u0142nocnego wschodu, aby dotrze\u0107 do miejsc, gdzie bieliki obra\u0142y sobie okoliczne stawy za sw\u00f3j dom. Tam czeka nas w\u0119dr\u00f3wka w towarzystwie \u017curawiego klangoru, tubalnego \u015bpiewu b\u0105ka przeplatanego k\u0142\u00f3c\u0105cymi si\u0119\u00a0 pierwiosnkami oraz widokiem na nurkuj\u0105ce perkozy, ta\u0144cz\u0105ce \u017curawie i \u0142ab\u0119dzi balet. To zaledwie namiastka zaskakuj\u0105cych niespodzianek pi\u0119knej doliny, kt\u00f3re trzeba odkry\u0107.<\/p>\n<p><a href=\"https:\/\/turysta2.pttk.pl\/wp-content\/uploads\/2022\/10\/3.-Wierzchowice.-fot.-Joanna-Szczygielska-jpg-scaled.jpg\"><img loading=\"lazy\" decoding=\"async\" class=\"alignnone size-medium wp-image-27913\" src=\"https:\/\/turysta2.pttk.pl\/wp-content\/uploads\/2022\/10\/3.-Wierzchowice.-fot.-Joanna-Szczygielska-jpg-300x169.jpg\" alt=\"\" width=\"300\" height=\"169\" srcset=\"https:\/\/turysta2.pttk.pl\/wp-content\/uploads\/2022\/10\/3.-Wierzchowice.-fot.-Joanna-Szczygielska-jpg-300x169.jpg 300w, https:\/\/turysta2.pttk.pl\/wp-content\/uploads\/2022\/10\/3.-Wierzchowice.-fot.-Joanna-Szczygielska-jpg-1024x576.jpg 1024w, https:\/\/turysta2.pttk.pl\/wp-content\/uploads\/2022\/10\/3.-Wierzchowice.-fot.-Joanna-Szczygielska-jpg-768x432.jpg 768w, https:\/\/turysta2.pttk.pl\/wp-content\/uploads\/2022\/10\/3.-Wierzchowice.-fot.-Joanna-Szczygielska-jpg-1536x864.jpg 1536w, https:\/\/turysta2.pttk.pl\/wp-content\/uploads\/2022\/10\/3.-Wierzchowice.-fot.-Joanna-Szczygielska-jpg-2048x1152.jpg 2048w\" sizes=\"auto, (max-width: 300px) 100vw, 300px\" \/><\/a> <a href=\"https:\/\/turysta2.pttk.pl\/wp-content\/uploads\/2022\/10\/2.-Wierzchowice-fot.-Joanna-Szczygielska-jpg-scaled.jpg\"><img loading=\"lazy\" decoding=\"async\" class=\"alignnone size-medium wp-image-27912\" src=\"https:\/\/turysta2.pttk.pl\/wp-content\/uploads\/2022\/10\/2.-Wierzchowice-fot.-Joanna-Szczygielska-jpg-300x169.jpg\" alt=\"\" width=\"300\" height=\"169\" srcset=\"https:\/\/turysta2.pttk.pl\/wp-content\/uploads\/2022\/10\/2.-Wierzchowice-fot.-Joanna-Szczygielska-jpg-300x169.jpg 300w, https:\/\/turysta2.pttk.pl\/wp-content\/uploads\/2022\/10\/2.-Wierzchowice-fot.-Joanna-Szczygielska-jpg-1024x576.jpg 1024w, https:\/\/turysta2.pttk.pl\/wp-content\/uploads\/2022\/10\/2.-Wierzchowice-fot.-Joanna-Szczygielska-jpg-768x432.jpg 768w, https:\/\/turysta2.pttk.pl\/wp-content\/uploads\/2022\/10\/2.-Wierzchowice-fot.-Joanna-Szczygielska-jpg-1536x864.jpg 1536w, https:\/\/turysta2.pttk.pl\/wp-content\/uploads\/2022\/10\/2.-Wierzchowice-fot.-Joanna-Szczygielska-jpg-2048x1152.jpg 2048w\" sizes=\"auto, (max-width: 300px) 100vw, 300px\" \/><\/a> <a href=\"https:\/\/turysta2.pttk.pl\/wp-content\/uploads\/2022\/10\/1.-Wierzchowice-fot.-Joanna-Szczygielska--scaled.jpg\"><img loading=\"lazy\" decoding=\"async\" class=\"alignnone size-medium wp-image-27911\" src=\"https:\/\/turysta2.pttk.pl\/wp-content\/uploads\/2022\/10\/1.-Wierzchowice-fot.-Joanna-Szczygielska--300x169.jpg\" alt=\"\" width=\"300\" height=\"169\" srcset=\"https:\/\/turysta2.pttk.pl\/wp-content\/uploads\/2022\/10\/1.-Wierzchowice-fot.-Joanna-Szczygielska--300x169.jpg 300w, https:\/\/turysta2.pttk.pl\/wp-content\/uploads\/2022\/10\/1.-Wierzchowice-fot.-Joanna-Szczygielska--1024x576.jpg 1024w, https:\/\/turysta2.pttk.pl\/wp-content\/uploads\/2022\/10\/1.-Wierzchowice-fot.-Joanna-Szczygielska--768x432.jpg 768w, https:\/\/turysta2.pttk.pl\/wp-content\/uploads\/2022\/10\/1.-Wierzchowice-fot.-Joanna-Szczygielska--1536x864.jpg 1536w, https:\/\/turysta2.pttk.pl\/wp-content\/uploads\/2022\/10\/1.-Wierzchowice-fot.-Joanna-Szczygielska--2048x1152.jpg 2048w\" sizes=\"auto, (max-width: 300px) 100vw, 300px\" \/><\/a><\/p>\n<p><strong><em>Tekst i zdj\u0119cie: Joanna Szczygielska<\/em><\/strong><\/p>\n","protected":false},"excerpt":{"rendered":"Wsi\u0105\u015b\u0107 do poci\u0105gu i\u2026 \u00a0 \u2026dotrze\u0107 do nowych szlak\u00f3w i miejsc, kt\u00f3re warto zwiedzi\u0107. Ale najpierw rozejrze\u0107 si\u0119, skierowa\u0107 wzrok na stacyjk\u0119, bo wiele dworc\u00f3w kolejowych w Polsce, po latach zaniedba\u0144, przechodzi lub ju\u017c przesz\u0142o renowacj\u0119. \u00a0 \u00a0 Szklarska Por\u0119ba G\u00f3rna: do Liberca lub Tanvaldu Niekt\u00f3re dworce zosta\u0142y wzbogacone o nowe funkcje (np. poczekalnie z bibliotek\u0105). R\u00f3wnie\u017c najbli\u017csze otoczenie zosta\u0142o&nbsp;<a href=\"https:\/\/turysta2.pttk.pl\/?p=27906\" class=\"read-more\">Continue Reading<\/a>","protected":false},"author":4,"featured_media":27910,"comment_status":"closed","ping_status":"closed","sticky":false,"template":"","format":"standard","meta":{"footnotes":""},"categories":[5],"tags":[],"class_list":["post-27906","post","type-post","status-publish","format-standard","has-post-thumbnail","hentry","category-a-to-polska-wlasnie","cat-5-id"],"aioseo_notices":[],"_links":{"self":[{"href":"https:\/\/turysta2.pttk.pl\/index.php?rest_route=\/wp\/v2\/posts\/27906","targetHints":{"allow":["GET"]}}],"collection":[{"href":"https:\/\/turysta2.pttk.pl\/index.php?rest_route=\/wp\/v2\/posts"}],"about":[{"href":"https:\/\/turysta2.pttk.pl\/index.php?rest_route=\/wp\/v2\/types\/post"}],"author":[{"embeddable":true,"href":"https:\/\/turysta2.pttk.pl\/index.php?rest_route=\/wp\/v2\/users\/4"}],"replies":[{"embeddable":true,"href":"https:\/\/turysta2.pttk.pl\/index.php?rest_route=%2Fwp%2Fv2%2Fcomments&post=27906"}],"version-history":[{"count":3,"href":"https:\/\/turysta2.pttk.pl\/index.php?rest_route=\/wp\/v2\/posts\/27906\/revisions"}],"predecessor-version":[{"id":27918,"href":"https:\/\/turysta2.pttk.pl\/index.php?rest_route=\/wp\/v2\/posts\/27906\/revisions\/27918"}],"wp:featuredmedia":[{"embeddable":true,"href":"https:\/\/turysta2.pttk.pl\/index.php?rest_route=\/wp\/v2\/media\/27910"}],"wp:attachment":[{"href":"https:\/\/turysta2.pttk.pl\/index.php?rest_route=%2Fwp%2Fv2%2Fmedia&parent=27906"}],"wp:term":[{"taxonomy":"category","embeddable":true,"href":"https:\/\/turysta2.pttk.pl\/index.php?rest_route=%2Fwp%2Fv2%2Fcategories&post=27906"},{"taxonomy":"post_tag","embeddable":true,"href":"https:\/\/turysta2.pttk.pl\/index.php?rest_route=%2Fwp%2Fv2%2Ftags&post=27906"}],"curies":[{"name":"wp","href":"https:\/\/api.w.org\/{rel}","templated":true}]}}