{"id":27828,"date":"2022-10-03T18:39:41","date_gmt":"2022-10-03T16:39:41","guid":{"rendered":"https:\/\/turysta2.pttk.pl\/?p=27828"},"modified":"2023-03-27T11:36:57","modified_gmt":"2023-03-27T09:36:57","slug":"drogomolowice","status":"publish","type":"post","link":"https:\/\/turysta2.pttk.pl\/?p=27828","title":{"rendered":"Drogomo\u0142owice"},"content":{"rendered":"<p><strong>Pa\u0142ac w Drogomi\u0142owicach<\/strong><br \/>\nW czasie jednej ze swoich \u00a0rowerowych wypraw, podczas inwentaryzacji krajoznawczej gminy Udanin, dotar\u0142em do Drogomi\u0142owic, gdzie malowniczymi meandrami przez wie\u015b p\u0142ynie Cicha Woda, niewielka rzeczka. Jad\u0105c do wsi od strony zachodniej, zobaczy\u0142em d\u0142ugi kamienny mur o d\u0142ugo\u015bci oko\u0142o dw\u00f3ch kilometr\u00f3w. Oddziela on od szosy za\u0142o\u017cenie dworskie. W pi\u0119knym parku, w kt\u00f3rym rosn\u0105 pomnikowe okazy drzew, stoi neorenesansowy pa\u0142ac wzniesiony w 1840 roku. W jego wn\u0119trzu zachowana jest sala jadalna z ostro\u0142ukowymi blendami, a na jej suficie widnieje sztukateria w formie gwiazd. W naro\u017cniku holu znajduje si\u0119 kamienny kominek. Na po\u0142udniowej osi pa\u0142acu widnieje ryzalit zwie\u0144czony tr\u00f3jk\u0105tnym tympanonem, na parterze za\u015b \u2013 kolumnada z\u0142o\u017cona z kolumn w stylu korynckim. Od po\u0142udnia przed pa\u0142acem znajduje si\u0119 fontanna, w pobli\u017cu ro\u015bnie pomnikowy platan o obwodzie 6,5 metra o roz\u0142o\u017cystej koronie. W p\u00f3\u0142nocno-wschodniej cz\u0119\u015bci za\u0142o\u017cenia dworskiego znajduj\u0105 si\u0119 budynki folwarczne z XIX wieku.<\/p>\n<p>W pa\u0142acu przebywa\u0142 noblista, \u015bl\u0105ski poeta Gerhart Hauptmann, kt\u00f3ry przyje\u017cd\u017ca\u0142 tam do rodziny wuja Gustawa Schuberta zamieszka\u0142ego w\u00f3wczas w Drogomi\u0142owicach. Historia g\u0142osi, \u017ce poeta przebywa\u0142 tu od maja do wrze\u015bnia 1878 roku. Wie\u015b Drogomi\u0142owice jest opisana przez Gerharta Hauptmanna w powie\u015bci <em>Szaleniec bo\u017cy Emanuel Quint<\/em> i w epopei <em>Anna<\/em>. Powsta\u0142y tu te\u017c szkice do dramat\u00f3w: <em>Dromsdorf<\/em> i <em>Die Rose von Dromsdorf<\/em>.<\/p>\n<p>W po\u0142udniowej cz\u0119\u015bci wsi stoi ko\u015bci\u00f3\u0142 filialny pod wezwaniem \u015bw. J\u00f3zefa Oblubie\u0144ca NMP, wzniesiony w XV wieku, przebudowany w XVIII wieku. Od strony zachodniej wznosi si\u0119 wie\u017ca zwie\u0144czona kopulastym dachem z gloriet\u0105.<\/p>\n<p>&nbsp;<\/p>\n\n\t\t<style type=\"text\/css\">\n\t\t\t#gallery-1 {\n\t\t\t\tmargin: auto;\n\t\t\t}\n\t\t\t#gallery-1 .gallery-item {\n\t\t\t\tfloat: left;\n\t\t\t\tmargin-top: 10px;\n\t\t\t\ttext-align: center;\n\t\t\t\twidth: 33%;\n\t\t\t}\n\t\t\t#gallery-1 img {\n\t\t\t\tborder: 2px solid #cfcfcf;\n\t\t\t}\n\t\t\t#gallery-1 .gallery-caption {\n\t\t\t\tmargin-left: 0;\n\t\t\t}\n\t\t\t\/* see gallery_shortcode() in wp-includes\/media.php *\/\n\t\t<\/style>\n\t\t<div id='gallery-1' class='gallery galleryid-27828 gallery-columns-3 gallery-size-thumbnail'><dl class='gallery-item'>\n\t\t\t<dt class='gallery-icon landscape'>\n\t\t\t\t<a href='https:\/\/turysta2.pttk.pl\/?attachment_id=27829'><img loading=\"lazy\" decoding=\"async\" width=\"150\" height=\"150\" src=\"https:\/\/turysta2.pttk.pl\/wp-content\/uploads\/2022\/10\/1.-Jerzy-Maciejewski.-150x150.jpg\" class=\"attachment-thumbnail size-thumbnail\" alt=\"\" \/><\/a>\n\t\t\t<\/dt><\/dl><dl class='gallery-item'>\n\t\t\t<dt class='gallery-icon landscape'>\n\t\t\t\t<a href='https:\/\/turysta2.pttk.pl\/?attachment_id=27830'><img loading=\"lazy\" decoding=\"async\" width=\"150\" height=\"150\" src=\"https:\/\/turysta2.pttk.pl\/wp-content\/uploads\/2022\/10\/2.-fot.Jerzy-Maciejewski.-150x150.jpg\" class=\"attachment-thumbnail size-thumbnail\" alt=\"\" \/><\/a>\n\t\t\t<\/dt><\/dl><dl class='gallery-item'>\n\t\t\t<dt class='gallery-icon portrait'>\n\t\t\t\t<a href='https:\/\/turysta2.pttk.pl\/?attachment_id=27831'><img loading=\"lazy\" decoding=\"async\" width=\"150\" height=\"150\" src=\"https:\/\/turysta2.pttk.pl\/wp-content\/uploads\/2022\/10\/3.-Jerzy-Maciejewski.-150x150.jpg\" class=\"attachment-thumbnail size-thumbnail\" alt=\"\" \/><\/a>\n\t\t\t<\/dt><\/dl><br style=\"clear: both\" \/><dl class='gallery-item'>\n\t\t\t<dt class='gallery-icon landscape'>\n\t\t\t\t<a href='https:\/\/turysta2.pttk.pl\/?attachment_id=27832'><img loading=\"lazy\" decoding=\"async\" width=\"150\" height=\"150\" src=\"https:\/\/turysta2.pttk.pl\/wp-content\/uploads\/2022\/10\/4.-Fot.Jerzy-Maciejewski-150x150.jpg\" class=\"attachment-thumbnail size-thumbnail\" alt=\"\" \/><\/a>\n\t\t\t<\/dt><\/dl><dl class='gallery-item'>\n\t\t\t<dt class='gallery-icon landscape'>\n\t\t\t\t<a href='https:\/\/turysta2.pttk.pl\/?attachment_id=27833'><img loading=\"lazy\" decoding=\"async\" width=\"150\" height=\"150\" src=\"https:\/\/turysta2.pttk.pl\/wp-content\/uploads\/2022\/10\/5.-male-fot.-Jerzy-Maciejewski.-150x150.jpg\" class=\"attachment-thumbnail size-thumbnail\" alt=\"\" \/><\/a>\n\t\t\t<\/dt><\/dl><dl class='gallery-item'>\n\t\t\t<dt class='gallery-icon landscape'>\n\t\t\t\t<a href='https:\/\/turysta2.pttk.pl\/?attachment_id=27834'><img loading=\"lazy\" decoding=\"async\" width=\"150\" height=\"150\" src=\"https:\/\/turysta2.pttk.pl\/wp-content\/uploads\/2022\/10\/6.-male-fot.Jerzy-Maciejewski.-150x150.jpg\" class=\"attachment-thumbnail size-thumbnail\" alt=\"\" \/><\/a>\n\t\t\t<\/dt><\/dl><br style=\"clear: both\" \/>\n\t\t<\/div>\n\n<p><strong><em>Tekst i zdj\u0119cia<\/em><\/strong><strong> Jerzy Maciejewski<\/strong><\/p>\n<p>&nbsp;<\/p>\n<p>&nbsp;<\/p>\n","protected":false},"excerpt":{"rendered":"Pa\u0142ac w Drogomi\u0142owicach W czasie jednej ze swoich \u00a0rowerowych wypraw, podczas inwentaryzacji krajoznawczej gminy Udanin, dotar\u0142em do Drogomi\u0142owic, gdzie malowniczymi meandrami przez wie\u015b p\u0142ynie Cicha Woda, niewielka rzeczka. Jad\u0105c do wsi od strony zachodniej, zobaczy\u0142em d\u0142ugi kamienny mur o d\u0142ugo\u015bci oko\u0142o dw\u00f3ch kilometr\u00f3w. Oddziela on od szosy za\u0142o\u017cenie dworskie. W pi\u0119knym parku, w kt\u00f3rym rosn\u0105 pomnikowe okazy drzew, stoi neorenesansowy&nbsp;<a href=\"https:\/\/turysta2.pttk.pl\/?p=27828\" class=\"read-more\">Continue Reading<\/a>","protected":false},"author":4,"featured_media":27834,"comment_status":"closed","ping_status":"closed","sticky":false,"template":"","format":"standard","meta":{"footnotes":""},"categories":[95,9],"tags":[],"class_list":["post-27828","post","type-post","status-publish","format-standard","has-post-thumbnail","hentry","category-musisz-zobaczyc","category-warto-wiedziec","cat-95-id","cat-9-id"],"aioseo_notices":[],"_links":{"self":[{"href":"https:\/\/turysta2.pttk.pl\/index.php?rest_route=\/wp\/v2\/posts\/27828","targetHints":{"allow":["GET"]}}],"collection":[{"href":"https:\/\/turysta2.pttk.pl\/index.php?rest_route=\/wp\/v2\/posts"}],"about":[{"href":"https:\/\/turysta2.pttk.pl\/index.php?rest_route=\/wp\/v2\/types\/post"}],"author":[{"embeddable":true,"href":"https:\/\/turysta2.pttk.pl\/index.php?rest_route=\/wp\/v2\/users\/4"}],"replies":[{"embeddable":true,"href":"https:\/\/turysta2.pttk.pl\/index.php?rest_route=%2Fwp%2Fv2%2Fcomments&post=27828"}],"version-history":[{"count":1,"href":"https:\/\/turysta2.pttk.pl\/index.php?rest_route=\/wp\/v2\/posts\/27828\/revisions"}],"predecessor-version":[{"id":27835,"href":"https:\/\/turysta2.pttk.pl\/index.php?rest_route=\/wp\/v2\/posts\/27828\/revisions\/27835"}],"wp:featuredmedia":[{"embeddable":true,"href":"https:\/\/turysta2.pttk.pl\/index.php?rest_route=\/wp\/v2\/media\/27834"}],"wp:attachment":[{"href":"https:\/\/turysta2.pttk.pl\/index.php?rest_route=%2Fwp%2Fv2%2Fmedia&parent=27828"}],"wp:term":[{"taxonomy":"category","embeddable":true,"href":"https:\/\/turysta2.pttk.pl\/index.php?rest_route=%2Fwp%2Fv2%2Fcategories&post=27828"},{"taxonomy":"post_tag","embeddable":true,"href":"https:\/\/turysta2.pttk.pl\/index.php?rest_route=%2Fwp%2Fv2%2Ftags&post=27828"}],"curies":[{"name":"wp","href":"https:\/\/api.w.org\/{rel}","templated":true}]}}