{"id":27816,"date":"2022-10-02T17:18:20","date_gmt":"2022-10-02T15:18:20","guid":{"rendered":"https:\/\/turysta2.pttk.pl\/?p=27816"},"modified":"2023-03-27T11:36:58","modified_gmt":"2023-03-27T09:36:58","slug":"jubileusz-oddzialu-pttk-w-krotoszynie","status":"publish","type":"post","link":"https:\/\/turysta2.pttk.pl\/?p=27816","title":{"rendered":"Jubileusz Oddzia\u0142u PTTK w Krotoszynie"},"content":{"rendered":"<p><strong>Jubileusz Oddzia\u0142u PTTK w Krotoszynie<\/strong><\/p>\n<p><a href=\"https:\/\/turysta2.pttk.pl\/wp-content\/uploads\/2022\/10\/70-lat-Krotoszyn-3-fot.-Pawel-Anders-scaled.jpg\"><img loading=\"lazy\" decoding=\"async\" class=\"alignnone size-medium wp-image-27818\" src=\"https:\/\/turysta2.pttk.pl\/wp-content\/uploads\/2022\/10\/70-lat-Krotoszyn-3-fot.-Pawel-Anders-300x225.jpg\" alt=\"\" width=\"300\" height=\"225\" srcset=\"https:\/\/turysta2.pttk.pl\/wp-content\/uploads\/2022\/10\/70-lat-Krotoszyn-3-fot.-Pawel-Anders-300x225.jpg 300w, https:\/\/turysta2.pttk.pl\/wp-content\/uploads\/2022\/10\/70-lat-Krotoszyn-3-fot.-Pawel-Anders-1024x768.jpg 1024w, https:\/\/turysta2.pttk.pl\/wp-content\/uploads\/2022\/10\/70-lat-Krotoszyn-3-fot.-Pawel-Anders-768x576.jpg 768w, https:\/\/turysta2.pttk.pl\/wp-content\/uploads\/2022\/10\/70-lat-Krotoszyn-3-fot.-Pawel-Anders-1536x1152.jpg 1536w, https:\/\/turysta2.pttk.pl\/wp-content\/uploads\/2022\/10\/70-lat-Krotoszyn-3-fot.-Pawel-Anders-2048x1536.jpg 2048w, https:\/\/turysta2.pttk.pl\/wp-content\/uploads\/2022\/10\/70-lat-Krotoszyn-3-fot.-Pawel-Anders-200x150.jpg 200w\" sizes=\"auto, (max-width: 300px) 100vw, 300px\" \/><\/a><\/p>\n<p>&nbsp;<\/p>\n<p><strong>W s\u0142oneczne popo\u0142udnie, w sobot\u0119 25 czerwca 2022 roku, krotoszy\u0144ski Oddzia\u0142 PTTK obchodzi\u0142 swoje 70-lecie. Zawsze nale\u017ca\u0142 do wyr\u00f3\u017cniaj\u0105cych si\u0119 jednostek w regionie, udzielali si\u0119 w nim \u015bwietni dzia\u0142acze.<\/strong><\/p>\n<p><strong>\u00a0<\/strong><\/p>\n<p>Pocz\u0105tkiem PTTK w Krotoszynie by\u0142o ko\u0142o miejskie, kt\u00f3re w 1951 roku z inicjatywy Cecylii Brykczy\u0144skiej za\u0142o\u017cy\u0142o 30 os\u00f3b, a na prezesa wybrano nauczyciela, Franciszka Junczaka. W lutym nast\u0119pnego roku ko\u0142o przekszta\u0142cone zosta\u0142o w oddzia\u0142, z tym samym prezesem.<\/p>\n<p>Przez minione lata zorganizowano kilka tysi\u0119cy imprez, wyszkolono liczn\u0105 kadr\u0119 przodownick\u0105 i przewodnick\u0105. Aktywnie wsp\u00f3\u0142pracowano m.in. w akcjach \u201ePolska naszych dni\u201d i inwentaryzacji krajoznawczej. W ponad 20 szko\u0142ach w mie\u015bcie i powiecie dzia\u0142a\u0142y szkolne ko\u0142a turystyczno-krajoznawcze. Od lat prowadzone s\u0105 referaty weryfikacyjne odznak, oddzia\u0142 zainicjowa\u0142 te\u017c lokaln\u0105 odznak\u0119 \u201eKrotoszanka\u201d. Znakomitymi prezesami jednostki byli Wanda Grabska, Jerzy Grobelny i J\u00f3zef Zdunek, przez wiele lat biuro PTTK prowadzi\u0142a Halina Konieczna. Szczytowy okres rozwoju nast\u0105pi\u0142 w po\u0142owie lat 80., gdy do Oddzia\u0142u nale\u017ca\u0142o 1,5 tys. cz\u0142onk\u00f3w.<\/p>\n<p>Dzi\u0119ki zabiegom dzia\u0142aczy w latach sze\u015b\u0107dziesi\u0105tych uratowano dwa znacz\u0105ce zabytki: \u201eKrotoszank\u0119\u201d \u2013 drewnian\u0105 chat\u0119 podcieniow\u0105 oraz budynek po klasztorze trynitarzy. W chacie mia\u0142o siedzib\u0119 utworzone w 1957 roku Muzeum Regionalne, kt\u00f3re po 12 latach przeniesiono do budynku poklasztornego. Plac\u00f3wka znakomicie si\u0119 rozwija\u0142a i w 1998 roku jej prowadzenie przekazano samorz\u0105dowi miasta i gminy. Dzi\u015b muzeum nosi nazw\u0119 pierwszego opiekuna jego zbior\u00f3w \u2013 Hieronima \u0141awniczaka, aktywnego dzia\u0142acza oddzia\u0142u.<\/p>\n<p>Oddzia\u0142 zajmuje si\u0119 te\u017c wytyczaniem i znakowaniem szlak\u00f3w turystycznych: pieszych (od 1957 roku) i rowerowych (od 2003 roku). Przez 31 lat prowadzi\u0142 Biuro Obs\u0142ugi Ruchu Turystycznego, dzia\u0142a\u0142 tak\u017ce punkt informacji turystycznej. Dzi\u0119ki zabiegom dzia\u0142aczy trzykrotnie (w latach 1994, 2001 i 2017) wydano przewodnik po mie\u015bcie i jego okolicach. Dzia\u0142alno\u015b\u0107 krotoszy\u0144skiego PTTK precyzyjnie opisano w publikacjach wydanych w latach 1992 i 2003, kt\u00f3re opracowa\u0142 J\u00f3zef Zdunek.<\/p>\n<p>Jubileuszowe spotkanie odby\u0142o si\u0119 w kameralnej, plenerowej formie w ogrodzie Kurkowego Bractwa Strzeleckiego. Prezes oddzia\u0142u, Karol Piotrowski, kr\u00f3tko przedstawi\u0142 histori\u0119 jednostki. Przedstawiciele miejscowych w\u0142adz samorz\u0105dowych przekazali okoliczno\u015bciowe upominki. Cz\u0142onkom oddzia\u0142u wr\u0119czono Odznaki Honorowe PTTK, odznaki 50- i 25-lecia przynale\u017cno\u015bci do Towarzystwa oraz inne wyr\u00f3\u017cnienia i dyplomy. Cz\u0119\u015b\u0107 artystyczn\u0105 zapewni\u0142y zespo\u0142y wykonuj\u0105ce piosenki \u017ceglarskie: dzieci\u0119cy z Pogorzeli i m\u0119ski \u201eSkippers\u201d z Krotoszyna.<\/p>\n<p>Obecnie oddzia\u0142 w o\u015bmiu ko\u0142ach skupia 340 cz\u0142onk\u00f3w, kt\u00f3rym nale\u017cy \u017cyczy\u0107 licznych nast\u0119pnych spotka\u0144 i wielu przebytych kilometr\u00f3w na imprezach.<\/p>\n<p>&nbsp;<\/p>\n<p><em>Tekst i zdj\u0119cie<\/em> Pawe\u0142 Anders<\/p>\n<p>&nbsp;<\/p>\n<p>&nbsp;<\/p>\n<p><strong>Podpis do fotografii:<\/strong><\/p>\n<p>Prezesowi oddzia\u0142u Karolowi Piotrowskiemu (z lewej) gratulacje z\u0142o\u017cyli wiceburmistrz Krotoszyna Ryszard Czuszke i wicestarosta Pawe\u0142 Radojewski<\/p>\n","protected":false},"excerpt":{"rendered":"Jubileusz Oddzia\u0142u PTTK w Krotoszynie &nbsp; W s\u0142oneczne popo\u0142udnie, w sobot\u0119 25 czerwca 2022 roku, krotoszy\u0144ski Oddzia\u0142 PTTK obchodzi\u0142 swoje 70-lecie. Zawsze nale\u017ca\u0142 do wyr\u00f3\u017cniaj\u0105cych si\u0119 jednostek w regionie, udzielali si\u0119 w nim \u015bwietni dzia\u0142acze. \u00a0 Pocz\u0105tkiem PTTK w Krotoszynie by\u0142o ko\u0142o miejskie, kt\u00f3re w 1951 roku z inicjatywy Cecylii Brykczy\u0144skiej za\u0142o\u017cy\u0142o 30 os\u00f3b, a na prezesa wybrano nauczyciela, Franciszka&nbsp;<a href=\"https:\/\/turysta2.pttk.pl\/?p=27816\" class=\"read-more\">Continue Reading<\/a>","protected":false},"author":4,"featured_media":27818,"comment_status":"closed","ping_status":"closed","sticky":false,"template":"","format":"standard","meta":{"footnotes":""},"categories":[93,9],"tags":[],"class_list":["post-27816","post","type-post","status-publish","format-standard","has-post-thumbnail","hentry","category-aktualnosci","category-warto-wiedziec","cat-93-id","cat-9-id"],"aioseo_notices":[],"_links":{"self":[{"href":"https:\/\/turysta2.pttk.pl\/index.php?rest_route=\/wp\/v2\/posts\/27816","targetHints":{"allow":["GET"]}}],"collection":[{"href":"https:\/\/turysta2.pttk.pl\/index.php?rest_route=\/wp\/v2\/posts"}],"about":[{"href":"https:\/\/turysta2.pttk.pl\/index.php?rest_route=\/wp\/v2\/types\/post"}],"author":[{"embeddable":true,"href":"https:\/\/turysta2.pttk.pl\/index.php?rest_route=\/wp\/v2\/users\/4"}],"replies":[{"embeddable":true,"href":"https:\/\/turysta2.pttk.pl\/index.php?rest_route=%2Fwp%2Fv2%2Fcomments&post=27816"}],"version-history":[{"count":1,"href":"https:\/\/turysta2.pttk.pl\/index.php?rest_route=\/wp\/v2\/posts\/27816\/revisions"}],"predecessor-version":[{"id":27819,"href":"https:\/\/turysta2.pttk.pl\/index.php?rest_route=\/wp\/v2\/posts\/27816\/revisions\/27819"}],"wp:featuredmedia":[{"embeddable":true,"href":"https:\/\/turysta2.pttk.pl\/index.php?rest_route=\/wp\/v2\/media\/27818"}],"wp:attachment":[{"href":"https:\/\/turysta2.pttk.pl\/index.php?rest_route=%2Fwp%2Fv2%2Fmedia&parent=27816"}],"wp:term":[{"taxonomy":"category","embeddable":true,"href":"https:\/\/turysta2.pttk.pl\/index.php?rest_route=%2Fwp%2Fv2%2Fcategories&post=27816"},{"taxonomy":"post_tag","embeddable":true,"href":"https:\/\/turysta2.pttk.pl\/index.php?rest_route=%2Fwp%2Fv2%2Ftags&post=27816"}],"curies":[{"name":"wp","href":"https:\/\/api.w.org\/{rel}","templated":true}]}}