{"id":27813,"date":"2022-10-02T17:04:55","date_gmt":"2022-10-02T15:04:55","guid":{"rendered":"https:\/\/turysta2.pttk.pl\/?p=27813"},"modified":"2023-03-27T11:36:58","modified_gmt":"2023-03-27T09:36:58","slug":"regionalny-oddzial-pttk-slaska-opolskiego-po-wyborach","status":"publish","type":"post","link":"https:\/\/turysta2.pttk.pl\/?p=27813","title":{"rendered":"Regionalny Oddzia\u0142 PTTK \u015al\u0105ska Opolskiego po wyborach"},"content":{"rendered":"<p><strong>Regionalny Oddzia\u0142 PTTK \u015al\u0105ska Opolskiego po wyborach<\/strong><\/p>\n<p>&nbsp;<\/p>\n<p><a href=\"https:\/\/turysta2.pttk.pl\/wp-content\/uploads\/2022\/10\/1.-fot.-Jerzy-Tomczak.jpg\"><img loading=\"lazy\" decoding=\"async\" class=\"alignnone size-medium wp-image-27814\" src=\"https:\/\/turysta2.pttk.pl\/wp-content\/uploads\/2022\/10\/1.-fot.-Jerzy-Tomczak-300x169.jpg\" alt=\"\" width=\"300\" height=\"169\" srcset=\"https:\/\/turysta2.pttk.pl\/wp-content\/uploads\/2022\/10\/1.-fot.-Jerzy-Tomczak-300x169.jpg 300w, https:\/\/turysta2.pttk.pl\/wp-content\/uploads\/2022\/10\/1.-fot.-Jerzy-Tomczak-1024x576.jpg 1024w, https:\/\/turysta2.pttk.pl\/wp-content\/uploads\/2022\/10\/1.-fot.-Jerzy-Tomczak-768x432.jpg 768w, https:\/\/turysta2.pttk.pl\/wp-content\/uploads\/2022\/10\/1.-fot.-Jerzy-Tomczak.jpg 1335w\" sizes=\"auto, (max-width: 300px) 100vw, 300px\" \/><\/a><\/p>\n<p>&nbsp;<\/p>\n<p>&nbsp;<\/p>\n<p>11 czerwca 2022 roku w sali \u201eOr\u0142a Bia\u0142ego\u201d Urz\u0119du Marsza\u0142kowskiego Wojew\u00f3dztwa Opolskiego w Opolu odby\u0142 si\u0119 VIII Walny Zjazd Sprawozdawczo-Wyborczy Oddzia\u0142u Regionalnego PTTK \u015al\u0105ska Opolskiego (OR PTTK \u015aO). Wzi\u0119\u0142o w nim udzia\u0142 42 delegat\u00f3w, co stanowi\u0142o 95,5 proc. os\u00f3b uprawnionych do g\u0142osowania. W czasie zjazdu podsumowano dzia\u0142alno\u015b\u0107 oddzia\u0142u w latach 2017\u20132021. W minionej kadencji ko\u0142a i kluby zorganizowa\u0142y \u0142\u0105cznie 292 imprezy i rajdy turystyczne na terenie kraju i poza jego granicami, w kt\u00f3rych uczestniczy\u0142o 12 240 os\u00f3b. Kadra programowa OR PTTK \u015aO liczy 178 os\u00f3b, kt\u00f3re posiadaj\u0105 255 uprawnie\u0144 przodownik\u00f3w, instruktor\u00f3w, przewodnik\u00f3w i znakarzy. Ponadto referaty weryfikacyjne odznak turystyki kwalifikowanej zweryfikowa\u0142y 740 odznak GOT PTTK, 76 odznak kolarskich oraz 56 regionalnych odznak krajoznawczych. Podczas zjazdu cz\u0142onkom OR PTTK \u015aO wr\u0119czono 48 wyr\u00f3\u017cnie\u0144 przyznanych przez ZG PTTK i OR PTTK \u015aO. Szczeg\u00f3lnie zas\u0142u\u017ceni dzia\u0142acze PTTK \u2013 Gra\u017cyna Szumiec, Dariusz Ch\u0105dzi\u0144ski, Jacek Ramus i Andrzej Kubiczek \u2013 otrzymali Z\u0142ote Honorowe Odznaki PTTK. Z kolei odznakami \u201e50 lat w PTTK\u201d zosta\u0142y uhonorowane nast\u0119puj\u0105ce osoby: Maria Mleczko-Kr\u00f3l, Teresa Noco\u0144-Hadasz, Jan Bia\u0142ek, Lucjusz Bilik, J\u00f3zef Korycki i Wies\u0142aw Kilja\u0144ski. W trakcie obrad, na podstawie g\u0142osowania, delegaci oddzia\u0142u przyj\u0119li jako obowi\u0105zuj\u0105cy Statut Polskiego Towarzystwa Turystyczno-Krajoznawczego. Dokonano wyboru nowego Zarz\u0105du Oddzia\u0142u Regionalnego PTTK \u015al\u0105ska Opolskiego w sk\u0142adzie: Lucjusz Bilik \u2013 prezes, Dariusz Ch\u0105dzi\u0144ski \u2013 wiceprezes, Jacek Ramus \u2013 wiceprezes ds. organizacyjnych, Andrzej Kubiczek \u2013 skarbnik, Ma\u0142gorzata Konopka \u2013 sekretarz, Micha\u0142 Kaczmarek \u2013 cz\u0142onek zarz\u0105du, Robert Posid \u2013 cz\u0142onek zarz\u0105du.<\/p>\n<p>&nbsp;<\/p>\n<p><em>Tekst <\/em>Micha\u0142 Kaczmarek<\/p>\n<p><em>Zdj\u0119cie<\/em> Jerzy Tomczak<\/p>\n","protected":false},"excerpt":{"rendered":"Regionalny Oddzia\u0142 PTTK \u015al\u0105ska Opolskiego po wyborach &nbsp; &nbsp; &nbsp; 11 czerwca 2022 roku w sali \u201eOr\u0142a Bia\u0142ego\u201d Urz\u0119du Marsza\u0142kowskiego Wojew\u00f3dztwa Opolskiego w Opolu odby\u0142 si\u0119 VIII Walny Zjazd Sprawozdawczo-Wyborczy Oddzia\u0142u Regionalnego PTTK \u015al\u0105ska Opolskiego (OR PTTK \u015aO). Wzi\u0119\u0142o w nim udzia\u0142 42 delegat\u00f3w, co stanowi\u0142o 95,5 proc. os\u00f3b uprawnionych do g\u0142osowania. W czasie zjazdu podsumowano dzia\u0142alno\u015b\u0107 oddzia\u0142u w latach&nbsp;<a href=\"https:\/\/turysta2.pttk.pl\/?p=27813\" class=\"read-more\">Continue Reading<\/a>","protected":false},"author":4,"featured_media":27814,"comment_status":"closed","ping_status":"closed","sticky":false,"template":"","format":"standard","meta":{"footnotes":""},"categories":[93,9],"tags":[],"class_list":["post-27813","post","type-post","status-publish","format-standard","has-post-thumbnail","hentry","category-aktualnosci","category-warto-wiedziec","cat-93-id","cat-9-id"],"aioseo_notices":[],"_links":{"self":[{"href":"https:\/\/turysta2.pttk.pl\/index.php?rest_route=\/wp\/v2\/posts\/27813","targetHints":{"allow":["GET"]}}],"collection":[{"href":"https:\/\/turysta2.pttk.pl\/index.php?rest_route=\/wp\/v2\/posts"}],"about":[{"href":"https:\/\/turysta2.pttk.pl\/index.php?rest_route=\/wp\/v2\/types\/post"}],"author":[{"embeddable":true,"href":"https:\/\/turysta2.pttk.pl\/index.php?rest_route=\/wp\/v2\/users\/4"}],"replies":[{"embeddable":true,"href":"https:\/\/turysta2.pttk.pl\/index.php?rest_route=%2Fwp%2Fv2%2Fcomments&post=27813"}],"version-history":[{"count":1,"href":"https:\/\/turysta2.pttk.pl\/index.php?rest_route=\/wp\/v2\/posts\/27813\/revisions"}],"predecessor-version":[{"id":27815,"href":"https:\/\/turysta2.pttk.pl\/index.php?rest_route=\/wp\/v2\/posts\/27813\/revisions\/27815"}],"wp:featuredmedia":[{"embeddable":true,"href":"https:\/\/turysta2.pttk.pl\/index.php?rest_route=\/wp\/v2\/media\/27814"}],"wp:attachment":[{"href":"https:\/\/turysta2.pttk.pl\/index.php?rest_route=%2Fwp%2Fv2%2Fmedia&parent=27813"}],"wp:term":[{"taxonomy":"category","embeddable":true,"href":"https:\/\/turysta2.pttk.pl\/index.php?rest_route=%2Fwp%2Fv2%2Fcategories&post=27813"},{"taxonomy":"post_tag","embeddable":true,"href":"https:\/\/turysta2.pttk.pl\/index.php?rest_route=%2Fwp%2Fv2%2Ftags&post=27813"}],"curies":[{"name":"wp","href":"https:\/\/api.w.org\/{rel}","templated":true}]}}