{"id":27807,"date":"2022-10-02T16:49:53","date_gmt":"2022-10-02T14:49:53","guid":{"rendered":"https:\/\/turysta2.pttk.pl\/?p=27807"},"modified":"2023-03-27T11:36:59","modified_gmt":"2023-03-27T09:36:59","slug":"koty-kopernika","status":"publish","type":"post","link":"https:\/\/turysta2.pttk.pl\/?p=27807","title":{"rendered":"Koty Kopernika"},"content":{"rendered":"<p><strong>Koty Kopernika<\/strong><\/p>\n<p>&nbsp;<\/p>\n<p>Pod takim tytu\u0142em odby\u0142 si\u0119 w Olsztynie konkurs plastyczny dla dzieci. Pomys\u0142 na \u201eKoty Kopernika\u201d zrodzi\u0142 si\u0119 w Oddziale Warmi\u0144sko-Mazurskim PTTK w Olsztynie, podchwyci\u0142a go Alicja Szarzy\u0144ska z Oddzia\u0142u Doskonalenia Nauczycieli, do wsp\u00f3\u0142pracy do\u0142\u0105czy\u0142o olszty\u0144skie Planetarium.<\/p>\n<p>Koty Kopernika? Tak, okazuje si\u0119, \u017ce nasz wybitny astronom mia\u0142 co najmniej dwa, burego i rudego. A prawda ta wysz\u0142a na jaw przy okazji bardzo powa\u017cnych bada\u0144 naukowych maj\u0105cych potwierdzi\u0107 prawdziwo\u015b\u0107 szcz\u0105tk\u00f3w doczesnych astronoma. W poszukiwaniu genetycznego materia\u0142u por\u00f3wnawczego przejrzano przechowywane w Szwecji ksi\u0119gi Miko\u0142aja Kopernika, znaleziono w\u0142osy. Przy dok\u0142adnym badaniu okaza\u0142o si\u0119, \u017ce cz\u0119\u015b\u0107 z nich nale\u017ca\u0142a do Kopernika, ale niekt\u00f3re to sier\u015b\u0107 jego kot\u00f3w.<\/p>\n<p>Konkurs s\u0142u\u017cy\u0142 popularyzacji postaci Kopernika, mieszka\u0144ca Warmii przez 40 lat, na rok przed 550. rocznic\u0105 jego urodzin. Uczestnikami by\u0142y dzieci z przedszkoli i pierwszych trzech klas szk\u00f3\u0142 podstawowych.<\/p>\n<p>Wyobra\u017ania m\u0142odych artyst\u00f3w nie zna granic, pomys\u0142\u00f3w na koty Miko\u0142aja by\u0142o mn\u00f3stwo, posypa\u0142y si\u0119 nagrody. Wr\u0119czone zosta\u0142y w Planetarium, kt\u00f3re powsta\u0142o 49 lat temu z okazji 500. rocznicy urodzin wybitnego mieszka\u0144ca Olsztyna.<\/p>\n<p>Uczestnicy fina\u0142u konkursu obejrzeli jeden z program\u00f3w pod kopu\u0142\u0105 planetarium, a nast\u0119pnie odebrali nagrody z r\u0105k samego Miko\u0142aja Kopernika, w kt\u00f3rego wcieli\u0142 si\u0119 prezes miejscowego oddzia\u0142u PTTK.<\/p>\n<p>&nbsp;<\/p>\n<p><em>Tekst<\/em> Marian Jurak<\/p>\n<p><em>Zdj\u0119cia<\/em> Alicja Szarzy\u0144ska<\/p>\n\n\t\t<style type=\"text\/css\">\n\t\t\t#gallery-1 {\n\t\t\t\tmargin: auto;\n\t\t\t}\n\t\t\t#gallery-1 .gallery-item {\n\t\t\t\tfloat: left;\n\t\t\t\tmargin-top: 10px;\n\t\t\t\ttext-align: center;\n\t\t\t\twidth: 33%;\n\t\t\t}\n\t\t\t#gallery-1 img {\n\t\t\t\tborder: 2px solid #cfcfcf;\n\t\t\t}\n\t\t\t#gallery-1 .gallery-caption {\n\t\t\t\tmargin-left: 0;\n\t\t\t}\n\t\t\t\/* see gallery_shortcode() in wp-includes\/media.php *\/\n\t\t<\/style>\n\t\t<div id='gallery-1' class='gallery galleryid-27807 gallery-columns-3 gallery-size-thumbnail'><dl class='gallery-item'>\n\t\t\t<dt class='gallery-icon landscape'>\n\t\t\t\t<a href='https:\/\/turysta2.pttk.pl\/?attachment_id=27808'><img loading=\"lazy\" decoding=\"async\" width=\"150\" height=\"150\" src=\"https:\/\/turysta2.pttk.pl\/wp-content\/uploads\/2022\/10\/fot.-Alicja-Szarzynska-1-150x150.jpg\" class=\"attachment-thumbnail size-thumbnail\" alt=\"\" \/><\/a>\n\t\t\t<\/dt><\/dl><dl class='gallery-item'>\n\t\t\t<dt class='gallery-icon landscape'>\n\t\t\t\t<a href='https:\/\/turysta2.pttk.pl\/?attachment_id=27809'><img loading=\"lazy\" decoding=\"async\" width=\"150\" height=\"150\" src=\"https:\/\/turysta2.pttk.pl\/wp-content\/uploads\/2022\/10\/fot.-Alicja-Szarzynska--150x150.jpg\" class=\"attachment-thumbnail size-thumbnail\" alt=\"\" \/><\/a>\n\t\t\t<\/dt><\/dl><dl class='gallery-item'>\n\t\t\t<dt class='gallery-icon landscape'>\n\t\t\t\t<a href='https:\/\/turysta2.pttk.pl\/?attachment_id=27810'><img loading=\"lazy\" decoding=\"async\" width=\"150\" height=\"150\" src=\"https:\/\/turysta2.pttk.pl\/wp-content\/uploads\/2022\/10\/fot.-Alicja-Szarzynska1-150x150.jpg\" class=\"attachment-thumbnail size-thumbnail\" alt=\"\" \/><\/a>\n\t\t\t<\/dt><\/dl><br style=\"clear: both\" \/><dl class='gallery-item'>\n\t\t\t<dt class='gallery-icon landscape'>\n\t\t\t\t<a href='https:\/\/turysta2.pttk.pl\/?attachment_id=27811'><img loading=\"lazy\" decoding=\"async\" width=\"150\" height=\"150\" src=\"https:\/\/turysta2.pttk.pl\/wp-content\/uploads\/2022\/10\/fot.-Alicja-Szarzynska-150x150.jpg\" class=\"attachment-thumbnail size-thumbnail\" alt=\"\" \/><\/a>\n\t\t\t<\/dt><\/dl>\n\t\t\t<br style='clear: both' \/>\n\t\t<\/div>\n\n","protected":false},"excerpt":{"rendered":"Koty Kopernika &nbsp; Pod takim tytu\u0142em odby\u0142 si\u0119 w Olsztynie konkurs plastyczny dla dzieci. Pomys\u0142 na \u201eKoty Kopernika\u201d zrodzi\u0142 si\u0119 w Oddziale Warmi\u0144sko-Mazurskim PTTK w Olsztynie, podchwyci\u0142a go Alicja Szarzy\u0144ska z Oddzia\u0142u Doskonalenia Nauczycieli, do wsp\u00f3\u0142pracy do\u0142\u0105czy\u0142o olszty\u0144skie Planetarium. Koty Kopernika? Tak, okazuje si\u0119, \u017ce nasz wybitny astronom mia\u0142 co najmniej dwa, burego i rudego. A prawda ta wysz\u0142a na&nbsp;<a href=\"https:\/\/turysta2.pttk.pl\/?p=27807\" class=\"read-more\">Continue Reading<\/a>","protected":false},"author":4,"featured_media":27811,"comment_status":"closed","ping_status":"closed","sticky":false,"template":"","format":"standard","meta":{"footnotes":""},"categories":[93,9],"tags":[],"class_list":["post-27807","post","type-post","status-publish","format-standard","has-post-thumbnail","hentry","category-aktualnosci","category-warto-wiedziec","cat-93-id","cat-9-id"],"aioseo_notices":[],"_links":{"self":[{"href":"https:\/\/turysta2.pttk.pl\/index.php?rest_route=\/wp\/v2\/posts\/27807","targetHints":{"allow":["GET"]}}],"collection":[{"href":"https:\/\/turysta2.pttk.pl\/index.php?rest_route=\/wp\/v2\/posts"}],"about":[{"href":"https:\/\/turysta2.pttk.pl\/index.php?rest_route=\/wp\/v2\/types\/post"}],"author":[{"embeddable":true,"href":"https:\/\/turysta2.pttk.pl\/index.php?rest_route=\/wp\/v2\/users\/4"}],"replies":[{"embeddable":true,"href":"https:\/\/turysta2.pttk.pl\/index.php?rest_route=%2Fwp%2Fv2%2Fcomments&post=27807"}],"version-history":[{"count":1,"href":"https:\/\/turysta2.pttk.pl\/index.php?rest_route=\/wp\/v2\/posts\/27807\/revisions"}],"predecessor-version":[{"id":27812,"href":"https:\/\/turysta2.pttk.pl\/index.php?rest_route=\/wp\/v2\/posts\/27807\/revisions\/27812"}],"wp:featuredmedia":[{"embeddable":true,"href":"https:\/\/turysta2.pttk.pl\/index.php?rest_route=\/wp\/v2\/media\/27811"}],"wp:attachment":[{"href":"https:\/\/turysta2.pttk.pl\/index.php?rest_route=%2Fwp%2Fv2%2Fmedia&parent=27807"}],"wp:term":[{"taxonomy":"category","embeddable":true,"href":"https:\/\/turysta2.pttk.pl\/index.php?rest_route=%2Fwp%2Fv2%2Fcategories&post=27807"},{"taxonomy":"post_tag","embeddable":true,"href":"https:\/\/turysta2.pttk.pl\/index.php?rest_route=%2Fwp%2Fv2%2Ftags&post=27807"}],"curies":[{"name":"wp","href":"https:\/\/api.w.org\/{rel}","templated":true}]}}