{"id":27742,"date":"2022-09-17T18:07:05","date_gmt":"2022-09-17T16:07:05","guid":{"rendered":"https:\/\/turysta2.pttk.pl\/?p=27742"},"modified":"2023-03-27T11:37:00","modified_gmt":"2023-03-27T09:37:00","slug":"z-klasera-krajoznawcy-karkonosze","status":"publish","type":"post","link":"https:\/\/turysta2.pttk.pl\/?p=27742","title":{"rendered":"Z klasera krajoznawcy. Karkonosze"},"content":{"rendered":"<p>&nbsp;<\/p>\n<p><strong>\u00a0<\/strong><\/p>\n<p><strong>Z klasera krajoznawcy: Karkonosze <\/strong><\/p>\n<p><strong>\u00a0<\/strong><\/p>\n<p><strong>Jedn\u0105 z najpopularniejszych dziedzin kolekcjonerstwa krajoznawczego jest filatelistyka.<br \/>\nW tematycznym zbiorze regionalnym jest miejsce dla znaczk\u00f3w i kartek pocztowych, kasownik\u00f3w okoliczno\u015bciowych, frankatur mechanicznych i r\u00f3\u017cnorodnych druk\u00f3w pocztowych<\/strong>.<\/p>\n<p>Od 2018 roku do wystaw filatelistycznych dopuszczone zosta\u0142y eksponaty w klasie otwartej, w kt\u00f3rych mog\u0105 by\u0107 przedstawiane wraz z wydawnictwami pocztowymi tak\u017ce inne zwi\u0105zane z prezentowanym tematem, np. fotografie, bilety kolejowe czy wst\u0119pu do muze\u00f3w, programy teatralne, rozk\u0142ady jazdy itp. Pierwszy odcinek cyklu po\u015bwi\u0119cony jest Karkonoszom, miejscu jubileuszowego 50. CZAK, podczas kt\u00f3rego prezentowane b\u0119d\u0105 tak\u017ce r\u00f3\u017cnorodne kolekcje krajoznawcze. Przedstawiamy kilka walor\u00f3w z naszego gromadzonego od kilkudziesi\u0119ciu lat karkonosko-izerskiego zbioru filatelistycznego.<\/p>\n<p>Najpi\u0119kniejszym z nich jest blok czeski wydany w 2005 roku, z seri\u0105 znaczk\u00f3w \u201eChroniona fauna i flora Karkonoszy\u201d, na kt\u00f3rym opr\u00f3cz charakterystycznych fragment\u00f3w krajobrazu przedstawiono 22 ro\u015bliny i zwierz\u0119ta (Il.1). S\u0105 tu znaczki Poczty Polskiej: z wydania na przesy\u0142ki lotnicze z 1957 roku z motywem \u201ekrajobrazu karkonoskiego\u201d, kojarz\u0105cy si\u0119 z Z\u0119bem Rekina w \u015anie\u017cnych Kot\u0142ach, i Poczty Republiki Czeskiej z 1971 roku z herbem Trutnova wraz okoliczno\u015bciowym kasownikiem (Il.2\u20133). Nie mog\u0142o zabrakn\u0105\u0107 datownik\u00f3w Karkonoskiego Parku Narodowego (Il. 4\u20135) oraz ze schronisk PTTK, reprezentowanych przez \u201eSamotni\u0119\u201d, \u201eKochan\u00f3wk\u0119\u201d i \u201ePod \u0141abskim Szczytem\u201d oraz nieistniej\u0105ce ju\u017c im. Bronis\u0142awa Czecha na Polanie w Karpaczu (Il. 6\u20139). S\u0105 kartki pocztowe przedstawiaj\u0105ce karkonoskie krajobrazy (Il. 10\u201311). Widzimy tak\u017ce tutejsze najbardziej tajemnicze postacie: Ducha G\u00f3r, czyli Liczyrzep\u0119 (Il.12\u201313) i czeskiego \u201eodkrywc\u0119 wszystkiego\u201d, jakim \u201eby\u0142\u201d J\u00e1ra Cimrman (Il. 14).<\/p>\n<p>&nbsp;<\/p>\n<p>Tekst i skany: Janusz Turakiewicz<\/p>\n<p>&nbsp;<\/p>\n<table width=\"605\">\n<tbody>\n<tr>\n<td width=\"302\"><a href=\"https:\/\/turysta2.pttk.pl\/wp-content\/uploads\/2022\/09\/1.jpg\"><img loading=\"lazy\" decoding=\"async\" class=\"alignnone size-medium wp-image-27743\" src=\"https:\/\/turysta2.pttk.pl\/wp-content\/uploads\/2022\/09\/1-200x300.jpg\" alt=\"\" width=\"200\" height=\"300\" srcset=\"https:\/\/turysta2.pttk.pl\/wp-content\/uploads\/2022\/09\/1-200x300.jpg 200w, https:\/\/turysta2.pttk.pl\/wp-content\/uploads\/2022\/09\/1.jpg 682w\" sizes=\"auto, (max-width: 200px) 100vw, 200px\" \/><\/a><\/td>\n<td width=\"302\">Il.1. Przedstawiciele karkonoskiej flory i fauny na tle \u015anie\u017cki<\/td>\n<\/tr>\n<tr>\n<td width=\"302\"><a href=\"https:\/\/turysta2.pttk.pl\/wp-content\/uploads\/2022\/09\/2.jpg\"><img loading=\"lazy\" decoding=\"async\" class=\"alignnone size-full wp-image-27744\" src=\"https:\/\/turysta2.pttk.pl\/wp-content\/uploads\/2022\/09\/2.jpg\" alt=\"\" width=\"146\" height=\"289\" \/><\/a><\/td>\n<td width=\"302\">Il. 2. Pierwszy polski znaczek pocztowy po\u015bwi\u0119cony Karkonoszom<\/td>\n<\/tr>\n<tr>\n<td width=\"302\"><a href=\"https:\/\/turysta2.pttk.pl\/wp-content\/uploads\/2022\/09\/3-1.jpg\"><img loading=\"lazy\" decoding=\"async\" class=\"alignnone size-full wp-image-27745\" src=\"https:\/\/turysta2.pttk.pl\/wp-content\/uploads\/2022\/09\/3-1.jpg\" alt=\"\" width=\"180\" height=\"260\" \/><\/a><\/td>\n<td width=\"302\">Il.3. Herb le\u017c\u0105cego na Podg\u00f3rzu Karkonoskim miasta Trutnov<\/td>\n<\/tr>\n<tr>\n<td width=\"302\"><a href=\"https:\/\/turysta2.pttk.pl\/wp-content\/uploads\/2022\/09\/4.jpg\"><img loading=\"lazy\" decoding=\"async\" class=\"alignnone size-full wp-image-27746\" src=\"https:\/\/turysta2.pttk.pl\/wp-content\/uploads\/2022\/09\/4.jpg\" alt=\"\" width=\"206\" height=\"216\" \/><\/a><\/td>\n<td width=\"302\">Il. 4. Kasowniki KPN: z 1971 roku, gdy siedziba Parku mie\u015bci\u0142a si\u0119 w Sobieszowie<\/p>\n<p>&nbsp;<\/p>\n<p>&nbsp;<\/td>\n<\/tr>\n<tr>\n<td width=\"302\"><a href=\"https:\/\/turysta2.pttk.pl\/wp-content\/uploads\/2022\/09\/5.jpg\"><img loading=\"lazy\" decoding=\"async\" class=\"alignnone size-medium wp-image-27747\" src=\"https:\/\/turysta2.pttk.pl\/wp-content\/uploads\/2022\/09\/5-300x226.jpg\" alt=\"\" width=\"300\" height=\"226\" srcset=\"https:\/\/turysta2.pttk.pl\/wp-content\/uploads\/2022\/09\/5-300x226.jpg 300w, https:\/\/turysta2.pttk.pl\/wp-content\/uploads\/2022\/09\/5-200x150.jpg 200w, https:\/\/turysta2.pttk.pl\/wp-content\/uploads\/2022\/09\/5.jpg 310w\" sizes=\"auto, (max-width: 300px) 100vw, 300px\" \/><\/a><\/td>\n<td width=\"302\">Il. 5. \u2026i z 1984 roku, po w\u0142\u0105czeniu tego miasta do Jeleniej G\u00f3ry<\/p>\n<p>&nbsp;<\/p>\n<p>&nbsp;<\/p>\n<p>&nbsp;<\/p>\n<p>&nbsp;<\/p>\n<p>&nbsp;<\/td>\n<\/tr>\n<tr>\n<td width=\"302\"><a href=\"https:\/\/turysta2.pttk.pl\/wp-content\/uploads\/2022\/09\/6.jpg\"><img loading=\"lazy\" decoding=\"async\" class=\"alignnone size-medium wp-image-27748\" src=\"https:\/\/turysta2.pttk.pl\/wp-content\/uploads\/2022\/09\/6-300x187.jpg\" alt=\"\" width=\"300\" height=\"187\" srcset=\"https:\/\/turysta2.pttk.pl\/wp-content\/uploads\/2022\/09\/6-300x187.jpg 300w, https:\/\/turysta2.pttk.pl\/wp-content\/uploads\/2022\/09\/6.jpg 355w\" sizes=\"auto, (max-width: 300px) 100vw, 300px\" \/><\/a><\/td>\n<td width=\"302\">Il. 6. Kasowniki karkonoskich schronisk PTTK<\/p>\n<p>&nbsp;<\/p>\n<p>&nbsp;<\/p>\n<p>&nbsp;<\/p>\n<p>&nbsp;<\/p>\n<p>&nbsp;<\/td>\n<\/tr>\n<tr>\n<td width=\"302\"><a href=\"https:\/\/turysta2.pttk.pl\/wp-content\/uploads\/2022\/09\/7.jpg\"><img loading=\"lazy\" decoding=\"async\" class=\"alignnone size-medium wp-image-27749\" src=\"https:\/\/turysta2.pttk.pl\/wp-content\/uploads\/2022\/09\/7-300x242.jpg\" alt=\"\" width=\"300\" height=\"242\" srcset=\"https:\/\/turysta2.pttk.pl\/wp-content\/uploads\/2022\/09\/7-300x242.jpg 300w, https:\/\/turysta2.pttk.pl\/wp-content\/uploads\/2022\/09\/7.jpg 302w\" sizes=\"auto, (max-width: 300px) 100vw, 300px\" \/><\/a><\/td>\n<td width=\"302\">Il. 7.<\/p>\n<p>&nbsp;<\/p>\n<p>&nbsp;<\/p>\n<p>&nbsp;<\/p>\n<p>&nbsp;<\/p>\n<p>&nbsp;<\/td>\n<\/tr>\n<tr>\n<td width=\"302\"><a href=\"https:\/\/turysta2.pttk.pl\/wp-content\/uploads\/2022\/09\/8.jpg\"><img loading=\"lazy\" decoding=\"async\" class=\"alignnone size-medium wp-image-27750\" src=\"https:\/\/turysta2.pttk.pl\/wp-content\/uploads\/2022\/09\/8-300x221.jpg\" alt=\"\" width=\"300\" height=\"221\" srcset=\"https:\/\/turysta2.pttk.pl\/wp-content\/uploads\/2022\/09\/8-300x221.jpg 300w, https:\/\/turysta2.pttk.pl\/wp-content\/uploads\/2022\/09\/8.jpg 335w\" sizes=\"auto, (max-width: 300px) 100vw, 300px\" \/><\/a><\/td>\n<td width=\"302\">Il. 8.<\/p>\n<p>&nbsp;<\/p>\n<p>&nbsp;<\/p>\n<p>&nbsp;<\/p>\n<p>&nbsp;<\/td>\n<\/tr>\n<tr>\n<td width=\"302\"><a href=\"https:\/\/turysta2.pttk.pl\/wp-content\/uploads\/2022\/09\/9.jpg\"><img loading=\"lazy\" decoding=\"async\" class=\"alignnone size-medium wp-image-27751\" src=\"https:\/\/turysta2.pttk.pl\/wp-content\/uploads\/2022\/09\/9-300x186.jpg\" alt=\"\" width=\"300\" height=\"186\" srcset=\"https:\/\/turysta2.pttk.pl\/wp-content\/uploads\/2022\/09\/9-300x186.jpg 300w, https:\/\/turysta2.pttk.pl\/wp-content\/uploads\/2022\/09\/9.jpg 354w\" sizes=\"auto, (max-width: 300px) 100vw, 300px\" \/><\/a><\/td>\n<td width=\"302\">Il. 9.<\/p>\n<p>&nbsp;<\/p>\n<p>&nbsp;<\/p>\n<p>&nbsp;<\/p>\n<p>&nbsp;<\/p>\n<p>&nbsp;<\/td>\n<\/tr>\n<tr>\n<td width=\"302\"><a href=\"https:\/\/turysta2.pttk.pl\/wp-content\/uploads\/2022\/09\/10.jpg\"><img loading=\"lazy\" decoding=\"async\" class=\"alignnone size-medium wp-image-27752\" src=\"https:\/\/turysta2.pttk.pl\/wp-content\/uploads\/2022\/09\/10-300x215.jpg\" alt=\"\" width=\"300\" height=\"215\" srcset=\"https:\/\/turysta2.pttk.pl\/wp-content\/uploads\/2022\/09\/10-300x215.jpg 300w, https:\/\/turysta2.pttk.pl\/wp-content\/uploads\/2022\/09\/10.jpg 303w\" sizes=\"auto, (max-width: 300px) 100vw, 300px\" \/><\/a><a href=\"https:\/\/turysta2.pttk.pl\/wp-content\/uploads\/2022\/09\/11.jpg\"><img loading=\"lazy\" decoding=\"async\" class=\"alignnone size-medium wp-image-27753\" src=\"https:\/\/turysta2.pttk.pl\/wp-content\/uploads\/2022\/09\/11-300x212.jpg\" alt=\"\" width=\"300\" height=\"212\" srcset=\"https:\/\/turysta2.pttk.pl\/wp-content\/uploads\/2022\/09\/11-300x212.jpg 300w, https:\/\/turysta2.pttk.pl\/wp-content\/uploads\/2022\/09\/11.jpg 694w\" sizes=\"auto, (max-width: 300px) 100vw, 300px\" \/><\/a><\/td>\n<td width=\"302\">Il. 10-11. Kartki pocztowe z wydanej w 2009 roku serii \u201ePi\u0119kno ziemi polskiej \u2013 Dolny \u015al\u0105sk\u201d<\/p>\n<p>&nbsp;<\/p>\n<p>&nbsp;<\/td>\n<\/tr>\n<tr>\n<td width=\"302\"><\/td>\n<td width=\"302\"><\/td>\n<\/tr>\n<tr>\n<td width=\"302\"><a href=\"https:\/\/turysta2.pttk.pl\/wp-content\/uploads\/2022\/09\/12.jpg\"><img loading=\"lazy\" decoding=\"async\" class=\"alignnone size-medium wp-image-27754\" src=\"https:\/\/turysta2.pttk.pl\/wp-content\/uploads\/2022\/09\/12-300x219.jpg\" alt=\"\" width=\"300\" height=\"219\" srcset=\"https:\/\/turysta2.pttk.pl\/wp-content\/uploads\/2022\/09\/12-300x219.jpg 300w, https:\/\/turysta2.pttk.pl\/wp-content\/uploads\/2022\/09\/12.jpg 372w\" sizes=\"auto, (max-width: 300px) 100vw, 300px\" \/><\/a><\/td>\n<td width=\"302\">Il. 12. Duch G\u00f3r Karkonosz (Liczyrzepa, Rzepi\u00f3r, Rzepolicz, czes. Krakono\u0161, Krkono\u0161, niem. R\u00fcbezahl) na kartce pocztowej i kasowniku z 2020 roku oraz znaczku Poczty RFN z serii \u201eBa\u015bnie i legendy\u201d wydanej w 1997 roku<\/td>\n<\/tr>\n<tr>\n<td width=\"302\"><a href=\"https:\/\/turysta2.pttk.pl\/wp-content\/uploads\/2022\/09\/13.jpg\"><img loading=\"lazy\" decoding=\"async\" class=\"alignnone size-full wp-image-27755\" src=\"https:\/\/turysta2.pttk.pl\/wp-content\/uploads\/2022\/09\/13.jpg\" alt=\"\" width=\"142\" height=\"212\" \/><\/a><\/td>\n<td width=\"302\">Il.13.<\/p>\n<p>&nbsp;<\/td>\n<\/tr>\n<tr>\n<td width=\"302\"><a href=\"https:\/\/turysta2.pttk.pl\/wp-content\/uploads\/2022\/09\/14.jpg\"><img loading=\"lazy\" decoding=\"async\" class=\"alignnone size-full wp-image-27756\" src=\"https:\/\/turysta2.pttk.pl\/wp-content\/uploads\/2022\/09\/14.jpg\" alt=\"\" width=\"179\" height=\"184\" \/><\/a><\/td>\n<td width=\"302\">Il. 14. Znaczek beznomina\u0142owy Poczty Czeskiej z 2014 roku z przedstawieniem \u201ejednej ze 136 mo\u017cliwych postaci Jary Cimrmana \u2013 wynalazcy okr\u0105g\u0142ego znaczka\u201d<\/td>\n<\/tr>\n<\/tbody>\n<\/table>\n<p>&nbsp;<\/p>\n<p>&nbsp;<\/p>\n","protected":false},"excerpt":{"rendered":"&nbsp; \u00a0 Z klasera krajoznawcy: Karkonosze \u00a0 Jedn\u0105 z najpopularniejszych dziedzin kolekcjonerstwa krajoznawczego jest filatelistyka. W tematycznym zbiorze regionalnym jest miejsce dla znaczk\u00f3w i kartek pocztowych, kasownik\u00f3w okoliczno\u015bciowych, frankatur mechanicznych i r\u00f3\u017cnorodnych druk\u00f3w pocztowych. Od 2018 roku do wystaw filatelistycznych dopuszczone zosta\u0142y eksponaty w klasie otwartej, w kt\u00f3rych mog\u0105 by\u0107 przedstawiane wraz z wydawnictwami pocztowymi tak\u017ce inne zwi\u0105zane z prezentowanym&nbsp;<a href=\"https:\/\/turysta2.pttk.pl\/?p=27742\" class=\"read-more\">Continue Reading<\/a>","protected":false},"author":4,"featured_media":27756,"comment_status":"closed","ping_status":"closed","sticky":false,"template":"","format":"standard","meta":{"footnotes":""},"categories":[81,14],"tags":[],"class_list":["post-27742","post","type-post","status-publish","format-standard","has-post-thumbnail","hentry","category-kolekcjonerstwo","category-krajoznawstwo","cat-81-id","cat-14-id"],"aioseo_notices":[],"_links":{"self":[{"href":"https:\/\/turysta2.pttk.pl\/index.php?rest_route=\/wp\/v2\/posts\/27742","targetHints":{"allow":["GET"]}}],"collection":[{"href":"https:\/\/turysta2.pttk.pl\/index.php?rest_route=\/wp\/v2\/posts"}],"about":[{"href":"https:\/\/turysta2.pttk.pl\/index.php?rest_route=\/wp\/v2\/types\/post"}],"author":[{"embeddable":true,"href":"https:\/\/turysta2.pttk.pl\/index.php?rest_route=\/wp\/v2\/users\/4"}],"replies":[{"embeddable":true,"href":"https:\/\/turysta2.pttk.pl\/index.php?rest_route=%2Fwp%2Fv2%2Fcomments&post=27742"}],"version-history":[{"count":3,"href":"https:\/\/turysta2.pttk.pl\/index.php?rest_route=\/wp\/v2\/posts\/27742\/revisions"}],"predecessor-version":[{"id":27796,"href":"https:\/\/turysta2.pttk.pl\/index.php?rest_route=\/wp\/v2\/posts\/27742\/revisions\/27796"}],"wp:featuredmedia":[{"embeddable":true,"href":"https:\/\/turysta2.pttk.pl\/index.php?rest_route=\/wp\/v2\/media\/27756"}],"wp:attachment":[{"href":"https:\/\/turysta2.pttk.pl\/index.php?rest_route=%2Fwp%2Fv2%2Fmedia&parent=27742"}],"wp:term":[{"taxonomy":"category","embeddable":true,"href":"https:\/\/turysta2.pttk.pl\/index.php?rest_route=%2Fwp%2Fv2%2Fcategories&post=27742"},{"taxonomy":"post_tag","embeddable":true,"href":"https:\/\/turysta2.pttk.pl\/index.php?rest_route=%2Fwp%2Fv2%2Ftags&post=27742"}],"curies":[{"name":"wp","href":"https:\/\/api.w.org\/{rel}","templated":true}]}}