{"id":27734,"date":"2022-09-17T17:53:10","date_gmt":"2022-09-17T15:53:10","guid":{"rendered":"https:\/\/turysta2.pttk.pl\/?p=27734"},"modified":"2023-03-27T11:37:00","modified_gmt":"2023-03-27T09:37:00","slug":"woal-i-millefiori-skarby-w-muzeum-karkonoskim-w-jeleniej-gorze","status":"publish","type":"post","link":"https:\/\/turysta2.pttk.pl\/?p=27734","title":{"rendered":"WOAL i MILLEFIORI \u2013 SKARBY  W MUZEUM KARKONOSKIM  W JELENIEJ G\u00d3RZE"},"content":{"rendered":"<p><strong>Woal i millefiori \u2013 skarby Muzeum Karkonoski<\/strong><strong>ego<\/strong><\/p>\n\n\t\t<style type=\"text\/css\">\n\t\t\t#gallery-1 {\n\t\t\t\tmargin: auto;\n\t\t\t}\n\t\t\t#gallery-1 .gallery-item {\n\t\t\t\tfloat: left;\n\t\t\t\tmargin-top: 10px;\n\t\t\t\ttext-align: center;\n\t\t\t\twidth: 33%;\n\t\t\t}\n\t\t\t#gallery-1 img {\n\t\t\t\tborder: 2px solid #cfcfcf;\n\t\t\t}\n\t\t\t#gallery-1 .gallery-caption {\n\t\t\t\tmargin-left: 0;\n\t\t\t}\n\t\t\t\/* see gallery_shortcode() in wp-includes\/media.php *\/\n\t\t<\/style>\n\t\t<div id='gallery-1' class='gallery galleryid-27734 gallery-columns-3 gallery-size-thumbnail'><dl class='gallery-item'>\n\t\t\t<dt class='gallery-icon landscape'>\n\t\t\t\t<a href='https:\/\/turysta2.pttk.pl\/?attachment_id=27735'><img loading=\"lazy\" decoding=\"async\" width=\"150\" height=\"150\" src=\"https:\/\/turysta2.pttk.pl\/wp-content\/uploads\/2022\/09\/Budynek_muzeum_z_194-r.fot_.Tadeusz_Prociak-150x150.jpg\" class=\"attachment-thumbnail size-thumbnail\" alt=\"\" \/><\/a>\n\t\t\t<\/dt><\/dl><dl class='gallery-item'>\n\t\t\t<dt class='gallery-icon landscape'>\n\t\t\t\t<a href='https:\/\/turysta2.pttk.pl\/?attachment_id=27736'><img loading=\"lazy\" decoding=\"async\" width=\"150\" height=\"150\" src=\"https:\/\/turysta2.pttk.pl\/wp-content\/uploads\/2022\/09\/chata_sudecka_fot.Tadeusz_Prociak-150x150.jpg\" class=\"attachment-thumbnail size-thumbnail\" alt=\"\" \/><\/a>\n\t\t\t<\/dt><\/dl><dl class='gallery-item'>\n\t\t\t<dt class='gallery-icon landscape'>\n\t\t\t\t<a href='https:\/\/turysta2.pttk.pl\/?attachment_id=27737'><img loading=\"lazy\" decoding=\"async\" width=\"150\" height=\"150\" src=\"https:\/\/turysta2.pttk.pl\/wp-content\/uploads\/2022\/09\/Ekspozycja_szkla_historycznego_fot.Tadeusz_Prociak-150x150.jpg\" class=\"attachment-thumbnail size-thumbnail\" alt=\"\" \/><\/a>\n\t\t\t<\/dt><\/dl><br style=\"clear: both\" \/><dl class='gallery-item'>\n\t\t\t<dt class='gallery-icon landscape'>\n\t\t\t\t<a href='https:\/\/turysta2.pttk.pl\/?attachment_id=27738'><img loading=\"lazy\" decoding=\"async\" width=\"150\" height=\"150\" src=\"https:\/\/turysta2.pttk.pl\/wp-content\/uploads\/2022\/09\/Millefiori_fot.Arkadiusz_Podstawka-150x150.jpg\" class=\"attachment-thumbnail size-thumbnail\" alt=\"\" \/><\/a>\n\t\t\t<\/dt><\/dl><dl class='gallery-item'>\n\t\t\t<dt class='gallery-icon landscape'>\n\t\t\t\t<a href='https:\/\/turysta2.pttk.pl\/?attachment_id=27739'><img loading=\"lazy\" decoding=\"async\" width=\"150\" height=\"150\" src=\"https:\/\/turysta2.pttk.pl\/wp-content\/uploads\/2022\/09\/Przedni_dziedziniec.fot_.Archiwum_Muzeum_Karkonoskie-150x150.jpg\" class=\"attachment-thumbnail size-thumbnail\" alt=\"\" \/><\/a>\n\t\t\t<\/dt><\/dl><dl class='gallery-item'>\n\t\t\t<dt class='gallery-icon landscape'>\n\t\t\t\t<a href='https:\/\/turysta2.pttk.pl\/?attachment_id=27740'><img loading=\"lazy\" decoding=\"async\" width=\"150\" height=\"150\" src=\"https:\/\/turysta2.pttk.pl\/wp-content\/uploads\/2022\/09\/Wnetrze_Chaty_sudeckiej_fot.Tadeusz_Prociak-150x150.jpg\" class=\"attachment-thumbnail size-thumbnail\" alt=\"\" \/><\/a>\n\t\t\t<\/dt><\/dl><br style=\"clear: both\" \/>\n\t\t<\/div>\n\n<p><strong>Sudety Zachodnie z ich najwy\u017cszym pasmem, czyli Karkonoszami, zwanymi tradycyjnie G\u00f3rami Olbrzymimi, to region niezwykle bogaty i interesuj\u0105cy pod ka\u017cdym wzgl\u0119dem: krajobrazowym, naturalnym, przyrodniczym, a tak\u017ce historycznym. Skomplikowane dzieje zamieszkiwania cz\u0142owieka w g\u00f3rach i u ich st\u00f3p spowodowa\u0142y, \u017ce kultura materialna spo\u0142ecze\u0144stw tu zamieszkuj\u0105cych jest wyj\u0105tkowo r\u00f3\u017cnorodna i barwna.<\/strong><\/p>\n<p>Prezentacja tego dorobku w interesuj\u0105cej, nowoczesnej formie to g\u0142\u00f3wny cel Muzeum Karkonoskiego w Jeleniej G\u00f3rze \u2013 najwi\u0119kszej muzealnej plac\u00f3wki regionu. Plac\u00f3wka ta jest instytucj\u0105 kultury Samorz\u0105du Wojew\u00f3dztwa Dolno\u015bl\u0105skiego. Jeleniog\u00f3rskie tradycje muzealnicze si\u0119gaj\u0105 ju\u017c schy\u0142ku XIX wieku i s\u0105 nierozerwalnie zwi\u0105zane z Riesengebirgsverein (Towarzystwem Karkonoskim) \u2013 niemieck\u0105 organizacj\u0105 turystyczn\u0105 zajmuj\u0105c\u0105 si\u0119 m.in. gromadzeniem regionalnych pami\u0105tek i eksponat\u00f3w. Obecny gmach Muzeum RGV zosta\u0142 wzniesiony w 1914 roku dzi\u0119ki sk\u0142adkom cz\u0142onkowskim Towarzystwa. Pierwotnie muzeum zajmowa\u0142o si\u0119 gromadzeniem wszelkich zbior\u00f3w regionalnych zar\u00f3wno zwi\u0105zanych z dzia\u0142alno\u015bci\u0105 cz\u0142owieka, jak i przyrodniczych. Za za\u0142o\u017cyciela i organizatora muzeum uznawany jest niemiecki krajoznawca Hugo Seydel.<\/p>\n<p>Po zako\u0144czeniu II wojny \u015bwiatowej w 1945 roku zbiory muzealne uleg\u0142y cz\u0119\u015bciowemu rozproszeniu, m.in. zasilaj\u0105c du\u017ce polskie muzea (np. Muzeum Narodowe w Warszawie, Zamek Kr\u00f3lewski na Wawelu w Krakowie), jednak\u017ce w 1948 roku uda\u0142o si\u0119 ponownie otworzy\u0107 instytucj\u0119 pod polsk\u0105 administracj\u0105, pocz\u0105tkowo jako Muzeum Regionalne, p\u00f3\u017aniej (w latach 1975\u20132001) jako Muzeum Okr\u0119gowe, a obecnie powr\u00f3cono do historycznej nazwy: Muzeum Karkonoskie, cho\u0107 obszar zainteresowa\u0144 muzealnych to nie tylko Karkonosze, lecz tak\u017ce Kotlina Jeleniog\u00f3rska, G\u00f3ry Izerskie i Kaczawskie oraz Rudawy Janowickie. Od lat powojennych muzeum koncentruje si\u0119 na kolekcjonowaniu, opracowywaniu i udost\u0119pnianiu zbior\u00f3w zwi\u0105zanych z dzia\u0142alno\u015bci\u0105 cz\u0142owieka: rzemios\u0142em, sztuk\u0105, histori\u0105. W zwi\u0105zku z istnieniem w Jeleniej G\u00f3rze-Cieplicach Muzeum Przyrodniczego zrezygnowano z gromadzenia zbior\u00f3w zwi\u0105zanych z przyrod\u0105, flor\u0105 i faun\u0105.<\/p>\n<p>Wsp\u00f3\u0142cze\u015bnie Muzeum Karkonoskie w Jeleniej G\u00f3rze to du\u017ca, nowoczesna i pr\u0119\u017cnie dzia\u0142aj\u0105ca instytucja kultury, koncentruj\u0105ca si\u0119 przede wszystkim na dzia\u0142alno\u015bci wystawienniczej, ale r\u00f3wnie\u017c bior\u0105ca udzia\u0142 w du\u017cych projektach mi\u0119dzynarodowych, prowadz\u0105ca dzia\u0142alno\u015b\u0107 o\u015bwiatow\u0105, edukacyjn\u0105 oraz wydawnicz\u0105.<\/p>\n<p>Zbiory Muzeum Karkonoskiego licz\u0105 kilkadziesi\u0105t tysi\u0119cy eksponat\u00f3w z zakresu archeologii, historii, historii sztuki, etnografii. Zabytki mo\u017cna ogl\u0105da\u0107 na wystawach sta\u0142ych i wystawach czasowych. W 2013 roku zako\u0144czono projekt polsko-czeski, finansowany przez Uni\u0119 Europejsk\u0105, w ramach kt\u00f3rego budynki muzealne zosta\u0142y rozbudowane, natomiast wystawy sta\u0142e zmodernizowano, nowocze\u015bnie zaaran\u017cowano i wyposa\u017cono w liczne multimedia. Aktualnie w muzeum mo\u017cna ogl\u0105da\u0107 dwie wystawy sta\u0142e: wystawa <em>Z historii Jeleniej G\u00f3ry i regionu<\/em> prezentuje zabytki od pocz\u0105tku osadnictwa ludzkiego w Sudetach<br \/>\nw starszej epoce kamienia, poprzez pradzieje i \u015bredniowiecze, a\u017c do wsp\u00f3\u0142czesno\u015bci. Szczeg\u00f3ln\u0105 uwag\u0119 po\u015bwi\u0119cono powstaniu Jeleniej G\u00f3ry jako miasta lokacyjnego u schy\u0142ku XIII wieku, w okresie najbogatszego rozwoju miasta w XVII i XVIII wieku, barokowemu wygl\u0105dowi miasta i jego najwa\u017cniejszemu zabytkowi architektonicznemu: pierwotnie ewangelickiemu ko\u015bcio\u0142owi \u0141aski.\u00a0 Czas \u201ez\u0142otego wieku\u201d Jeleniej G\u00f3ry ilustruj\u0105 na wystawie tkaniny \u2013 delikatne woale. Ten wyj\u0105tkowy gatunek materia\u0142u, wytwarzany z lnu<br \/>\nw karkonoskich tkalniach i warsztatach dzi\u0119ki wynalezieniu nowej technologii produkcji krosien tkackich, sta\u0142 si\u0119 \u017ar\u00f3d\u0142em bogactwa jeleniog\u00f3rskich kupc\u00f3w. Ich wp\u0142ywy handlowe si\u0119ga\u0142y daleko w Europie, a nawet za oceanem, dzi\u0119ki czemu miasto si\u0119 rozwija\u0142o, rozbudowywa\u0142o, a wok\u00f3\u0142 niego powstawa\u0142y luksusowe rezydencje, pa\u0142ace i ogrody. To w\u0142a\u015bnie zamo\u017cno\u015b\u0107 ewangelickich w wi\u0119kszo\u015bci kupc\u00f3w pozwoli\u0142a na fundacj\u0119 niezwykle bogatego wystroju ko\u015bcio\u0142a \u0141aski.<\/p>\n<p>Osobna, istotna cz\u0119\u015b\u0107 wystawy, to wymiana ludno\u015bci po 1945 roku polscy osiedle\u0144cy z ich \u201epami\u0105tkami w\u0119dr\u00f3wki\u201d, pocz\u0105tki polskiej administracji i kultury. Wystawa wzbogacona jest o pulpity dotykowe, mapy i wizualizacje multimedialne. Druga wystawa sta\u0142a prezentuje najbogatsz\u0105 kolekcj\u0119 muzeum: zbiory szk\u0142a artystycznego. W oparciu o kilkusetletni\u0105 tradycj\u0119 karkonosko-izerskiego hutnictwa szk\u0142a zaprezentowano w porz\u0105dku chronologicznym najwa\u017cniejsze zabytki miejscowe na tle artystycznego szk\u0142a europejskiego. Na wystawie \u201ezmie\u015bci\u0142a si\u0119\u201d zaledwie cz\u0119\u015b\u0107 z 10 tysi\u0119cy egzemplarzy w kolekcji uznawanej za najbogatsz\u0105 tego typu w Polsce. Szczeg\u00f3lnie warto zwr\u00f3ci\u0107 uwag\u0119 na kryszta\u0142owe, barokowe tzw. puchary \u015bl\u0105skie \u2013 rytowane, czasem zdobione rubinowym filigranem, produkowane od pocz\u0105tku XVII wieku w hutach Szklarskiej Por\u0119by.<\/p>\n<p>R\u00f3wnie unikatowymi zabytkami s\u0105 miejscowe, \u015bl\u0105skie pr\u00f3by na\u015bladowania szk\u0142a w technice, tzw. millefiori. Ta niezwykle trudna i skomplikowana technologia produkcji szk\u0142a, znana ju\u017c ze staro\u017cytno\u015bci, szczeg\u00f3lnie rozwini\u0119ta by\u0142a w XVI-wiecznej Wenecji. Polega\u0142a ona na stapianiu ze sob\u0105 wielobarwnych pr\u0119t\u00f3w i nitek szklanych, kt\u00f3re nast\u0119pnie ci\u0119to i wtapiano<br \/>\nw wi\u0119ksze formy, uzyskuj\u0105c efekt motywu kwiat\u00f3w i gwiazdek. W ten spos\u00f3b produkowano koraliki, wisiorki, ale tak\u017ce ca\u0142e naczynia: wazy, puchary, dzbany. Na wystawie sta\u0142ej szk\u0142a artystycznego prezentowane s\u0105 zar\u00f3wno weneckie przyk\u0142ady szkie\u0142 millefiori, jak i wyroby miejscowe z hut J\u00f3zefina i Carlstahl w Szklarskiej Por\u0119bie, co \u015bwiadczy o wyj\u0105tkowej bieg\u0142o\u015bci i kunszcie miejscowych hutnik\u00f3w.<\/p>\n<p>Poza wystawami sta\u0142ymi w Muzeum Karkonoskim prezentowane s\u0105 w cyklach dwu\u2013trzymiesi\u0119cznych wystawy czasowe, na kt\u00f3rych mo\u017cna zobaczy\u0107 zar\u00f3wno zbiory zewn\u0119trzne, jak i w\u0142asne, liczne kolekcje, jakimi muzeum mo\u017ce si\u0119 poszczyci\u0107 (m.in. bogata kolekcja malarstwa karkonoskiego, grafiki XIX-wieczne tzw. szko\u0142y kowarskiej, grafika wsp\u00f3\u0142czesna J\u00f3zefa Gielniaka itd.). Muzeum organizuje i wsp\u00f3\u0142organizuje mi\u0119dzynarodowe konkursy artystyczne (Mi\u0119dzynarodowy Konkurs Graficzny im. J. Gielniaka, Mi\u0119dzynarodowe Biennale Fotografii G\u00f3rskiej), kt\u00f3rych efekty pokazywane s\u0105 na wystawach pokonkursowych.<\/p>\n<p>W sk\u0142ad Muzeum Karkonoskiego, opr\u00f3cz siedziby g\u0142\u00f3wnej przy ul. J. Matejki 28<br \/>\nw Jeleniej G\u00f3rze, wchodz\u0105 jeszcze trzy oddzia\u0142y: Muzeum Historii i Militari\u00f3w \u2013 Skansen Broni Ci\u0119\u017ckiej przy ul. Sudeckiej 83 w Jeleniej G\u00f3rze z plenerow\u0105 ekspozycj\u0105 uzbrojenia wojskowego (czo\u0142g, \u015bmig\u0142owiec, wyrzutnie rakiet, stacje radiolokacyjne), Oddzia\u0142 Dom Carla i Gerharta Hauptmann\u00f3w przy ul. 11 Listopada 23 w Szklarskiej Por\u0119bie ze zbiorami malarstwa karkonoskiego, ekspozycj\u0105 po\u015bwi\u0119con\u0105 przed- i powojennym koloniom artystycznym<br \/>\nw Szklarskiej Por\u0119bie (m. in.. malarstwo Wlastimila Hofmana) oraz Oddzia\u0142 Muzeum Zamek<br \/>\nw Bolkowie \u2013 \u015bredniowieczna warownia ksi\u0119stwa \u015bwidnicko-jaworskiego, prezentuj\u0105ca kultur\u0119 rycersk\u0105. Na zamku w Bolkowie organizowane s\u0105 tak\u017ce wydarzenia promuj\u0105ce kultur\u0119 \u015bredniowieczn\u0105 (turnieje rycerskie) oraz najwi\u0119kszy w Europie \u015arodkowej festiwal rockowej muzyki gotyckiej i mrocznej \u2013 Castle Party.<\/p>\n<p>Serdecznie zapraszamy do odwiedzenia wszystkich oddzia\u0142\u00f3w Muzeum Karkonoskiego w Jeleniej G\u00f3rze \u2013 szczeg\u00f3\u0142y zwiedzania na stronie internetowej <a href=\"https:\/\/www.muzeumkarkonoskie.pl\/\">https:\/\/www.muzeumkarkonoskie.pl\/<\/a> oraz w muzealnych mediach spo\u0142eczno\u015bciowych.<\/p>\n<p>&nbsp;<\/p>\n<p>Tekst: Tomasz Miszczyk<\/p>\n<p>Zdj\u0119cia: Archiwum Muzeum Karkonoskie, Tadeusz Prociak<\/p>\n<p>&nbsp;<\/p>\n<p>&nbsp;<\/p>\n<p>&nbsp;<\/p>\n","protected":false},"excerpt":{"rendered":"Woal i millefiori \u2013 skarby Muzeum Karkonoskiego Sudety Zachodnie z ich najwy\u017cszym pasmem, czyli Karkonoszami, zwanymi tradycyjnie G\u00f3rami Olbrzymimi, to region niezwykle bogaty i interesuj\u0105cy pod ka\u017cdym wzgl\u0119dem: krajobrazowym, naturalnym, przyrodniczym, a tak\u017ce historycznym. Skomplikowane dzieje zamieszkiwania cz\u0142owieka w g\u00f3rach i u ich st\u00f3p spowodowa\u0142y, \u017ce kultura materialna spo\u0142ecze\u0144stw tu zamieszkuj\u0105cych jest wyj\u0105tkowo r\u00f3\u017cnorodna i barwna. Prezentacja tego dorobku w&nbsp;<a href=\"https:\/\/turysta2.pttk.pl\/?p=27734\" class=\"read-more\">Continue Reading<\/a>","protected":false},"author":4,"featured_media":27738,"comment_status":"closed","ping_status":"closed","sticky":false,"template":"","format":"standard","meta":{"footnotes":""},"categories":[81,14],"tags":[],"class_list":["post-27734","post","type-post","status-publish","format-standard","has-post-thumbnail","hentry","category-kolekcjonerstwo","category-krajoznawstwo","cat-81-id","cat-14-id"],"aioseo_notices":[],"_links":{"self":[{"href":"https:\/\/turysta2.pttk.pl\/index.php?rest_route=\/wp\/v2\/posts\/27734","targetHints":{"allow":["GET"]}}],"collection":[{"href":"https:\/\/turysta2.pttk.pl\/index.php?rest_route=\/wp\/v2\/posts"}],"about":[{"href":"https:\/\/turysta2.pttk.pl\/index.php?rest_route=\/wp\/v2\/types\/post"}],"author":[{"embeddable":true,"href":"https:\/\/turysta2.pttk.pl\/index.php?rest_route=\/wp\/v2\/users\/4"}],"replies":[{"embeddable":true,"href":"https:\/\/turysta2.pttk.pl\/index.php?rest_route=%2Fwp%2Fv2%2Fcomments&post=27734"}],"version-history":[{"count":1,"href":"https:\/\/turysta2.pttk.pl\/index.php?rest_route=\/wp\/v2\/posts\/27734\/revisions"}],"predecessor-version":[{"id":27741,"href":"https:\/\/turysta2.pttk.pl\/index.php?rest_route=\/wp\/v2\/posts\/27734\/revisions\/27741"}],"wp:featuredmedia":[{"embeddable":true,"href":"https:\/\/turysta2.pttk.pl\/index.php?rest_route=\/wp\/v2\/media\/27738"}],"wp:attachment":[{"href":"https:\/\/turysta2.pttk.pl\/index.php?rest_route=%2Fwp%2Fv2%2Fmedia&parent=27734"}],"wp:term":[{"taxonomy":"category","embeddable":true,"href":"https:\/\/turysta2.pttk.pl\/index.php?rest_route=%2Fwp%2Fv2%2Fcategories&post=27734"},{"taxonomy":"post_tag","embeddable":true,"href":"https:\/\/turysta2.pttk.pl\/index.php?rest_route=%2Fwp%2Fv2%2Ftags&post=27734"}],"curies":[{"name":"wp","href":"https:\/\/api.w.org\/{rel}","templated":true}]}}