{"id":27729,"date":"2022-09-17T17:49:28","date_gmt":"2022-09-17T15:49:28","guid":{"rendered":"https:\/\/turysta2.pttk.pl\/?p=27729"},"modified":"2023-03-27T11:37:00","modified_gmt":"2023-03-27T09:37:00","slug":"szkola-z-turystyka-na-ty","status":"publish","type":"post","link":"https:\/\/turysta2.pttk.pl\/?p=27729","title":{"rendered":"Szko\u0142a z turystyk\u0105 na Ty"},"content":{"rendered":"<p><strong>\u00a0<\/strong><\/p>\n<p><strong>Szko\u0142a z turystyk\u0105 \u201ena ty\u201d<\/strong><\/p>\n\n\t\t<style type=\"text\/css\">\n\t\t\t#gallery-1 {\n\t\t\t\tmargin: auto;\n\t\t\t}\n\t\t\t#gallery-1 .gallery-item {\n\t\t\t\tfloat: left;\n\t\t\t\tmargin-top: 10px;\n\t\t\t\ttext-align: center;\n\t\t\t\twidth: 33%;\n\t\t\t}\n\t\t\t#gallery-1 img {\n\t\t\t\tborder: 2px solid #cfcfcf;\n\t\t\t}\n\t\t\t#gallery-1 .gallery-caption {\n\t\t\t\tmargin-left: 0;\n\t\t\t}\n\t\t\t\/* see gallery_shortcode() in wp-includes\/media.php *\/\n\t\t<\/style>\n\t\t<div id='gallery-1' class='gallery galleryid-27729 gallery-columns-3 gallery-size-thumbnail'><dl class='gallery-item'>\n\t\t\t<dt class='gallery-icon landscape'>\n\t\t\t\t<a href='https:\/\/turysta2.pttk.pl\/?attachment_id=27730'><img loading=\"lazy\" decoding=\"async\" width=\"150\" height=\"150\" src=\"https:\/\/turysta2.pttk.pl\/wp-content\/uploads\/2022\/09\/1.-Rajd-\u201eWiosna-fot.-Dorota-Wiechowska-150x150.jpg\" class=\"attachment-thumbnail size-thumbnail\" alt=\"\" \/><\/a>\n\t\t\t<\/dt><\/dl><dl class='gallery-item'>\n\t\t\t<dt class='gallery-icon landscape'>\n\t\t\t\t<a href='https:\/\/turysta2.pttk.pl\/?attachment_id=27731'><img loading=\"lazy\" decoding=\"async\" width=\"150\" height=\"150\" src=\"https:\/\/turysta2.pttk.pl\/wp-content\/uploads\/2022\/09\/2.-Rajd-\u201eWiosna-fot.-Dorota-Wiechowska-150x150.jpg\" class=\"attachment-thumbnail size-thumbnail\" alt=\"\" \/><\/a>\n\t\t\t<\/dt><\/dl><dl class='gallery-item'>\n\t\t\t<dt class='gallery-icon landscape'>\n\t\t\t\t<a href='https:\/\/turysta2.pttk.pl\/?attachment_id=27732'><img loading=\"lazy\" decoding=\"async\" width=\"150\" height=\"150\" src=\"https:\/\/turysta2.pttk.pl\/wp-content\/uploads\/2022\/09\/3.-Szkolenie-dla-uczniow-fot.-Dorota-Wiechowska-150x150.jpg\" class=\"attachment-thumbnail size-thumbnail\" alt=\"\" \/><\/a>\n\t\t\t<\/dt><\/dl><br style=\"clear: both\" \/>\n\t\t<\/div>\n\n<p>Program turystyki od zawsze towarzyszy\u0142 planom wychowawczym i profilaktycznym, kt\u00f3re tworzyli nauczyciele i wychowawcy w Szkole Podstawowej nr 1 im. Adama Mickiewicza w Szczecinku. Plany te, ukierunkowane na rozw\u00f3j ucznia, uwzgl\u0119dniaj\u0105 kszta\u0142towanie zdrowego stylu \u017cycia oraz przywi\u0105zanie do w\u0142asnego regionu i kraju. A jak mo\u017cna lepiej realizowa\u0107 te cele, je\u015bli nie przez w\u0119drowanie, spacery edukacyjne i turystyk\u0119 szkoln\u0105?<\/p>\n<p>W latach 80. piecz\u0119 nad szkoln\u0105 turystyk\u0105 w SP1 sprawowa\u0142a nauczycielka geografii Danuta Cierpisz. Obok tradycyjnych klasowych wycieczek nad morze i w g\u00f3ry inspirowa\u0142a uczni\u00f3w i innych nauczycieli do wsp\u00f3lnego w\u0119drowania wraz z Wojskowym Ko\u0142em PTTK \u201eWiarusy\u201d, kt\u00f3rego dobrym duchem jest Bogdan Bereszy\u0144ski, prezes Wiarus\u00f3w. Pi\u0119kn\u0105 tradycj\u0119 poznawania najbli\u017cszej okolicy Szczecinka i Pomorza kontynuuj\u0105 uczniowie po dzi\u015b dzie\u0144. Najcz\u0119\u015bciej w wolnym od lekcji czasie, zwykle w niedziele, stawia si\u0119 ch\u0119tnie bra\u0107 uczniowska, by bez wzgl\u0119du na pogod\u0119 rozpocz\u0105\u0107 sezon turystyczny rajdem pieszym \u201eZima\u201d. Nast\u0119pnie w marcu i kwietniu m\u0142odzi w\u0119druj\u0105 okolicznymi lasami i polami w poszukiwaniu \u201eWiosny\u201d szlakiem le\u015bnych \u015bcie\u017cek. Jesienne rajdy to ukochany przez wszystkich pieczony ziemniak i rajd \u201eTrzesiecko\u201d. Rajdom pieszym towarzysz\u0105 te\u017c wyprawy rowerowe, zwykle na d\u0142u\u017cszych trasach, gdy uczestnicy, zmagaj\u0105c si\u0119 z w\u0142asnymi s\u0142abo\u015bciami, podziwiaj\u0105 malownicze krajobrazy okolic Szczecinka.<\/p>\n<p>Organizatorzy takich wypraw zawsze zapewniaj\u0105 uczestnikom s\u0142oneczn\u0105 pogod\u0119 oraz dodatkowe atrakcje: ka\u017cdy uczestnik otrzymuje pami\u0105tkowy znaczek rajdowy, map\u0119 lub ulotk\u0119 zwi\u0105zan\u0105 z tras\u0105 rajdu. Na mecie czeka ognisko, przy kt\u00f3rym mo\u017cna upiec pyszn\u0105 kie\u0142bask\u0119, wypi\u0107 gor\u0105c\u0105 herbat\u0119, za\u015bpiewa\u0107 piosenk\u0119, po\u015bmia\u0107 si\u0119 z kolegami. Du\u017cym zainteresowaniem dzieci ciesz\u0105 si\u0119 te\u017c konkursy i zabawy rekreacyjne. Prezes zawsze ma dla uczestnik\u00f3w ciekawe nagrody i dyplomy. Ogromnym zainteresowaniem w\u015br\u00f3d m\u0142odzie\u017cy cieszy si\u0119 zbieranie punkt\u00f3w na odznaki turystyczne. Wi\u0119kszo\u015b\u0107 uczestnik\u00f3w ma swoje ksi\u0105\u017ceczki turystyki pieszej, w kt\u00f3rych skrz\u0119tnie notuj\u0105 przebyte trasy i punkty za zwiedzane miasta.<\/p>\n<p>Ostatnio interesuj\u0105c\u0105 propozycj\u0105 okaza\u0142 si\u0119 by\u0107 organizowany przez \u201eWiarusy\u201d miejski projekt Szczecinecki Wagabunda 2021\u20132022. Pomimo ogranicze\u0144, kt\u00f3re narzuci\u0142y przepisy zwi\u0105zane z pandemi\u0105, uczniowie szczecineckich szk\u00f3\u0142 regularnie uczestnicz\u0105 w rajdach i spotkaniach przewidzianych harmonogramem programu. Ka\u017cdy uczestnik za udzia\u0142<br \/>\nw turystycznej imprezie zbiera punkty, kt\u00f3re p\u00f3\u017aniej prze\u0142o\u017c\u0105 si\u0119 na klasyfikacj\u0119 og\u00f3ln\u0105 szk\u00f3\u0142, a w efekcie wy\u0142oni\u0105 zwyci\u0119sk\u0105 turystyczn\u0105 plac\u00f3wk\u0119.<\/p>\n<p>Organizatorzy zaproponowali uczniom wiele ciekawych propozycji do realizacji. Opr\u00f3cz r\u00f3\u017cnorodnych tras na terenie miasta i gry terenowej \u201eMajowi w\u0142\u00f3czykije\u201d zadbano r\u00f3wnie\u017c o kszta\u0142towanie umiej\u0119tno\u015bci relacjonowania udzia\u0142u w turystycznych wyprawach \u2013 og\u0142oszono konkurs \u201eKosza\u0142ek Opa\u0142ek\u201d, gdzie zadaniem jest napisanie sprawozdania, kt\u00f3re nale\u017cy przes\u0142a\u0107 do lokalnych medi\u00f3w.<\/p>\n<p>Bardzo wa\u017cnym i potrzebnym elementem tego programu jest zadbanie o zdrowie i bezpiecze\u0144stwo uczestnik\u00f3w. W czasie ferii zimowych Wojciech Knapik przeprowadzi\u0142 dla uczni\u00f3w szkolenie w zakresie pierwszej pomocy przedmedycznej z \u0107wiczeniami praktycznymi zako\u0144czone egzaminem teoretycznym. Uczniowie otrzymali te\u017c specjalne certyfikaty oraz apteczki pierwszej pomocy. Zaplanowano r\u00f3wnie\u017c szkolenie \u201eCo warto wiedzie\u0107 nim wyruszysz rowerem na szlaki turystyczne\u201d. Na koniec projektu w czerwcu 2022 roku ch\u0119tni uczniowie b\u0119d\u0105 mogli przyst\u0105pi\u0107 do egzaminu\u00a0 o uzyskanie tytu\u0142u Szczecineckiego M\u0142odzie\u017cowego Przewodnika PTTK.<\/p>\n<p>W Szczecinku sezon turystyczny trwa nieprzerwanie od wielu lat. B\u0119dzie trwa\u0107, p\u00f3ki s\u0105 ludzie, kt\u00f3rzy stanowi\u0105 inspiracj\u0119 dla m\u0142odzie\u017cy, p\u00f3ki potrafi\u0105 ich porwa\u0107 i pokaza\u0107, jak du\u017co pi\u0119kna jest ca\u0142kiem niedaleko, tu\u017c za rogiem.<\/p>\n<p>&nbsp;<\/p>\n<p>&nbsp;<\/p>\n<p><strong>Tekst i zdj\u0119cia: Dorota Wiechowska<\/strong><\/p>\n<p>&nbsp;<\/p>\n<p>&nbsp;<\/p>\n","protected":false},"excerpt":{"rendered":"\u00a0 Szko\u0142a z turystyk\u0105 \u201ena ty\u201d Program turystyki od zawsze towarzyszy\u0142 planom wychowawczym i profilaktycznym, kt\u00f3re tworzyli nauczyciele i wychowawcy w Szkole Podstawowej nr 1 im. Adama Mickiewicza w Szczecinku. Plany te, ukierunkowane na rozw\u00f3j ucznia, uwzgl\u0119dniaj\u0105 kszta\u0142towanie zdrowego stylu \u017cycia oraz przywi\u0105zanie do w\u0142asnego regionu i kraju. A jak mo\u017cna lepiej realizowa\u0107 te cele, je\u015bli nie przez w\u0119drowanie, spacery&nbsp;<a href=\"https:\/\/turysta2.pttk.pl\/?p=27729\" class=\"read-more\">Continue Reading<\/a>","protected":false},"author":4,"featured_media":27731,"comment_status":"closed","ping_status":"closed","sticky":false,"template":"","format":"standard","meta":{"footnotes":""},"categories":[73,41],"tags":[],"class_list":["post-27729","post","type-post","status-publish","format-standard","has-post-thumbnail","hentry","category-turystyka-srodowiskowa","category-turystyka-pttk","cat-73-id","cat-41-id"],"aioseo_notices":[],"_links":{"self":[{"href":"https:\/\/turysta2.pttk.pl\/index.php?rest_route=\/wp\/v2\/posts\/27729","targetHints":{"allow":["GET"]}}],"collection":[{"href":"https:\/\/turysta2.pttk.pl\/index.php?rest_route=\/wp\/v2\/posts"}],"about":[{"href":"https:\/\/turysta2.pttk.pl\/index.php?rest_route=\/wp\/v2\/types\/post"}],"author":[{"embeddable":true,"href":"https:\/\/turysta2.pttk.pl\/index.php?rest_route=\/wp\/v2\/users\/4"}],"replies":[{"embeddable":true,"href":"https:\/\/turysta2.pttk.pl\/index.php?rest_route=%2Fwp%2Fv2%2Fcomments&post=27729"}],"version-history":[{"count":1,"href":"https:\/\/turysta2.pttk.pl\/index.php?rest_route=\/wp\/v2\/posts\/27729\/revisions"}],"predecessor-version":[{"id":27733,"href":"https:\/\/turysta2.pttk.pl\/index.php?rest_route=\/wp\/v2\/posts\/27729\/revisions\/27733"}],"wp:featuredmedia":[{"embeddable":true,"href":"https:\/\/turysta2.pttk.pl\/index.php?rest_route=\/wp\/v2\/media\/27731"}],"wp:attachment":[{"href":"https:\/\/turysta2.pttk.pl\/index.php?rest_route=%2Fwp%2Fv2%2Fmedia&parent=27729"}],"wp:term":[{"taxonomy":"category","embeddable":true,"href":"https:\/\/turysta2.pttk.pl\/index.php?rest_route=%2Fwp%2Fv2%2Fcategories&post=27729"},{"taxonomy":"post_tag","embeddable":true,"href":"https:\/\/turysta2.pttk.pl\/index.php?rest_route=%2Fwp%2Fv2%2Ftags&post=27729"}],"curies":[{"name":"wp","href":"https:\/\/api.w.org\/{rel}","templated":true}]}}