{"id":27716,"date":"2022-09-17T17:42:45","date_gmt":"2022-09-17T15:42:45","guid":{"rendered":"https:\/\/turysta2.pttk.pl\/?p=27716"},"modified":"2023-03-27T11:37:01","modified_gmt":"2023-03-27T09:37:01","slug":"a-nam-sie-nadal-chce","status":"publish","type":"post","link":"https:\/\/turysta2.pttk.pl\/?p=27716","title":{"rendered":"A nam si\u0119 nadal chce"},"content":{"rendered":"<p><strong>\u00a0<\/strong><\/p>\n<p><strong>A nam chce si\u0119 jeszcze dzia\u0142a\u0107, bo\u2026<\/strong><\/p>\n<p><a href=\"https:\/\/turysta2.pttk.pl\/wp-content\/uploads\/2022\/09\/1.-fot.-Ryszard-Kieruj.jpg\"><img loading=\"lazy\" decoding=\"async\" class=\"alignnone size-medium wp-image-27718\" src=\"https:\/\/turysta2.pttk.pl\/wp-content\/uploads\/2022\/09\/1.-fot.-Ryszard-Kieruj-300x185.jpg\" alt=\"\" width=\"300\" height=\"185\" srcset=\"https:\/\/turysta2.pttk.pl\/wp-content\/uploads\/2022\/09\/1.-fot.-Ryszard-Kieruj-300x185.jpg 300w, https:\/\/turysta2.pttk.pl\/wp-content\/uploads\/2022\/09\/1.-fot.-Ryszard-Kieruj-1024x632.jpg 1024w, https:\/\/turysta2.pttk.pl\/wp-content\/uploads\/2022\/09\/1.-fot.-Ryszard-Kieruj-768x474.jpg 768w, https:\/\/turysta2.pttk.pl\/wp-content\/uploads\/2022\/09\/1.-fot.-Ryszard-Kieruj.jpg 1284w\" sizes=\"auto, (max-width: 300px) 100vw, 300px\" \/><\/a><\/p>\n<p>Mijaj\u0105 dni, miesi\u0105ce, lata, a my nadal aktywnie sprawujemy swoj\u0105 spo\u0142eczn\u0105 pos\u0142ug\u0119. Jesieni\u0105 ubieg\u0142ego roku w szczecineckim kole PTTK \u201eWiarusy\u201d rozpocz\u0119li\u015bmy ju\u017c 52. rok aktywno\u015bci turystycznej i krajoznawczej. Ile przez ten okres przewin\u0119\u0142o si\u0119 przez nasze imprezy os\u00f3b, ile kilometr\u00f3w pokonano pieszo, rowerami czy kajakami? Te liczby to ju\u017c tysi\u0105ce i mog\u0105 niekiedy szokowa\u0107. Co roku w kalendarzu pracy ko\u0142a przedstawiamy propozycje udzia\u0142u w blisko 30 przedsi\u0119wzi\u0119ciach turystycznych. Pomimo \u017ce nie jeste\u015bmy ju\u017c m\u0142odzi wiekiem i coraz cz\u0119\u015bciej dopadaj\u0105 nas r\u00f3\u017cne dolegliwo\u015bci, nadal pozostajemy m\u0142odzi duchem i zawsze czuwamy na turystycznym posterunku. Nie bacz\u0105c na to, \u017ce zarz\u0105d ko\u0142a liczy \u0142\u0105cznie 355 lat, a \u015brednia wieku jego cz\u0142onk\u00f3w jest wysoka, nigdy nie zapominali\u015bmy o imprezach adresowanych do dzieci<br \/>\ni m\u0142odzie\u017cy. Przez ponad pi\u0119\u0107 dekad dzia\u0142alno\u015bci, w wi\u0119kszo\u015bci pod kierownictwem prezesa Bogus\u0142awa Bereszy\u0144skiego, zorganizowali\u015bmy dla nich szereg atrakcyjnych rajd\u00f3w pieszych<br \/>\ni rowerowych, z\u0142az\u00f3w ekologicznych czy szk\u00f3\u0142ek kajakowych i kolonii turystycznych. Te imprezy ukazywa\u0142y pi\u0119kno naszego miasta, regionu, kraju i zach\u0119ca\u0142y do aktywnego wypoczynku w symbiozie z natur\u0105.<\/p>\n<p>Pocieszaj\u0105cy mo\u017ce by\u0107 fakt wst\u0119powania do ko\u0142a os\u00f3b m\u0142odych, kt\u00f3re w przysz\u0142o\u015bci mog\u0105 zast\u0105pi\u0107 we w\u0142adzach \u201eweteran\u00f3w turystyki\u201d. Obecnie najm\u0142odszymi cz\u0142onkiniami aktywnie uczestnicz\u0105cymi w \u017cyciu ko\u0142a s\u0105 Zuzanna i Martyna Jurczy\u0144skie, siostry bli\u017aniaczki, kt\u00f3re pomimo m\u0142odego wieku (15 lat) posiadaj\u0105 ju\u017c 7-letni sta\u017c cz\u0142onkowski w PTTK. O ich zaanga\u017cowaniu mo\u017ce \u015bwiadczy\u0107 uko\u0144czenie w grudniu 2021 roku szkolenia pierwszej pomocy. W bie\u017c\u0105cym roku dzia\u0142alno\u015bci, kt\u00f3rego has\u0142o brzmi: Turystyka\u2013Bezpiecze\u0144stwo\u2013Wypoczynek, wzmocni\u0105 one zabezpieczenie medyczne organizowanych imprez.<\/p>\n<p>Przez lata dzia\u0142ania ko\u0142a wi\u0119kszo\u015b\u0107 prze\u0142o\u017conych w wojsku, jak i w\u0142adze miasta, powiatu i wojew\u00f3dztwa popiera\u0142y dzia\u0142ania \u201epetetekowc\u00f3w\u201d i w ramach swoich mo\u017cliwo\u015bci wspiera\u0142y je materialnie. Dzi\u0119ki tej pomocy mo\u017cliwe by\u0142o organizowanie ciekawych form dla m\u0142odych adept\u00f3w turystyki. Du\u017c\u0105 zas\u0142ug\u0119 w popularyzacji turystyki w szko\u0142ach mieli nauczyciele. Takie osoby jak Danuta Cierpisz, Dorota Wiechowska, Bo\u017cena Binkiewicz, Ma\u0142gorzata Grondys, Mariola Jasi\u0144ska czy Roman Miazga na trwa\u0142e zapisa\u0142y si\u0119 w kronice ko\u0142a i w pami\u0119ci uczni\u00f3w, kt\u00f3rzy dzi\u0119ki nim zg\u0142\u0119biali tajniki turystyki i krajoznawstwa. Dzi\u0119ki ich spo\u0142ecznej dzia\u0142alno\u015bci i zaanga\u017cowaniu w sztandarowych imprezach naszego ko\u0142a uczestniczy\u0142a rzesza m\u0142odzie\u017cy ze szk\u00f3\u0142 r\u00f3\u017cnych szczebli ze Szczecinka, Pars\u0119cka czy Grzmi\u0105cej. Uczniowie ze szk\u00f3\u0142 podstawowych nr 1 i nr 6 ze Szczecinka i szko\u0142y w Pars\u0119cku systematycznie brali i bior\u0105 udzia\u0142 w naszych imprezach. Dlatego \u2013 jak powiedzia\u0142by klasyk \u2013 \u201enadejsz\u0142a uroczysta chwi\u0142a\u201d, by po 15 latach przerwy reaktywowa\u0107 aktywizuj\u0105c\u0105 form\u0119 turystyczn\u0105 adresowan\u0105 do m\u0142odzie\u017cy szkolnej.<\/p>\n<p>We wrze\u015bniu ubieg\u0142ego roku, po obj\u0119ciu patronatem przez Burmistrza Szczecinka, ruszy\u0142a<br \/>\nI miejska edycja konkursu turystycznego \u201eSzczecinecki Wagabunda\u201d, kt\u00f3rego pierwowzorem by\u0142 konkurs sprzed 20 lat autorstwa Tomasza Czuka, \u00f3wczesnego pracownika starostwa szczecineckiego. Aktualnie w trudnym pandemicznie czasie zg\u0142oszone grupy m\u0142odzie\u017cowe uczestnicz\u0105 w projekcie pod has\u0142em \u201ePoznaj Sw\u00f3j Kraj \u2013 Szczecinek \u2013 Nasza Ma\u0142a Ojczyzna\u201d, poznaj\u0105 miasto, jego histori\u0119, zabytki, pomniki i ciekawostki turystyczne. Wykonuj\u0105 te\u017c r\u00f3\u017cne zadania z zakresu wiedzy historycznej, obywatelskiej, ekologicznej i umiej\u0119tno\u015bci udzielania pierwszej pomocy przedmedycznej. Ch\u0119tni uczniowie maj\u0105 r\u00f3wnie\u017c szans\u0119 ubiegania si\u0119 o miano \u201eSzczecineckiego M\u0142odzie\u017cowego Przewodnika PTTK\u201d. Cz\u0142onkowie zarz\u0105du ko\u0142a uwa\u017caj\u0105, \u017ce poza celem poznawczym projekt jest te\u017c doskona\u0142\u0105 okazj\u0105 do pokazania m\u0142odzie\u017cy mo\u017cliwo\u015bci wypoczynku i regeneracji si\u0142 w kontakcie z natur\u0105. Zako\u0144czenie tej edycji projektu \u201eSzczecinecki Wagabunda\u201d zaplanowano na 27 wrze\u015bnia 2022 roku,\u00a0 podczas obchod\u00f3w \u015awiatowego Dnia Turystyki. Zarz\u0105d ko\u0142a w kolejnych latach zamierza kontynuowa\u0107 wsp\u00f3\u0142zawodnictw turystyczne szk\u00f3\u0142. Druga miejska edycja \u201eSzlakiem las\u00f3w i jezior\u201d dotyczy\u0107 b\u0119dzie turystyki rowerowej<br \/>\ni kajakowej.<\/p>\n<p>Dzia\u0142aj\u0105c spo\u0142ecznie w turystyce, bardzo cz\u0119sto jako aktyw spotykamy si\u0119 ze stwierdzeniami typu: <em>\u017ce wam si\u0119 jeszcze chce<\/em> lub z pytaniem: <em>a co wy z tego macie?<\/em> Nasza odpowied\u017a brzmi zawsze: <em>nam chce si\u0119 jeszcze dzia\u0142a\u0107, bo jak nie my, to kto w skomercjalizowanym \u015bwiecie poka\u017ce m\u0142odzie\u017cy pi\u0119kno natury, tak cz\u0119sto niszczonej przez cz\u0142owieka, zapozna z histori\u0105 i tera\u017aniejszo\u015bci\u0105 ich ma\u0142ej ojczyzny?<\/em> A na to drugie pytanie jako altrui\u015bci odpowiadamy: <em>se7<\/em>.<\/p>\n<p>Na podsumowanie tematu pasuje cytat z aktu fundacyjnego Akademii Zamojskiej z roku 1600: <em>Takie b\u0119d\u0105 Rzeczypospolite, jakie ich m\u0142odzie\u017cy chowanie<\/em>. Ten zapis mo\u017ce jest i wiekowy, ale aktualny dzisiaj. Nie zapominajmy o tym i pom\u00f3\u017cmy m\u0142odemu pokoleniu poznawa\u0107 i zrozumie\u0107 otaczaj\u0105cy ich \u015bwiat.<\/p>\n<p>W czerwcu tego roku ust\u0119puj\u0105cy zarz\u0105d, po up\u0142ywie przed\u0142u\u017conej przez pandemi\u0119 kadencji, podda si\u0119 ocenie cz\u0142onk\u00f3w, kt\u00f3rzy wybior\u0105 na kolejne lata nowe w\u0142adze. Zarz\u0105d ko\u0142a sk\u0142ada serdeczne podzi\u0119kowania swoim cz\u0142onkom za minione lata wsp\u00f3lnej pracy. Kieruje r\u00f3wnie\u017c wyrazy wdzi\u0119czno\u015bci dla wszystkich instytucji, organizacji oraz os\u00f3b prywatnych wspieraj\u0105cych spo\u0142eczn\u0105 dzia\u0142alno\u015b\u0107 na niwie turystyki i krajoznawstwa.<\/p>\n<p>Tekst: Wojciech Jerzy Knapik<\/p>\n<p>Zdj\u0119cia: Ryszard Kieruj<\/p>\n<p>&nbsp;<\/p>\n","protected":false},"excerpt":{"rendered":"\u00a0 A nam chce si\u0119 jeszcze dzia\u0142a\u0107, bo\u2026 Mijaj\u0105 dni, miesi\u0105ce, lata, a my nadal aktywnie sprawujemy swoj\u0105 spo\u0142eczn\u0105 pos\u0142ug\u0119. Jesieni\u0105 ubieg\u0142ego roku w szczecineckim kole PTTK \u201eWiarusy\u201d rozpocz\u0119li\u015bmy ju\u017c 52. rok aktywno\u015bci turystycznej i krajoznawczej. Ile przez ten okres przewin\u0119\u0142o si\u0119 przez nasze imprezy os\u00f3b, ile kilometr\u00f3w pokonano pieszo, rowerami czy kajakami? Te liczby to ju\u017c tysi\u0105ce i mog\u0105&nbsp;<a href=\"https:\/\/turysta2.pttk.pl\/?p=27716\" class=\"read-more\">Continue Reading<\/a>","protected":false},"author":4,"featured_media":27718,"comment_status":"closed","ping_status":"closed","sticky":false,"template":"","format":"standard","meta":{"footnotes":""},"categories":[73,41],"tags":[],"class_list":["post-27716","post","type-post","status-publish","format-standard","has-post-thumbnail","hentry","category-turystyka-srodowiskowa","category-turystyka-pttk","cat-73-id","cat-41-id"],"aioseo_notices":[],"_links":{"self":[{"href":"https:\/\/turysta2.pttk.pl\/index.php?rest_route=\/wp\/v2\/posts\/27716","targetHints":{"allow":["GET"]}}],"collection":[{"href":"https:\/\/turysta2.pttk.pl\/index.php?rest_route=\/wp\/v2\/posts"}],"about":[{"href":"https:\/\/turysta2.pttk.pl\/index.php?rest_route=\/wp\/v2\/types\/post"}],"author":[{"embeddable":true,"href":"https:\/\/turysta2.pttk.pl\/index.php?rest_route=\/wp\/v2\/users\/4"}],"replies":[{"embeddable":true,"href":"https:\/\/turysta2.pttk.pl\/index.php?rest_route=%2Fwp%2Fv2%2Fcomments&post=27716"}],"version-history":[{"count":1,"href":"https:\/\/turysta2.pttk.pl\/index.php?rest_route=\/wp\/v2\/posts\/27716\/revisions"}],"predecessor-version":[{"id":27719,"href":"https:\/\/turysta2.pttk.pl\/index.php?rest_route=\/wp\/v2\/posts\/27716\/revisions\/27719"}],"wp:featuredmedia":[{"embeddable":true,"href":"https:\/\/turysta2.pttk.pl\/index.php?rest_route=\/wp\/v2\/media\/27718"}],"wp:attachment":[{"href":"https:\/\/turysta2.pttk.pl\/index.php?rest_route=%2Fwp%2Fv2%2Fmedia&parent=27716"}],"wp:term":[{"taxonomy":"category","embeddable":true,"href":"https:\/\/turysta2.pttk.pl\/index.php?rest_route=%2Fwp%2Fv2%2Fcategories&post=27716"},{"taxonomy":"post_tag","embeddable":true,"href":"https:\/\/turysta2.pttk.pl\/index.php?rest_route=%2Fwp%2Fv2%2Ftags&post=27716"}],"curies":[{"name":"wp","href":"https:\/\/api.w.org\/{rel}","templated":true}]}}