{"id":27713,"date":"2022-09-17T17:41:06","date_gmt":"2022-09-17T15:41:06","guid":{"rendered":"https:\/\/turysta2.pttk.pl\/?p=27713"},"modified":"2023-03-27T11:37:01","modified_gmt":"2023-03-27T09:37:01","slug":"25-lat-spotkan-ze-sztuka-teatralna","status":"publish","type":"post","link":"https:\/\/turysta2.pttk.pl\/?p=27713","title":{"rendered":"25 lat spotka\u0144 ze sztuk\u0105 teatraln\u0105"},"content":{"rendered":"<p>25 lat spotka\u0144 ze sztuk\u0105 teatraln\u0105<\/p>\n<p><a href=\"https:\/\/turysta2.pttk.pl\/wp-content\/uploads\/2022\/09\/70W.jpg\"><img loading=\"lazy\" decoding=\"async\" class=\"alignnone size-medium wp-image-27714\" src=\"https:\/\/turysta2.pttk.pl\/wp-content\/uploads\/2022\/09\/70W-300x300.jpg\" alt=\"\" width=\"300\" height=\"300\" srcset=\"https:\/\/turysta2.pttk.pl\/wp-content\/uploads\/2022\/09\/70W-300x300.jpg 300w, https:\/\/turysta2.pttk.pl\/wp-content\/uploads\/2022\/09\/70W-150x150.jpg 150w, https:\/\/turysta2.pttk.pl\/wp-content\/uploads\/2022\/09\/70W.jpg 378w\" sizes=\"auto, (max-width: 300px) 100vw, 300px\" \/><\/a><\/p>\n<p>Wsp\u00f3\u0142praca \u017carnowskiego Oddzia\u0142u Polskiego Towarzystwa Turystyczno-Krajoznawczego z \u0142\u00f3dzkimi teatrami trwa ju\u017c 25 lat. Pierwsza 40-osobowa grupa przyjecha\u0142a do Teatru Wielkiego w \u0141odzi w lutym 1997 roku, aby uczestniczy\u0107 w spektaklu <em>Krakowiacy i g\u00f3rale<\/em>. W ka\u017cdym kolejnym roku organizowali\u015bmy \u015brednio 3\u20135 wycieczek do teatru, \u0142\u0105cznie odby\u0142o si\u0119 ich ju\u017c 95. W 2014 roku z okazji 70. wyjazdu do teatru Oddzia\u0142 PTTK w \u017barnowie wr\u0119czy\u0142 wszystkim uczestnikom pami\u0105tkowe odznaki. Teraz czekamy na 100. wyjazd, kt\u00f3ry prawdopodobnie nast\u0105pi w 2023 roku.<\/p>\n<p>Ostatni zrealizowany pobyt w Teatrze Wielkim mia\u0142 miejsce 4 marca 2022 roku, kiedy 46 widz\u00f3w uda\u0142o si\u0119 na spektakl <em>Va, Pensiero \u2013 najpi\u0119kniejsze ch\u00f3ry \u015bwiata<\/em>. Solidaryzuj\u0105c si\u0119 z walcz\u0105c\u0105 Ukrain\u0105, spektakl rozpocz\u0119to hymnem Ukrainy w wykonaniu teatralnego ch\u00f3ru. Pod koniec wyst\u0119pu na scenie pojawi\u0142y si\u0119 dwie flagi: Polski i Ukrainy. Du\u017c\u0105 atrakcj\u0105 opr\u00f3cz szeregu arii ze znanych \u015bwiatowych oper by\u0142 dynamicznie wykonany przez zesp\u00f3\u0142 baletowy Teatru Wielkiego w \u0141odzi mazur ze <em>Strasznego Dworu<\/em>.<\/p>\n<p>Tak jak po ka\u017cdym pobycie w teatrze, r\u00f3wnie\u017c i tym razem w drodze powrotnej do \u017barnowa wr\u0119czone zosta\u0142y odznaki \u201eMi\u0142o\u015bnika Teatru\u201d. Otrzymali je: Andrzej Sabaturski \u2013 odznak\u0119 I stopnia, Jolanta Banaszczyk i Krystyna Nawrocka \u2013 II stopnia oraz Anna Chrab\u0105szcz \u2013 III stopnia. Odznaki zosta\u0142y wprowadzone z inicjatywy Zarz\u0105du Oddzia\u0142u PTTK w \u017barnowie i wr\u0119czane s\u0105 od 2011 roku za 5, 12 lub 30 wyjazd\u00f3w na spektakle teatralne. Najwi\u0119cej spektakli obejrzeli\u015bmy w Teatrze Wielkim, ale widzieli\u015bmy r\u00f3wnie\u017c sze\u015b\u0107 wyst\u0119p\u00f3w w \u0141\u00f3dzkim Teatrze Piosenki, musical w Teatrze Muzycznym w \u0141odzi i jeden wyst\u0119p w \u0141\u00f3dzkiej Filharmonii im. Rubinsteina.<\/p>\n<p>W ci\u0105gu tych 25 lat wsp\u00f3\u0142pracy z \u0142\u00f3dzkimi plac\u00f3wkami kultury nasi tury\u015bci obejrzeli wiele oper, operetek, sztuk baletowych oraz musicali znanych kompozytor\u00f3w i tw\u00f3rc\u00f3w \u015bwiatowej kultury. Warto podkre\u015bli\u0107, \u017ce statystycznie w ci\u0105gu 25 lat z wycieczek do teatr\u00f3w \u0142\u00f3dzkich skorzysta\u0142o 5108 os\u00f3b. Wr\u0119czono 211 odznak \u201eMi\u0142o\u015bnika Teatru\u201d \u2013 I stopnia, 57 odznak \u2013 II stopnia i 8 \u2013 III stopnia. Wkr\u00f3tce, bo ju\u017c 22 kwietnia br., organizujemy 96 wyjazd na oper\u0119 <em>Aida<\/em> Giuseppe Verdiego.<\/p>\n<p>W\u0142odzimierz Szafi\u0144ski<\/p>\n","protected":false},"excerpt":{"rendered":"25 lat spotka\u0144 ze sztuk\u0105 teatraln\u0105 Wsp\u00f3\u0142praca \u017carnowskiego Oddzia\u0142u Polskiego Towarzystwa Turystyczno-Krajoznawczego z \u0142\u00f3dzkimi teatrami trwa ju\u017c 25 lat. Pierwsza 40-osobowa grupa przyjecha\u0142a do Teatru Wielkiego w \u0141odzi w lutym 1997 roku, aby uczestniczy\u0107 w spektaklu Krakowiacy i g\u00f3rale. W ka\u017cdym kolejnym roku organizowali\u015bmy \u015brednio 3\u20135 wycieczek do teatru, \u0142\u0105cznie odby\u0142o si\u0119 ich ju\u017c 95. W 2014 roku z okazji&nbsp;<a href=\"https:\/\/turysta2.pttk.pl\/?p=27713\" class=\"read-more\">Continue Reading<\/a>","protected":false},"author":4,"featured_media":27714,"comment_status":"closed","ping_status":"closed","sticky":false,"template":"","format":"standard","meta":{"footnotes":""},"categories":[73,41],"tags":[],"class_list":["post-27713","post","type-post","status-publish","format-standard","has-post-thumbnail","hentry","category-turystyka-srodowiskowa","category-turystyka-pttk","cat-73-id","cat-41-id"],"aioseo_notices":[],"_links":{"self":[{"href":"https:\/\/turysta2.pttk.pl\/index.php?rest_route=\/wp\/v2\/posts\/27713","targetHints":{"allow":["GET"]}}],"collection":[{"href":"https:\/\/turysta2.pttk.pl\/index.php?rest_route=\/wp\/v2\/posts"}],"about":[{"href":"https:\/\/turysta2.pttk.pl\/index.php?rest_route=\/wp\/v2\/types\/post"}],"author":[{"embeddable":true,"href":"https:\/\/turysta2.pttk.pl\/index.php?rest_route=\/wp\/v2\/users\/4"}],"replies":[{"embeddable":true,"href":"https:\/\/turysta2.pttk.pl\/index.php?rest_route=%2Fwp%2Fv2%2Fcomments&post=27713"}],"version-history":[{"count":1,"href":"https:\/\/turysta2.pttk.pl\/index.php?rest_route=\/wp\/v2\/posts\/27713\/revisions"}],"predecessor-version":[{"id":27715,"href":"https:\/\/turysta2.pttk.pl\/index.php?rest_route=\/wp\/v2\/posts\/27713\/revisions\/27715"}],"wp:featuredmedia":[{"embeddable":true,"href":"https:\/\/turysta2.pttk.pl\/index.php?rest_route=\/wp\/v2\/media\/27714"}],"wp:attachment":[{"href":"https:\/\/turysta2.pttk.pl\/index.php?rest_route=%2Fwp%2Fv2%2Fmedia&parent=27713"}],"wp:term":[{"taxonomy":"category","embeddable":true,"href":"https:\/\/turysta2.pttk.pl\/index.php?rest_route=%2Fwp%2Fv2%2Fcategories&post=27713"},{"taxonomy":"post_tag","embeddable":true,"href":"https:\/\/turysta2.pttk.pl\/index.php?rest_route=%2Fwp%2Fv2%2Ftags&post=27713"}],"curies":[{"name":"wp","href":"https:\/\/api.w.org\/{rel}","templated":true}]}}