{"id":27686,"date":"2022-09-17T17:28:08","date_gmt":"2022-09-17T15:28:08","guid":{"rendered":"https:\/\/turysta2.pttk.pl\/?p=27686"},"modified":"2023-03-27T11:37:25","modified_gmt":"2023-03-27T09:37:25","slug":"przewodnik-czeka","status":"publish","type":"post","link":"https:\/\/turysta2.pttk.pl\/?p=27686","title":{"rendered":"Przewodnik czeka"},"content":{"rendered":"<p><strong>Przewodnik czeka<\/strong><\/p>\n<p><a href=\"https:\/\/turysta2.pttk.pl\/wp-content\/uploads\/2022\/09\/fot.-Aleks-Netsivka.jpg\"><img loading=\"lazy\" decoding=\"async\" class=\"alignnone size-medium wp-image-27687\" src=\"https:\/\/turysta2.pttk.pl\/wp-content\/uploads\/2022\/09\/fot.-Aleks-Netsivka-300x225.jpg\" alt=\"\" width=\"300\" height=\"225\" srcset=\"https:\/\/turysta2.pttk.pl\/wp-content\/uploads\/2022\/09\/fot.-Aleks-Netsivka-300x225.jpg 300w, https:\/\/turysta2.pttk.pl\/wp-content\/uploads\/2022\/09\/fot.-Aleks-Netsivka-1024x768.jpg 1024w, https:\/\/turysta2.pttk.pl\/wp-content\/uploads\/2022\/09\/fot.-Aleks-Netsivka-768x576.jpg 768w, https:\/\/turysta2.pttk.pl\/wp-content\/uploads\/2022\/09\/fot.-Aleks-Netsivka-1536x1152.jpg 1536w, https:\/\/turysta2.pttk.pl\/wp-content\/uploads\/2022\/09\/fot.-Aleks-Netsivka-200x150.jpg 200w, https:\/\/turysta2.pttk.pl\/wp-content\/uploads\/2022\/09\/fot.-Aleks-Netsivka.jpg 2048w\" sizes=\"auto, (max-width: 300px) 100vw, 300px\" \/><\/a><\/p>\n<p><strong>\u201ePrzewodnik czeka\u201d to cykl wycieczek skierowanych do mieszka\u0144c\u00f3w Olsztyna i ich go\u015bci. Odbywaj\u0105 si\u0119 one ju\u017c od 2007 roku. Po dwuletniej przerwie, spowodowanej przeci\u0105gaj\u0105c\u0105 si\u0119 epidemi\u0105, lokalni przewodnicy PTTK wracaj\u0105 do lubianej i popularnej tradycji sobotnich spacer\u00f3w, podczas kt\u00f3rych wyszukuj\u0105 nowe tematy, zagadnienia i niespodzianki dla ch\u0119tnych.<\/strong><\/p>\n<p>Has\u0142o b\u0119d\u0105ce nazw\u0105 wydarzenia ma swa tradycj\u0119 si\u0119gaj\u0105ca czas\u00f3w tu\u017c po II wojnie \u015bwiatowej. Miejscowi przewodnicy pokazywali miasto nowo przyby\u0142ym przesiedle\u0144com, a do udzia\u0142u w spacerach namawia\u0142a lokalna redakcja Polskiego Radia.<\/p>\n<p>Dalecy jeste\u015bmy od twierdzenia, \u017ce historia zatoczy\u0142a ko\u0142o, ale mamy teraz w polskich miastach nowych mieszka\u0144c\u00f3w, cho\u0107by i tymczasowych. Mo\u017ce warto opowiedzie\u0107 im o miejscach, w kt\u00f3rych przychodzi im sp\u0119dza\u0107 czas? Do takiego wniosku dosz\u0142a olszty\u0144ska przewodniczka pos\u0142uguj\u0105ca si\u0119 j\u0119zykiem rosyjskim i zaproponowa\u0142a wycieczk\u0119 dla go\u015bci z Ukrainy. Og\u0142oszenie o terminie i miejscu spotkania umieszczone zosta\u0142o w mediach spo\u0142eczno\u015bciowych oraz przekazane do o\u015brodk\u00f3w, w kt\u00f3rych przebywaj\u0105 ukrai\u0144skie rodziny. Tym samym po raz pierwszy w historii cyklu \u201ePrzewodnik Czeka\u201d wycieczka zosta\u0142a przeprowadzona w j\u0119zyku innym ni\u017c polski!<\/p>\n<p>Mimo i\u017c za ka\u017cdym razem na takie spacery po mie\u015bcie ch\u0119tni przychodz\u0105 spontanicznie, bez wcze\u015bniejszych zapis\u00f3w, przewodnicy maj\u0105 \u015bwiadomo\u015b\u0107, \u017ce s\u0105 one ju\u017c na tyle zakorzenione w \u015bwiadomo\u015bci mieszka\u0144c\u00f3w, \u017ce zawsze mo\u017cna liczy\u0107 na sta\u0142\u0105 ekip\u0119 fan\u00f3w historii i mi\u0142o\u015bnik\u00f3w miasta oraz na osoby zainteresowane konkretnym tematem wycieczki. Tym razem by\u0142o nieco inaczej \u2013 nie mieli\u015bmy poj\u0119cia, czy pomys\u0142 spodoba si\u0119 go\u015bciom, czy zechc\u0105 pojawi\u0107 si\u0119 spontanicznie w wyznaczonym miejscu, zw\u0142aszcza \u017ce termin przypad\u0142 na Wielk\u0105 Sobot\u0119 w obrz\u0105dku wschodnim\u2026<\/p>\n<p>Na szcz\u0119\u015bcie obawy okaza\u0142y si\u0119 p\u0142onne. 23 kwietnia pod Wysok\u0105 Bram\u0105 pojawi\u0142o si\u0119 ponad dwadzie\u015bcia os\u00f3b w r\u00f3\u017cnym wieku \u2013 g\u0142\u00f3wnie mam i bab\u0107 z dzie\u0107mi i wnukami Jak si\u0119 okaza\u0142o, go\u015bcie przybyli do Polski z bardzo r\u00f3\u017cnych region\u00f3w ogarni\u0119tej wojn\u0105 Ukrainy. Poniewa\u017c wycieczka by\u0142a wst\u0119pem do historii Olsztyna, jej trasa wiod\u0142a przez Stare Miasto i uwzgl\u0119dnia\u0142a najwa\u017cniejsze jego zabytki, jak Zamek Kapitu\u0142y Warmi\u0144skiej, Wysoka Brama, Stary Ratusz i Konkatedra p.w. \u015aw. Jakuba.<\/p>\n<p>Uczestnicy byli bardzo zaciekawieni opowie\u015bciami przewodniczki. Zadawali pytania, dodawali w\u0142asne komentarze i ju\u017c w trakcie spaceru dopytywali, czy b\u0119d\u0105 kolejne. W\u0119dr\u00f3wka trwa\u0142a blisko dwie godziny i zako\u0144czy\u0142a si\u0119 we wspania\u0142ej atmosferze u\u015bmiech\u00f3w, wymiany kontakt\u00f3w i sk\u0142adania wielkanocnych \u017cycze\u0144. Najm\u0142odsi otrzymali czekoladowe pisanki!<\/p>\n<p>Mamy nadziej\u0119, \u017ce podobnie jak Olsztyn odbudowano po zniszczeniach spowodowanych przez Armi\u0119 Czerwon\u0105, tak i miasta Ukrainy wkr\u00f3tce podnios\u0105 si\u0119 z gruz\u00f3w, a pobyt w Polsce i tego typu spotkania nasi ukrai\u0144scy przyjaciele b\u0119d\u0105 wspomina\u0107 z sympati\u0105.<\/p>\n<p>Tekst: Marta Kruk<\/p>\n<p>Zdj\u0119cia: Aleks Netsivka<\/p>\n<p>&nbsp;<\/p>\n","protected":false},"excerpt":{"rendered":"Przewodnik czeka \u201ePrzewodnik czeka\u201d to cykl wycieczek skierowanych do mieszka\u0144c\u00f3w Olsztyna i ich go\u015bci. Odbywaj\u0105 si\u0119 one ju\u017c od 2007 roku. Po dwuletniej przerwie, spowodowanej przeci\u0105gaj\u0105c\u0105 si\u0119 epidemi\u0105, lokalni przewodnicy PTTK wracaj\u0105 do lubianej i popularnej tradycji sobotnich spacer\u00f3w, podczas kt\u00f3rych wyszukuj\u0105 nowe tematy, zagadnienia i niespodzianki dla ch\u0119tnych. Has\u0142o b\u0119d\u0105ce nazw\u0105 wydarzenia ma swa tradycj\u0119 si\u0119gaj\u0105ca czas\u00f3w tu\u017c po&nbsp;<a href=\"https:\/\/turysta2.pttk.pl\/?p=27686\" class=\"read-more\">Continue Reading<\/a>","protected":false},"author":4,"featured_media":27687,"comment_status":"closed","ping_status":"closed","sticky":false,"template":"","format":"standard","meta":{"footnotes":""},"categories":[68,41],"tags":[],"class_list":["post-27686","post","type-post","status-publish","format-standard","has-post-thumbnail","hentry","category-turystyka-piesza","category-turystyka-pttk","cat-68-id","cat-41-id"],"aioseo_notices":[],"_links":{"self":[{"href":"https:\/\/turysta2.pttk.pl\/index.php?rest_route=\/wp\/v2\/posts\/27686","targetHints":{"allow":["GET"]}}],"collection":[{"href":"https:\/\/turysta2.pttk.pl\/index.php?rest_route=\/wp\/v2\/posts"}],"about":[{"href":"https:\/\/turysta2.pttk.pl\/index.php?rest_route=\/wp\/v2\/types\/post"}],"author":[{"embeddable":true,"href":"https:\/\/turysta2.pttk.pl\/index.php?rest_route=\/wp\/v2\/users\/4"}],"replies":[{"embeddable":true,"href":"https:\/\/turysta2.pttk.pl\/index.php?rest_route=%2Fwp%2Fv2%2Fcomments&post=27686"}],"version-history":[{"count":1,"href":"https:\/\/turysta2.pttk.pl\/index.php?rest_route=\/wp\/v2\/posts\/27686\/revisions"}],"predecessor-version":[{"id":27688,"href":"https:\/\/turysta2.pttk.pl\/index.php?rest_route=\/wp\/v2\/posts\/27686\/revisions\/27688"}],"wp:featuredmedia":[{"embeddable":true,"href":"https:\/\/turysta2.pttk.pl\/index.php?rest_route=\/wp\/v2\/media\/27687"}],"wp:attachment":[{"href":"https:\/\/turysta2.pttk.pl\/index.php?rest_route=%2Fwp%2Fv2%2Fmedia&parent=27686"}],"wp:term":[{"taxonomy":"category","embeddable":true,"href":"https:\/\/turysta2.pttk.pl\/index.php?rest_route=%2Fwp%2Fv2%2Fcategories&post=27686"},{"taxonomy":"post_tag","embeddable":true,"href":"https:\/\/turysta2.pttk.pl\/index.php?rest_route=%2Fwp%2Fv2%2Ftags&post=27686"}],"curies":[{"name":"wp","href":"https:\/\/api.w.org\/{rel}","templated":true}]}}