{"id":27677,"date":"2022-09-17T17:22:10","date_gmt":"2022-09-17T15:22:10","guid":{"rendered":"https:\/\/turysta2.pttk.pl\/?p=27677"},"modified":"2023-03-27T11:37:25","modified_gmt":"2023-03-27T09:37:25","slug":"z-przyjazni-i-o-przyjazni","status":"publish","type":"post","link":"https:\/\/turysta2.pttk.pl\/?p=27677","title":{"rendered":"Z przyja\u017ani i o przyja\u017ani"},"content":{"rendered":"<p><strong>Z przyja\u017ani i o przyja\u017ani<\/strong><\/p>\n<p>&nbsp;<\/p>\n<p><strong><em>Piotru\u015b i Karkonosz<\/em> to saga o przyja\u017ani. Wszystko zacz\u0119\u0142o si\u0119 4 lata temu, przed wakacjami, podczas spotkania w Karkonoskim Parku Narodowym. <\/strong><\/p>\n<p>Dziennikarz i zarz\u0105dzaj\u0105cy mediami spo\u0142eczno\u015bciowymi w KPN Piotr S\u0142owi\u0144ski o\u015bwiadczy\u0142, \u017ce sp\u0119dzi urlop nad Ba\u0142tykiem. W\u00f3wczas Barbara Wieniawska-Raj szybko narysowa\u0142a \u0142ys\u0105, wystaj\u0105c\u0105 z wody g\u0142ow\u0119 oraz fale sinic w ba\u0142tyckiej toni. To by\u0142 pierwszy historyczny obrazek z serii. Rysunek \u201ePiotru\u015b i sinice\u201d trafi\u0142 do sieci, gdzie wywo\u0142a\u0142 lawin\u0119 komentarzy i u\u015bmiech\u00f3w.<\/p>\n<p><em>Narysuj co\u015b jeszcze<\/em>, poprosi\u0142 Piotr, a Barbara, kt\u00f3ra mia\u0142a ochot\u0119 po\u0107wiczy\u0107 kresk\u0119, nie da\u0142a si\u0119 d\u0142ugo namawia\u0107. Tak powsta\u0142y kolejne morskie Piotrusie, a pierwszy karkonoski zosta\u0142 narysowany ju\u017c po powrocie Piotra w ukochane g\u00f3ry. Wkr\u00f3tce do Piotrusia do\u0142\u0105czy\u0142 Karkonosz. W\u00f3wczas by\u0142a to ju\u017c najprawdziwsza seria <em>Piotru\u015b i Karkonosz<\/em>. Bohaterowie poznawali si\u0119, k\u0142\u00f3cili, godzili, a wkr\u00f3tce zaprzyja\u017anili. Kontemplowali uroki najwy\u017cszych dolno\u015bl\u0105skich g\u00f3r, w\u0119drowali, pracowali, uczyli turyst\u00f3w poprawnych zachowa\u0144. Rysunki powstawa\u0142y jeden za drugim, nawi\u0105zywa\u0142y do p\u00f3r roku, aktualnych wydarze\u0144 czy dat z kalendarza, zawsze w odniesieniu do Karkonoszy. Za ka\u017cdym razem wywo\u0142ywa\u0142y u\u015bmiech.<\/p>\n<p>W ci\u0105gu dw\u00f3ch ostatnich sezon\u00f3w zimowych <em>Piotru\u015b i Karkonosz<\/em> w\u0142\u0105czyli si\u0119 tak\u017ce<br \/>\nw dzia\u0142ania Karkonoskiego Parku Narodowego w zakresie propagowania zasad bezpiecznego zachowania w g\u00f3rach. Jako twarze akcji trafili nawet do wroc\u0142awskiej i og\u00f3lnopolskiej telewizji.<\/p>\n<p>&nbsp;<\/p>\n<p>Tekst i zdj\u0119cia: Piotr S\u0142owi\u0144ski, Barbara Wieniawska-Raj<\/p>\n\n\t\t<style type=\"text\/css\">\n\t\t\t#gallery-1 {\n\t\t\t\tmargin: auto;\n\t\t\t}\n\t\t\t#gallery-1 .gallery-item {\n\t\t\t\tfloat: left;\n\t\t\t\tmargin-top: 10px;\n\t\t\t\ttext-align: center;\n\t\t\t\twidth: 33%;\n\t\t\t}\n\t\t\t#gallery-1 img {\n\t\t\t\tborder: 2px solid #cfcfcf;\n\t\t\t}\n\t\t\t#gallery-1 .gallery-caption {\n\t\t\t\tmargin-left: 0;\n\t\t\t}\n\t\t\t\/* see gallery_shortcode() in wp-includes\/media.php *\/\n\t\t<\/style>\n\t\t<div id='gallery-1' class='gallery galleryid-27677 gallery-columns-3 gallery-size-thumbnail'><dl class='gallery-item'>\n\t\t\t<dt class='gallery-icon landscape'>\n\t\t\t\t<a href='https:\/\/turysta2.pttk.pl\/?attachment_id=27678'><img loading=\"lazy\" decoding=\"async\" width=\"150\" height=\"150\" src=\"https:\/\/turysta2.pttk.pl\/wp-content\/uploads\/2022\/09\/1.-Piotrus-i-Karkonosz-rys.-Barbara-Wieniawska-Raj-150x150.jpg\" class=\"attachment-thumbnail size-thumbnail\" alt=\"\" \/><\/a>\n\t\t\t<\/dt><\/dl><dl class='gallery-item'>\n\t\t\t<dt class='gallery-icon landscape'>\n\t\t\t\t<a href='https:\/\/turysta2.pttk.pl\/?attachment_id=27679'><img loading=\"lazy\" decoding=\"async\" width=\"150\" height=\"150\" src=\"https:\/\/turysta2.pttk.pl\/wp-content\/uploads\/2022\/09\/Piotrus-i-Karkonosz-rys.-Barbara-Wieniawska-Raj-150x150.jpg\" class=\"attachment-thumbnail size-thumbnail\" alt=\"\" \/><\/a>\n\t\t\t<\/dt><\/dl><dl class='gallery-item'>\n\t\t\t<dt class='gallery-icon landscape'>\n\t\t\t\t<a href='https:\/\/turysta2.pttk.pl\/?attachment_id=27680'><img loading=\"lazy\" decoding=\"async\" width=\"150\" height=\"150\" src=\"https:\/\/turysta2.pttk.pl\/wp-content\/uploads\/2022\/09\/Sylwester-2021-rys.-Barbara-Wieniawska-Raj-150x150.jpg\" class=\"attachment-thumbnail size-thumbnail\" alt=\"\" \/><\/a>\n\t\t\t<\/dt><\/dl><br style=\"clear: both\" \/><dl class='gallery-item'>\n\t\t\t<dt class='gallery-icon landscape'>\n\t\t\t\t<a href='https:\/\/turysta2.pttk.pl\/?attachment_id=27681'><img loading=\"lazy\" decoding=\"async\" width=\"150\" height=\"150\" src=\"https:\/\/turysta2.pttk.pl\/wp-content\/uploads\/2022\/09\/Zima-2021.-Prawidlowy-ubior-rys.-Barbara-Wieniawska-Raj-150x150.jpg\" class=\"attachment-thumbnail size-thumbnail\" alt=\"\" \/><\/a>\n\t\t\t<\/dt><\/dl><dl class='gallery-item'>\n\t\t\t<dt class='gallery-icon landscape'>\n\t\t\t\t<a href='https:\/\/turysta2.pttk.pl\/?attachment_id=27682'><img loading=\"lazy\" decoding=\"async\" width=\"150\" height=\"150\" src=\"https:\/\/turysta2.pttk.pl\/wp-content\/uploads\/2022\/09\/Zima-2021.-Zakaz-zjazdow-na-sankach-rys.-Barbara-Wieniawska-Raj-150x150.jpg\" class=\"attachment-thumbnail size-thumbnail\" alt=\"\" \/><\/a>\n\t\t\t<\/dt><\/dl>\n\t\t\t<br style='clear: both' \/>\n\t\t<\/div>\n\n<p>&nbsp;<\/p>\n","protected":false},"excerpt":{"rendered":"Z przyja\u017ani i o przyja\u017ani &nbsp; Piotru\u015b i Karkonosz to saga o przyja\u017ani. Wszystko zacz\u0119\u0142o si\u0119 4 lata temu, przed wakacjami, podczas spotkania w Karkonoskim Parku Narodowym. Dziennikarz i zarz\u0105dzaj\u0105cy mediami spo\u0142eczno\u015bciowymi w KPN Piotr S\u0142owi\u0144ski o\u015bwiadczy\u0142, \u017ce sp\u0119dzi urlop nad Ba\u0142tykiem. W\u00f3wczas Barbara Wieniawska-Raj szybko narysowa\u0142a \u0142ys\u0105, wystaj\u0105c\u0105 z wody g\u0142ow\u0119 oraz fale sinic w ba\u0142tyckiej toni. To by\u0142&nbsp;<a href=\"https:\/\/turysta2.pttk.pl\/?p=27677\" class=\"read-more\">Continue Reading<\/a>","protected":false},"author":4,"featured_media":27678,"comment_status":"closed","ping_status":"closed","sticky":false,"template":"","format":"standard","meta":{"footnotes":""},"categories":[71,41],"tags":[],"class_list":["post-27677","post","type-post","status-publish","format-standard","has-post-thumbnail","hentry","category-turystyka-gorska","category-turystyka-pttk","cat-71-id","cat-41-id"],"aioseo_notices":[],"_links":{"self":[{"href":"https:\/\/turysta2.pttk.pl\/index.php?rest_route=\/wp\/v2\/posts\/27677","targetHints":{"allow":["GET"]}}],"collection":[{"href":"https:\/\/turysta2.pttk.pl\/index.php?rest_route=\/wp\/v2\/posts"}],"about":[{"href":"https:\/\/turysta2.pttk.pl\/index.php?rest_route=\/wp\/v2\/types\/post"}],"author":[{"embeddable":true,"href":"https:\/\/turysta2.pttk.pl\/index.php?rest_route=\/wp\/v2\/users\/4"}],"replies":[{"embeddable":true,"href":"https:\/\/turysta2.pttk.pl\/index.php?rest_route=%2Fwp%2Fv2%2Fcomments&post=27677"}],"version-history":[{"count":1,"href":"https:\/\/turysta2.pttk.pl\/index.php?rest_route=\/wp\/v2\/posts\/27677\/revisions"}],"predecessor-version":[{"id":27683,"href":"https:\/\/turysta2.pttk.pl\/index.php?rest_route=\/wp\/v2\/posts\/27677\/revisions\/27683"}],"wp:featuredmedia":[{"embeddable":true,"href":"https:\/\/turysta2.pttk.pl\/index.php?rest_route=\/wp\/v2\/media\/27678"}],"wp:attachment":[{"href":"https:\/\/turysta2.pttk.pl\/index.php?rest_route=%2Fwp%2Fv2%2Fmedia&parent=27677"}],"wp:term":[{"taxonomy":"category","embeddable":true,"href":"https:\/\/turysta2.pttk.pl\/index.php?rest_route=%2Fwp%2Fv2%2Fcategories&post=27677"},{"taxonomy":"post_tag","embeddable":true,"href":"https:\/\/turysta2.pttk.pl\/index.php?rest_route=%2Fwp%2Fv2%2Ftags&post=27677"}],"curies":[{"name":"wp","href":"https:\/\/api.w.org\/{rel}","templated":true}]}}